{"id":8697,"date":"2024-09-26T16:46:49","date_gmt":"2024-09-26T14:46:49","guid":{"rendered":"https:\/\/saint-georges-sur-loire-patrimoine.fr\/?p=8697"},"modified":"2024-11-08T14:37:43","modified_gmt":"2024-11-08T13:37:43","slug":"emile-faugeron","status":"publish","type":"post","link":"https:\/\/saint-georges-sur-loire-patrimoine.fr\/index.php\/2024\/09\/26\/emile-faugeron\/","title":{"rendered":"Emile Faugeron"},"content":{"rendered":"\t\t<div data-elementor-type=\"wp-post\" data-elementor-id=\"8697\" class=\"elementor elementor-8697\" data-elementor-settings=\"{&quot;ha_cmc_init_switcher&quot;:&quot;no&quot;}\">\n\t\t\t\t<div class=\"elementor-element elementor-element-9f35156 e-flex e-con-boxed wpr-particle-no wpr-jarallax-no wpr-parallax-no wpr-sticky-section-no wpr-equal-height-no e-con e-parent\" data-id=\"9f35156\" data-element_type=\"container\" data-e-type=\"container\" data-settings=\"{&quot;_ha_eqh_enable&quot;:false}\">\n\t\t\t\t\t<div class=\"e-con-inner\">\n\t\t\t\t<div class=\"elementor-element elementor-element-f62d062 exad-sticky-section-no exad-glass-effect-no elementor-widget elementor-widget-spacer\" data-id=\"f62d062\" data-element_type=\"widget\" data-e-type=\"widget\" data-widget_type=\"spacer.default\">\n\t\t\t\t<div class=\"elementor-widget-container\">\n\t\t\t\t\t\t\t<div class=\"elementor-spacer\">\n\t\t\t<div class=\"elementor-spacer-inner\"><\/div>\n\t\t<\/div>\n\t\t\t\t\t\t<\/div>\n\t\t\t\t<\/div>\n\t\t\t\t\t<\/div>\n\t\t\t\t<\/div>\n\t\t<div class=\"elementor-element elementor-element-67a16ce e-flex e-con-boxed wpr-particle-no wpr-jarallax-no wpr-parallax-no wpr-sticky-section-no wpr-equal-height-no e-con e-parent\" data-id=\"67a16ce\" data-element_type=\"container\" data-e-type=\"container\" data-settings=\"{&quot;background_background&quot;:&quot;gradient&quot;,&quot;_ha_eqh_enable&quot;:false}\">\n\t\t\t\t\t<div class=\"e-con-inner\">\n\t\t\t\t<div class=\"elementor-element elementor-element-9ca163f exad-sticky-section-no exad-glass-effect-no elementor-widget elementor-widget-spacer\" data-id=\"9ca163f\" data-element_type=\"widget\" data-e-type=\"widget\" data-widget_type=\"spacer.default\">\n\t\t\t\t<div class=\"elementor-widget-container\">\n\t\t\t\t\t\t\t<div class=\"elementor-spacer\">\n\t\t\t<div class=\"elementor-spacer-inner\"><\/div>\n\t\t<\/div>\n\t\t\t\t\t\t<\/div>\n\t\t\t\t<\/div>\n\t\t\t\t<div class=\"elementor-element elementor-element-875e89b exad-sticky-section-no exad-glass-effect-no elementor-widget elementor-widget-heading\" data-id=\"875e89b\" data-element_type=\"widget\" data-e-type=\"widget\" data-widget_type=\"heading.default\">\n\t\t\t\t<div class=\"elementor-widget-container\">\n\t\t\t\t\t<h1 class=\"elementor-heading-title elementor-size-default\">Emile Faugeron <\/h1>\t\t\t\t<\/div>\n\t\t\t\t<\/div>\n\t\t\t\t<div class=\"elementor-element elementor-element-142a7e5 exad-sticky-section-no exad-glass-effect-no elementor-widget elementor-widget-heading\" data-id=\"142a7e5\" data-element_type=\"widget\" data-e-type=\"widget\" data-widget_type=\"heading.default\">\n\t\t\t\t<div class=\"elementor-widget-container\">\n\t\t\t\t\t<h2 class=\"elementor-heading-title elementor-size-default\">1829-1911<\/h2>\t\t\t\t<\/div>\n\t\t\t\t<\/div>\n\t\t\t\t<div class=\"elementor-element elementor-element-60b6ea7 exad-sticky-section-no exad-glass-effect-no elementor-widget elementor-widget-spacer\" data-id=\"60b6ea7\" data-element_type=\"widget\" data-e-type=\"widget\" data-widget_type=\"spacer.default\">\n\t\t\t\t<div class=\"elementor-widget-container\">\n\t\t\t\t\t\t\t<div class=\"elementor-spacer\">\n\t\t\t<div class=\"elementor-spacer-inner\"><\/div>\n\t\t<\/div>\n\t\t\t\t\t\t<\/div>\n\t\t\t\t<\/div>\n\t\t\t\t\t<\/div>\n\t\t\t\t<\/div>\n\t\t<div class=\"elementor-element elementor-element-ef2b2fb e-con-full e-flex wpr-particle-no wpr-jarallax-no wpr-parallax-no wpr-sticky-section-no wpr-equal-height-no e-con e-parent\" data-id=\"ef2b2fb\" data-element_type=\"container\" data-e-type=\"container\" data-settings=\"{&quot;background_background&quot;:&quot;classic&quot;,&quot;_ha_eqh_enable&quot;:false}\">\n\t\t<div class=\"elementor-element elementor-element-04e0526 e-con-full e-flex wpr-particle-no wpr-jarallax-no wpr-parallax-no wpr-sticky-section-no wpr-equal-height-no e-con e-child\" data-id=\"04e0526\" data-element_type=\"container\" data-e-type=\"container\" data-settings=\"{&quot;_ha_eqh_enable&quot;:false}\">\n\t\t\t\t<div class=\"elementor-element elementor-element-9b06984 elementor-widget__width-initial elementor-widget-tablet__width-initial exad-sticky-section-no exad-glass-effect-no elementor-widget elementor-widget-image\" data-id=\"9b06984\" data-element_type=\"widget\" data-e-type=\"widget\" data-widget_type=\"image.default\">\n\t\t\t\t<div class=\"elementor-widget-container\">\n\t\t\t\t\t\t\t\t\t\t\t\t\t\t\t<img decoding=\"async\" src=\"https:\/\/saint-georges-sur-loire-patrimoine.fr\/wp-content\/uploads\/2024\/06\/emile-fauderon.png\" title=\"emile faugeron\" alt=\"portrait d&#039;\u00e9mile faugeron\" loading=\"lazy\" \/>\t\t\t\t\t\t\t\t\t\t\t\t\t\t\t<\/div>\n\t\t\t\t<\/div>\n\t\t\t\t<\/div>\n\t\t<div class=\"elementor-element elementor-element-6816544 e-con-full e-flex wpr-particle-no wpr-jarallax-no wpr-parallax-no wpr-sticky-section-no wpr-equal-height-no e-con e-child\" data-id=\"6816544\" data-element_type=\"container\" data-e-type=\"container\" data-settings=\"{&quot;_ha_eqh_enable&quot;:false}\">\n\t\t\t\t<div class=\"elementor-element elementor-element-f9785ec exad-sticky-section-no exad-glass-effect-no elementor-widget elementor-widget-text-editor\" data-id=\"f9785ec\" data-element_type=\"widget\" data-e-type=\"widget\" data-widget_type=\"text-editor.default\">\n\t\t\t\t<div class=\"elementor-widget-container\">\n\t\t\t\t\t\t\t\t\t<p>Emile Faugeron est n\u00e9 le 24 mai 1829 \u00e0 Saint Georges sur Loire. Son p\u00e8re, Julien Faugeron, m\u00e9decin, meurt la m\u00eame ann\u00e9e. Emile Faugeron est \u00e9lev\u00e9 par sa m\u00e8re, Alix Lefebvre. Emile Faugeron entre en 1848 \u00e0 l\u2019Ecole Polytechnique. Sous-lieutenant \u00e9l\u00e8ve \u00e0 l\u2019Ecole d\u2019application de Metz, il est nomm\u00e9 en 1852, lieutenant au 3<sup>\u00e8me <\/sup>r\u00e9giment du g\u00e9nie \u00e0 Montpellier avant d\u2019\u00eatre bient\u00f4t d\u00e9tach\u00e9 en Alg\u00e9rie.<\/p><p>Durant la campagne d\u2019Italie, il est capitaine du corps d\u2019\u00e9lite du g\u00e9nie de la garde imp\u00e9riale. En 1859, les arm\u00e9es de l&rsquo;Empire fran\u00e7ais et du royaume de Sardaigne affrontent celles de l&#8217;empire d&rsquo;Autriche. Il se distingue durant la bataille de Magenta, le 4 juin 1859 opposant l\u2019arm\u00e9e de Napol\u00e9on III aux autrichiens. Emile Faugeron en sort distingu\u00e9 de la croix de chevalier de la L\u00e9gion d\u2019honneur.<\/p><p>Emile Faugeron se marie le 10 novembre 1863 \u00e0 Saumur avec Caroline Ratouis avec qui il aura trois enfants.<\/p><p>Officier d\u2019ordonnance du g\u00e9n\u00e9ral Prudon depuis 1867, Emile Faugeron devient commandant de l\u2019arm\u00e9e de Metz en 1870 pendant la guerre franco-prussienne. Ce conflit va opposer,\u00a0 la France \u00e0 une coalition d&rsquo;\u00c9tats allemands dirig\u00e9e par la Prusse, du 19 juillet 1870 au 29 janvier 1871. Emile Faugeron est alors fait prisonnier en Allemagne.<\/p><p>A son retour de captivit\u00e9, il prend part \u00e0 la campagne contre la Commune, l\u2019insurrection populaire des Parisiens contre le gouvernement, qui \u00e9branla Paris durant 72 jours du 18 mars 1871 au 28 mai de la m\u00eame ann\u00e9e. Il conduit ses troupes \u00e0 l\u2019assaut du fort d\u2019Issy et re\u00e7oit la rosette d\u2019officier de la L\u00e9gion d\u2019honneur.<\/p><p>Apr\u00e8s la guerre, il travaille \u00e0 la r\u00e9fection des fortifications en particulier du fort de Palaiseau en Ile de France et est promu lieutenant-colonel en 1875 puis colonel \u00e0 Orl\u00e9ans en 1879. En 1881, il est appel\u00e9 \u00e0 Montpellier au commandement du 2<sup>\u00e8me<\/sup> r\u00e9giment du g\u00e9nie.<\/p>\t\t\t\t\t\t\t\t<\/div>\n\t\t\t\t<\/div>\n\t\t\t\t<div class=\"elementor-element elementor-element-bde78a5 exad-sticky-section-no exad-glass-effect-no elementor-widget elementor-widget-image\" data-id=\"bde78a5\" data-element_type=\"widget\" data-e-type=\"widget\" data-widget_type=\"image.default\">\n\t\t\t\t<div class=\"elementor-widget-container\">\n\t\t\t\t\t\t\t\t\t\t\t\t\t\t\t<img fetchpriority=\"high\" decoding=\"async\" width=\"437\" height=\"193\" src=\"https:\/\/saint-georges-sur-loire-patrimoine.fr\/wp-content\/uploads\/2024\/09\/signature-general-faugeron.jpg\" class=\"attachment-large size-large wp-image-10236\" alt=\"signature du g\u00e9n\u00e9ral Faugeron (ADML)\" srcset=\"https:\/\/saint-georges-sur-loire-patrimoine.fr\/wp-content\/uploads\/2024\/09\/signature-general-faugeron.jpg 437w, https:\/\/saint-georges-sur-loire-patrimoine.fr\/wp-content\/uploads\/2024\/09\/signature-general-faugeron-300x132.jpg 300w\" sizes=\"(max-width: 437px) 100vw, 437px\" \/>\t\t\t\t\t\t\t\t\t\t\t\t\t\t\t<\/div>\n\t\t\t\t<\/div>\n\t\t\t\t<\/div>\n\t\t\t\t<\/div>\n\t\t<div class=\"elementor-element elementor-element-fa8c6cf e-con-full e-flex wpr-particle-no wpr-jarallax-no wpr-parallax-no wpr-sticky-section-no wpr-equal-height-no e-con e-parent\" data-id=\"fa8c6cf\" data-element_type=\"container\" data-e-type=\"container\" data-settings=\"{&quot;background_background&quot;:&quot;classic&quot;,&quot;_ha_eqh_enable&quot;:false}\">\n\t\t<div class=\"elementor-element elementor-element-196d44a e-con-full e-flex wpr-particle-no wpr-jarallax-no wpr-parallax-no wpr-sticky-section-no wpr-equal-height-no e-con e-child\" data-id=\"196d44a\" data-element_type=\"container\" data-e-type=\"container\" data-settings=\"{&quot;_ha_eqh_enable&quot;:false}\">\n\t\t\t\t<div class=\"elementor-element elementor-element-928f8af elementor-widget__width-initial exad-sticky-section-no exad-glass-effect-no elementor-widget elementor-widget-text-editor\" data-id=\"928f8af\" data-element_type=\"widget\" data-e-type=\"widget\" data-widget_type=\"text-editor.default\">\n\t\t\t\t<div class=\"elementor-widget-container\">\n\t\t\t\t\t\t\t\t\t<p>G\u00e9n\u00e9ral de brigade d\u2019infanterie \u00e0 Perpignan en 1885 et ensuite gouverneur de la ville de Grenoble, o\u00f9 il re\u00e7oit la croix de commandeur, il est appel\u00e9 au commandement sup\u00e9rieur de la place de Lyon et promu g\u00e9n\u00e9ral de division en 1890 et grand officier de la L\u00e9gion d\u2019honneur en 1893.<\/p><p>En 1893, Emile Faugeron est veuf\u00a0: sa femme meurt \u00e0 l\u2019\u00e2ge de 49 ans. Pass\u00e9 r\u00e9serviste, il vient se fixer \u00e0 Saint Georges sur Loire dans sa maison familiale de la G\u00e9roni\u00e8re. Il est bient\u00f4t \u00e9lu conseiller municipal puis, en 1898, maire, suivant ainsi les traces de son grand-p\u00e8re Julien Alexis Faugeron, maire de 1809 \u00e0 1815 et de son oncle S\u00e9r\u00e9n\u00e9 Faugeron, maire de 1848 \u00e0 1869.<\/p><p>En 1900, la mort d\u2019<a href=\"https:\/\/saint-georges-sur-loire-patrimoine.fr\/index.php\/2024\/05\/27\/arthur-de-cumont\/\"><span style=\"text-decoration: underline;\">Arthur de Cumont<\/span><\/a>, lui permet de remporter le si\u00e8ge de conseiller g\u00e9n\u00e9ral du canton de Saint Georges sur Loire sans concurrent. Il est r\u00e9\u00e9lu en 1901 et 1907 et prend part aux travaux de l\u2019Assembl\u00e9e d\u00e9partementale dont il devient l&rsquo;un des vice-pr\u00e9sidents.<\/p><p>Attach\u00e9 aux valeurs catholiques, il n\u2019est pas sans montrer une frilosit\u00e9 contre les lois imposant un enseignement la\u00efc mais doit malgr\u00e9 tout ouvrir une <a href=\"https:\/\/saint-georges-sur-loire-patrimoine.fr\/index.php\/2024\/09\/24\/lecole-de-filles\/\"><span style=\"text-decoration: underline;\">\u00e9cole publique de filles<\/span><\/a> en 1901.<\/p><p>Il meurt le 3 f\u00e9vrier 1911 \u00e0 Saint Georges sur Loire. Ses obs\u00e8ques ont lieu \u00e0 Saint Georges le 6 f\u00e9vrier dans une simplicit\u00e9 voulue par le g\u00e9n\u00e9ral Faugeron. Les habitants de Saint Georges mais \u00e9galement de toutes les communes du canton ainsi que d\u2019Angers, se rassemblent pour lui rendre un dernier hommage en pr\u00e9sence du maire, <span style=\"text-decoration: underline;\"><a href=\"https:\/\/saint-georges-sur-loire-patrimoine.fr\/index.php\/2024\/07\/01\/louis-cotte-de-jumilly\/\">Louis Cotte de Jumilly<\/a><\/span> mais \u00e9galement d\u2019un s\u00e9nateur, de d\u00e9put\u00e9s, du pr\u00e9fet. Simple, courtois, l\u2019homme de 81 ans avait le respect et l\u2019affection de tous.<\/p>\t\t\t\t\t\t\t\t<\/div>\n\t\t\t\t<\/div>\n\t\t\t\t<\/div>\n\t\t<div class=\"elementor-element elementor-element-eb3934e e-con-full e-flex wpr-particle-no wpr-jarallax-no wpr-parallax-no wpr-sticky-section-no wpr-equal-height-no e-con e-child\" data-id=\"eb3934e\" data-element_type=\"container\" data-e-type=\"container\" data-settings=\"{&quot;_ha_eqh_enable&quot;:false}\">\n\t\t\t\t<div class=\"elementor-element elementor-element-eff2e95 exad-sticky-section-no exad-glass-effect-no elementor-widget elementor-widget-image\" data-id=\"eff2e95\" data-element_type=\"widget\" data-e-type=\"widget\" data-widget_type=\"image.default\">\n\t\t\t\t<div class=\"elementor-widget-container\">\n\t\t\t\t\t\t\t\t\t\t\t\t\t\t\t<img decoding=\"async\" width=\"580\" height=\"730\" src=\"https:\/\/saint-georges-sur-loire-patrimoine.fr\/wp-content\/uploads\/2024\/09\/faugeron-814x1024.jpg\" class=\"attachment-large size-large wp-image-8699\" alt=\"lettre distinguant \u00e9mile faugeron au rang de grand officier de la l\u00e9gion d&#039;honneur\" srcset=\"https:\/\/saint-georges-sur-loire-patrimoine.fr\/wp-content\/uploads\/2024\/09\/faugeron-814x1024.jpg 814w, https:\/\/saint-georges-sur-loire-patrimoine.fr\/wp-content\/uploads\/2024\/09\/faugeron-239x300.jpg 239w, https:\/\/saint-georges-sur-loire-patrimoine.fr\/wp-content\/uploads\/2024\/09\/faugeron-768x966.jpg 768w, https:\/\/saint-georges-sur-loire-patrimoine.fr\/wp-content\/uploads\/2024\/09\/faugeron-1222x1536.jpg 1222w, https:\/\/saint-georges-sur-loire-patrimoine.fr\/wp-content\/uploads\/2024\/09\/faugeron-1200x1509.jpg 1200w, https:\/\/saint-georges-sur-loire-patrimoine.fr\/wp-content\/uploads\/2024\/09\/faugeron.jpg 1453w\" sizes=\"(max-width: 580px) 100vw, 580px\" \/>\t\t\t\t\t\t\t\t\t\t\t\t\t\t\t<\/div>\n\t\t\t\t<\/div>\n\t\t\t\t<div class=\"elementor-element elementor-element-22543be exad-sticky-section-no exad-glass-effect-no elementor-widget elementor-widget-text-editor\" data-id=\"22543be\" data-element_type=\"widget\" data-e-type=\"widget\" data-widget_type=\"text-editor.default\">\n\t\t\t\t<div class=\"elementor-widget-container\">\n\t\t\t\t\t\t\t\t\t<p>En 1893, le g\u00e9n\u00e9ral Faugeron est promu grand officier de la L\u00e9gion d&rsquo;honneur<\/p>\t\t\t\t\t\t\t\t<\/div>\n\t\t\t\t<\/div>\n\t\t\t\t<\/div>\n\t\t\t\t<\/div>\n\t\t<div class=\"elementor-element elementor-element-f9e52e7 e-flex e-con-boxed wpr-particle-no wpr-jarallax-no wpr-parallax-no wpr-sticky-section-no wpr-equal-height-no e-con e-parent\" data-id=\"f9e52e7\" data-element_type=\"container\" data-e-type=\"container\" data-settings=\"{&quot;_ha_eqh_enable&quot;:false}\">\n\t\t\t\t\t<div class=\"e-con-inner\">\n\t\t\t\t<div class=\"elementor-element elementor-element-fa93cd9 exad-sticky-section-no exad-glass-effect-no elementor-widget elementor-widget-spacer\" data-id=\"fa93cd9\" data-element_type=\"widget\" data-e-type=\"widget\" data-widget_type=\"spacer.default\">\n\t\t\t\t<div class=\"elementor-widget-container\">\n\t\t\t\t\t\t\t<div class=\"elementor-spacer\">\n\t\t\t<div class=\"elementor-spacer-inner\"><\/div>\n\t\t<\/div>\n\t\t\t\t\t\t<\/div>\n\t\t\t\t<\/div>\n\t\t\t\t\t<\/div>\n\t\t\t\t<\/div>\n\t\t\t\t<\/div>\n\t\t","protected":false},"excerpt":{"rendered":"<p>Emile Faugeron 1829-1911 Emile Faugeron est n\u00e9 le 24 mai 1829 \u00e0 Saint Georges sur Loire. Son p\u00e8re, Julien Faugeron, m\u00e9decin, meurt la m\u00eame ann\u00e9e. Emile Faugeron est \u00e9lev\u00e9 par sa m\u00e8re, Alix Lefebvre. Emile Faugeron entre en 1848 \u00e0 l\u2019Ecole Polytechnique. Sous-lieutenant \u00e9l\u00e8ve \u00e0 l\u2019Ecole d\u2019application de Metz, il est nomm\u00e9 en 1852, lieutenant au 3\u00e8me r\u00e9giment du g\u00e9nie \u00e0 Montpellier avant d\u2019\u00eatre bient\u00f4t d\u00e9tach\u00e9 en Alg\u00e9rie. Durant la campagne d\u2019Italie, il est capitaine du corps d\u2019\u00e9lite du g\u00e9nie de la garde imp\u00e9riale. En 1859, les arm\u00e9es de l&rsquo;Empire fran\u00e7ais et du royaume de Sardaigne affrontent celles de l&#8217;empire d&rsquo;Autriche. Il se distingue durant la bataille de Magenta, le 4 juin 1859 opposant l\u2019arm\u00e9e de Napol\u00e9on III aux autrichiens. Emile Faugeron en sort distingu\u00e9 de la croix de chevalier de la L\u00e9gion d\u2019honneur. Emile Faugeron se marie le 10 novembre 1863 \u00e0 Saumur avec Caroline Ratouis avec qui il aura trois enfants. Officier d\u2019ordonnance du g\u00e9n\u00e9ral Prudon depuis 1867, Emile Faugeron devient commandant de l\u2019arm\u00e9e de Metz en 1870 pendant la guerre franco-prussienne. Ce conflit va opposer,\u00a0 la France \u00e0 une coalition d&rsquo;\u00c9tats allemands dirig\u00e9e par la Prusse, du 19 juillet 1870 au 29 janvier 1871. Emile Faugeron est alors fait prisonnier en Allemagne. A son retour de captivit\u00e9, il prend part \u00e0 la campagne contre la Commune, l\u2019insurrection populaire des Parisiens contre le gouvernement, qui \u00e9branla Paris durant 72 jours du 18 mars 1871 au 28 mai de la m\u00eame ann\u00e9e. Il conduit ses troupes \u00e0 l\u2019assaut du fort d\u2019Issy et re\u00e7oit la rosette d\u2019officier de la L\u00e9gion d\u2019honneur. Apr\u00e8s la guerre, il travaille \u00e0 la r\u00e9fection des fortifications en particulier du fort de Palaiseau en Ile de France et est promu lieutenant-colonel en 1875 puis colonel \u00e0 Orl\u00e9ans en 1879. En 1881, il est appel\u00e9 \u00e0 Montpellier au commandement du 2\u00e8me r\u00e9giment du g\u00e9nie. G\u00e9n\u00e9ral de brigade d\u2019infanterie \u00e0 Perpignan en 1885 et ensuite gouverneur de la ville de Grenoble, o\u00f9 il re\u00e7oit la croix de commandeur, il est appel\u00e9 au commandement sup\u00e9rieur de la place de Lyon et promu g\u00e9n\u00e9ral de division en 1890 et grand officier de la L\u00e9gion d\u2019honneur en 1893. En 1893, Emile Faugeron est veuf\u00a0: sa femme meurt \u00e0 l\u2019\u00e2ge de 49 ans. Pass\u00e9 r\u00e9serviste, il vient se fixer \u00e0 Saint Georges sur Loire dans sa maison familiale de la G\u00e9roni\u00e8re. Il est bient\u00f4t \u00e9lu conseiller municipal puis, en 1898, maire, suivant ainsi les traces de son grand-p\u00e8re Julien Alexis Faugeron, maire de 1809 \u00e0 1815 et de son oncle S\u00e9r\u00e9n\u00e9 Faugeron, maire de 1848 \u00e0 1869. En 1900, la mort d\u2019Arthur de Cumont, lui permet de remporter le si\u00e8ge de conseiller g\u00e9n\u00e9ral du canton de Saint Georges sur Loire sans concurrent. Il est r\u00e9\u00e9lu en 1901 et 1907 et prend part aux travaux de l\u2019Assembl\u00e9e d\u00e9partementale dont il devient l&rsquo;un des vice-pr\u00e9sidents. Attach\u00e9 aux valeurs catholiques, il n\u2019est pas sans montrer une frilosit\u00e9 contre les lois imposant un enseignement la\u00efc mais doit malgr\u00e9 tout ouvrir une \u00e9cole publique de filles en 1901. Il meurt le 3 f\u00e9vrier 1911 \u00e0 Saint Georges sur Loire. Ses obs\u00e8ques ont lieu \u00e0 Saint Georges le 6 f\u00e9vrier dans une simplicit\u00e9 voulue par le g\u00e9n\u00e9ral Faugeron. Les habitants de Saint Georges mais \u00e9galement de toutes les communes du canton ainsi que d\u2019Angers, se rassemblent pour lui rendre un dernier hommage en pr\u00e9sence du maire, Louis Cotte de Jumilly mais \u00e9galement d\u2019un s\u00e9nateur, de d\u00e9put\u00e9s, du pr\u00e9fet. Simple, courtois, l\u2019homme de 81 ans avait le respect et l\u2019affection de tous. En 1893, le g\u00e9n\u00e9ral Faugeron est promu grand officier de la L\u00e9gion d&rsquo;honneur<\/p>\n","protected":false},"author":1,"featured_media":0,"comment_status":"open","ping_status":"open","sticky":false,"template":"elementor_canvas","format":"standard","meta":{"_seopress_robots_primary_cat":"","_seopress_titles_title":"Emile Faugeron - Saint Georges Patrimoine","_seopress_titles_desc":"Emile Faugeron eut une longue carri\u00e8re militaire et fut promu g\u00e9n\u00e9ral avant de devenir maire de Saint Georges.","_seopress_robots_index":"","_monsterinsights_skip_tracking":false,"_monsterinsights_sitenote_active":false,"_monsterinsights_sitenote_note":"","_monsterinsights_sitenote_category":0,"postBodyCss":"","postBodyMargin":[],"postBodyPadding":[],"postBodyBackground":{"backgroundType":"classic","gradient":""},"footnotes":""},"categories":[5],"tags":[],"class_list":["post-8697","post","type-post","status-publish","format-standard","hentry","category-portraits"],"_links":{"self":[{"href":"https:\/\/saint-georges-sur-loire-patrimoine.fr\/index.php\/wp-json\/wp\/v2\/posts\/8697","targetHints":{"allow":["GET"]}}],"collection":[{"href":"https:\/\/saint-georges-sur-loire-patrimoine.fr\/index.php\/wp-json\/wp\/v2\/posts"}],"about":[{"href":"https:\/\/saint-georges-sur-loire-patrimoine.fr\/index.php\/wp-json\/wp\/v2\/types\/post"}],"author":[{"embeddable":true,"href":"https:\/\/saint-georges-sur-loire-patrimoine.fr\/index.php\/wp-json\/wp\/v2\/users\/1"}],"replies":[{"embeddable":true,"href":"https:\/\/saint-georges-sur-loire-patrimoine.fr\/index.php\/wp-json\/wp\/v2\/comments?post=8697"}],"version-history":[{"count":29,"href":"https:\/\/saint-georges-sur-loire-patrimoine.fr\/index.php\/wp-json\/wp\/v2\/posts\/8697\/revisions"}],"predecessor-version":[{"id":10240,"href":"https:\/\/saint-georges-sur-loire-patrimoine.fr\/index.php\/wp-json\/wp\/v2\/posts\/8697\/revisions\/10240"}],"wp:attachment":[{"href":"https:\/\/saint-georges-sur-loire-patrimoine.fr\/index.php\/wp-json\/wp\/v2\/media?parent=8697"}],"wp:term":[{"taxonomy":"category","embeddable":true,"href":"https:\/\/saint-georges-sur-loire-patrimoine.fr\/index.php\/wp-json\/wp\/v2\/categories?post=8697"},{"taxonomy":"post_tag","embeddable":true,"href":"https:\/\/saint-georges-sur-loire-patrimoine.fr\/index.php\/wp-json\/wp\/v2\/tags?post=8697"}],"curies":[{"name":"wp","href":"https:\/\/api.w.org\/{rel}","templated":true}]}}