{"id":8478,"date":"2024-09-04T14:04:52","date_gmt":"2024-09-04T12:04:52","guid":{"rendered":"https:\/\/saint-georges-sur-loire-patrimoine.fr\/?p=8478"},"modified":"2024-10-08T12:14:25","modified_gmt":"2024-10-08T10:14:25","slug":"jean-de-vasse","status":"publish","type":"post","link":"https:\/\/saint-georges-sur-loire-patrimoine.fr\/index.php\/2024\/09\/04\/jean-de-vasse\/","title":{"rendered":"Jean de Vass\u00e9"},"content":{"rendered":"\t\t<div data-elementor-type=\"wp-post\" data-elementor-id=\"8478\" class=\"elementor elementor-8478\" data-elementor-settings=\"{&quot;ha_cmc_init_switcher&quot;:&quot;no&quot;}\">\n\t\t\t\t<div class=\"elementor-element elementor-element-80c76fd e-flex e-con-boxed wpr-particle-no wpr-jarallax-no wpr-parallax-no wpr-sticky-section-no wpr-equal-height-no e-con e-parent\" data-id=\"80c76fd\" data-element_type=\"container\" data-e-type=\"container\" data-settings=\"{&quot;_ha_eqh_enable&quot;:false}\">\n\t\t\t\t\t<div class=\"e-con-inner\">\n\t\t\t\t<div class=\"elementor-element elementor-element-71782f5 exad-sticky-section-no exad-glass-effect-no elementor-widget elementor-widget-spacer\" data-id=\"71782f5\" data-element_type=\"widget\" data-e-type=\"widget\" data-widget_type=\"spacer.default\">\n\t\t\t\t<div class=\"elementor-widget-container\">\n\t\t\t\t\t\t\t<div class=\"elementor-spacer\">\n\t\t\t<div class=\"elementor-spacer-inner\"><\/div>\n\t\t<\/div>\n\t\t\t\t\t\t<\/div>\n\t\t\t\t<\/div>\n\t\t\t\t\t<\/div>\n\t\t\t\t<\/div>\n\t\t<div class=\"elementor-element elementor-element-67a16ce e-flex e-con-boxed wpr-particle-no wpr-jarallax-no wpr-parallax-no wpr-sticky-section-no wpr-equal-height-no e-con e-parent\" data-id=\"67a16ce\" data-element_type=\"container\" data-e-type=\"container\" data-settings=\"{&quot;background_background&quot;:&quot;gradient&quot;,&quot;_ha_eqh_enable&quot;:false}\">\n\t\t\t\t\t<div class=\"e-con-inner\">\n\t\t\t\t<div class=\"elementor-element elementor-element-9ca163f exad-sticky-section-no exad-glass-effect-no elementor-widget elementor-widget-spacer\" data-id=\"9ca163f\" data-element_type=\"widget\" data-e-type=\"widget\" data-widget_type=\"spacer.default\">\n\t\t\t\t<div class=\"elementor-widget-container\">\n\t\t\t\t\t\t\t<div class=\"elementor-spacer\">\n\t\t\t<div class=\"elementor-spacer-inner\"><\/div>\n\t\t<\/div>\n\t\t\t\t\t\t<\/div>\n\t\t\t\t<\/div>\n\t\t\t\t<div class=\"elementor-element elementor-element-875e89b exad-sticky-section-no exad-glass-effect-no elementor-widget elementor-widget-heading\" data-id=\"875e89b\" data-element_type=\"widget\" data-e-type=\"widget\" data-widget_type=\"heading.default\">\n\t\t\t\t<div class=\"elementor-widget-container\">\n\t\t\t\t\t<h1 class=\"elementor-heading-title elementor-size-default\">Jean de Vass\u00e9 <\/h1>\t\t\t\t<\/div>\n\t\t\t\t<\/div>\n\t\t\t\t<div class=\"elementor-element elementor-element-81854ca exad-sticky-section-no exad-glass-effect-no elementor-widget elementor-widget-heading\" data-id=\"81854ca\" data-element_type=\"widget\" data-e-type=\"widget\" data-widget_type=\"heading.default\">\n\t\t\t\t<div class=\"elementor-widget-container\">\n\t\t\t\t\t<h2 class=\"elementor-heading-title elementor-size-default\">1534-1583<\/h2>\t\t\t\t<\/div>\n\t\t\t\t<\/div>\n\t\t\t\t<div class=\"elementor-element elementor-element-60b6ea7 exad-sticky-section-no exad-glass-effect-no elementor-widget elementor-widget-spacer\" data-id=\"60b6ea7\" data-element_type=\"widget\" data-e-type=\"widget\" data-widget_type=\"spacer.default\">\n\t\t\t\t<div class=\"elementor-widget-container\">\n\t\t\t\t\t\t\t<div class=\"elementor-spacer\">\n\t\t\t<div class=\"elementor-spacer-inner\"><\/div>\n\t\t<\/div>\n\t\t\t\t\t\t<\/div>\n\t\t\t\t<\/div>\n\t\t\t\t\t<\/div>\n\t\t\t\t<\/div>\n\t\t<div class=\"elementor-element elementor-element-ef2b2fb e-con-full e-flex wpr-particle-no wpr-jarallax-no wpr-parallax-no wpr-sticky-section-no wpr-equal-height-no e-con e-parent\" data-id=\"ef2b2fb\" data-element_type=\"container\" data-e-type=\"container\" data-settings=\"{&quot;_ha_eqh_enable&quot;:false}\">\n\t\t<div class=\"elementor-element elementor-element-04e0526 e-con-full e-flex wpr-particle-no wpr-jarallax-no wpr-parallax-no wpr-sticky-section-no wpr-equal-height-no e-con e-child\" data-id=\"04e0526\" data-element_type=\"container\" data-e-type=\"container\" data-settings=\"{&quot;_ha_eqh_enable&quot;:false}\">\n\t\t\t\t<div class=\"elementor-element elementor-element-170fe17 elementor-widget__width-initial elementor-widget-tablet__width-initial exad-sticky-section-no exad-glass-effect-no elementor-widget elementor-widget-image\" data-id=\"170fe17\" data-element_type=\"widget\" data-e-type=\"widget\" data-widget_type=\"image.default\">\n\t\t\t\t<div class=\"elementor-widget-container\">\n\t\t\t\t\t\t\t\t\t\t\t\t\t\t\t<img decoding=\"async\" src=\"https:\/\/saint-georges-sur-loire-patrimoine.fr\/wp-content\/uploads\/2024\/09\/champagne.jpg\" title=\"champagne\" alt=\"champagne\" loading=\"lazy\" \/>\t\t\t\t\t\t\t\t\t\t\t\t\t\t\t<\/div>\n\t\t\t\t<\/div>\n\t\t\t\t<div class=\"elementor-element elementor-element-4c0034d exad-sticky-section-no exad-glass-effect-no elementor-widget elementor-widget-text-editor\" data-id=\"4c0034d\" data-element_type=\"widget\" data-e-type=\"widget\" data-widget_type=\"text-editor.default\">\n\t\t\t\t<div class=\"elementor-widget-container\">\n\t\t\t\t\t\t\t\t\t<p class=\"Standard\" style=\"text-align: justify; text-justify: inter-ideograph;\">Abbaye de Rouez en Champagne<\/p>\t\t\t\t\t\t\t\t<\/div>\n\t\t\t\t<\/div>\n\t\t\t\t<div class=\"elementor-element elementor-element-1da50c0 elementor-widget__width-initial elementor-widget-tablet__width-initial exad-sticky-section-no exad-glass-effect-no elementor-widget elementor-widget-image\" data-id=\"1da50c0\" data-element_type=\"widget\" data-e-type=\"widget\" data-widget_type=\"image.default\">\n\t\t\t\t<div class=\"elementor-widget-container\">\n\t\t\t\t\t\t\t\t\t\t\t\t\t\t\t<img decoding=\"async\" src=\"https:\/\/saint-georges-sur-loire-patrimoine.fr\/wp-content\/uploads\/2024\/09\/les-alignes.jpg\" title=\"les align\u00e9s\" alt=\"manoir des align\u00e9s \u00e0 laval\" loading=\"lazy\" \/>\t\t\t\t\t\t\t\t\t\t\t\t\t\t\t<\/div>\n\t\t\t\t<\/div>\n\t\t\t\t<div class=\"elementor-element elementor-element-2a20edf exad-sticky-section-no exad-glass-effect-no elementor-widget elementor-widget-text-editor\" data-id=\"2a20edf\" data-element_type=\"widget\" data-e-type=\"widget\" data-widget_type=\"text-editor.default\">\n\t\t\t\t<div class=\"elementor-widget-container\">\n\t\t\t\t\t\t\t\t\t<p class=\"Standard\" style=\"text-align: justify; text-justify: inter-ideograph;\">Manoir des align\u00e9s \u00e0 Laval<\/p>\t\t\t\t\t\t\t\t<\/div>\n\t\t\t\t<\/div>\n\t\t\t\t<\/div>\n\t\t<div class=\"elementor-element elementor-element-6816544 e-con-full e-flex wpr-particle-no wpr-jarallax-no wpr-parallax-no wpr-sticky-section-no wpr-equal-height-no e-con e-child\" data-id=\"6816544\" data-element_type=\"container\" data-e-type=\"container\" data-settings=\"{&quot;_ha_eqh_enable&quot;:false}\">\n\t\t\t\t<div class=\"elementor-element elementor-element-f9785ec exad-sticky-section-no exad-glass-effect-no elementor-widget elementor-widget-text-editor\" data-id=\"f9785ec\" data-element_type=\"widget\" data-e-type=\"widget\" data-widget_type=\"text-editor.default\">\n\t\t\t\t<div class=\"elementor-widget-container\">\n\t\t\t\t\t\t\t\t\t<p>Jean de Vass\u00e9 est n\u00e9 en 1534 au Mans. Il est le fils de Jean Groignet de Vass\u00e9, baron de la Roche-Mabille et chevalier de l\u2019ordre de Saint Michel.<\/p><p>Dans sa jeunesse, Jean de Vass\u00e9 porte les armes avant d\u2019embrasser une carri\u00e8re dans l\u2019\u00e9glise. Il devient abb\u00e9 de Cahors en 1560.<\/p><p>De 1574 \u00e0 1579, il est abb\u00e9 de Rouez en Champagne dans la Sarthe apr\u00e8s la r\u00e9signation de son fr\u00e8re, Lancelot de Vass\u00e9 qui en \u00e9tait le premier abb\u00e9 commendataire. Il r\u00e9side alors \u00e0 Laval dans le manoir des Align\u00e9s qui sera partiellement d\u00e9truit en 1944.<\/p><p>Il re\u00e7oit en commende l\u2019abbaye Notre-Dame-de-Cormeille \u00e0 Lisieux et 1574 et <span style=\"text-decoration: underline;\"><a href=\"https:\/\/saint-georges-sur-loire-patrimoine.fr\/index.php\/2024\/05\/24\/complexe-abbatial\/\">celle de Saint Georges sur Loire<\/a><\/span> en 1577.<\/p>\t\t\t\t\t\t\t\t<\/div>\n\t\t\t\t<\/div>\n\t\t\t\t<\/div>\n\t\t\t\t<\/div>\n\t\t<div class=\"elementor-element elementor-element-7bd0859 e-con-full e-flex wpr-particle-no wpr-jarallax-no wpr-parallax-no wpr-sticky-section-no wpr-equal-height-no e-con e-parent\" data-id=\"7bd0859\" data-element_type=\"container\" data-e-type=\"container\" data-settings=\"{&quot;_ha_eqh_enable&quot;:false}\">\n\t\t<div class=\"elementor-element elementor-element-3161393 e-con-full e-flex wpr-particle-no wpr-jarallax-no wpr-parallax-no wpr-sticky-section-no wpr-equal-height-no e-con e-child\" data-id=\"3161393\" data-element_type=\"container\" data-e-type=\"container\" data-settings=\"{&quot;_ha_eqh_enable&quot;:false}\">\n\t\t\t\t<div class=\"elementor-element elementor-element-787318d elementor-widget__width-initial exad-sticky-section-no exad-glass-effect-no elementor-widget elementor-widget-text-editor\" data-id=\"787318d\" data-element_type=\"widget\" data-e-type=\"widget\" data-widget_type=\"text-editor.default\">\n\t\t\t\t<div class=\"elementor-widget-container\">\n\t\t\t\t\t\t\t\t\t<p>Jean de Vass\u00e9, alors sous-diacre au Mans, est nomm\u00e9 \u00e9v\u00eaque de Lisieux le 4 novembre 1579 succ\u00e9dant \u00e0 Denis Roussel \u00e0 qui il c\u00e8de l\u2019abbaye de Cormeille. Il est ordonn\u00e9 diacre le 20 f\u00e9vrier 1580 \u00e0 Paris et entre \u00e0 Lisieux le 30 mai de la m\u00eame ann\u00e9e. Fid\u00e8le au roi Henri II dont il est l\u2019aum\u00f4nier, il va se retrouver confronter \u00e0 des chanoines au fort penchant ligueur. En effet, \u00e0 partir de 1576, la Ligue Catholique va r\u00e9unir seigneurs et pr\u00e9lats qui veulent d\u00e9fendre les int\u00e9r\u00eats des catholiques face aux progr\u00e8s du protestantisme alors que les guerres de religion se succ\u00e8dent. Alors qu\u2019Henri III n\u2019a pas de descendant, Henri de Bourbon, roi de Navarre, futur Henri IV, est le premier pr\u00e9tendant au tr\u00f4ne, mais celui-ci est protestant. La Ligue ne souhaitant pas voir arriver au pouvoir un protestant va donc entrer en lutte avec le Roi. Le dioc\u00e8se de Lisieux comme le reste du Royaume va alors se partager entre deux camps bien tranch\u00e9s. Le duc d\u2019Anjou, fr\u00e8re du roi, \u00e9tait tr\u00e8s influent \u00e0 Lisieux. C\u2019est lui qui en 1579, propose Jacques de Bonnechose pour l\u2019\u00e9v\u00each\u00e9. Rome s\u2019inqui\u00e8te. Cet inconnu est un proche du favori du duc, Fervacques, un homme d\u2019arme. Surtout, on craint qu\u2019il ne soit un peu trop favorable aux id\u00e9es protestantes. Rome enqu\u00eate sur le postulant dont les mani\u00e8res frustres ne rassurent pas du tout. Rome, apr\u00e8s de nombreuses tractations, finit par \u00e9carter Bonnechose. Le pape nomme Jean de Vass\u00e9, eccl\u00e9siastique de bonne doctrine, \u00ab\u00a0avec qui lequel M de Fervacques a \u00e9chang\u00e9 l\u2019\u00e9v\u00each\u00e9 contre quelques abbayes\u00a0\u00bb.<\/p><p>En 1581, il assiste au concile de Rouen qui conna\u00eetra une forte affluence. L\u2019Assembl\u00e9e des pr\u00eatres y affirment durant des r\u00e9unions publiques les d\u00e9cisions du Concile de Trente. Initi\u00e9 en 1542 par le Pape Paul III en r\u00e9ponse aux th\u00e9ories protestantes, le concile confirme les bases du dogme, de la discipline et du culte catholique.<\/p><p>Il meurt le 16 mars 1583 au manoir des Loges pr\u00e8s de Lisieux. Il fut enterr\u00e9 dans le ch\u0153ur de la cath\u00e9drale de Lisieux.<\/p>\t\t\t\t\t\t\t\t<\/div>\n\t\t\t\t<\/div>\n\t\t\t\t<\/div>\n\t\t<div class=\"elementor-element elementor-element-4e5b22b e-con-full e-flex wpr-particle-no wpr-jarallax-no wpr-parallax-no wpr-sticky-section-no wpr-equal-height-no e-con e-child\" data-id=\"4e5b22b\" data-element_type=\"container\" data-e-type=\"container\" data-settings=\"{&quot;_ha_eqh_enable&quot;:false}\">\n\t\t<div class=\"elementor-element elementor-element-643e2d4 e-flex e-con-boxed wpr-particle-no wpr-jarallax-no wpr-parallax-no wpr-sticky-section-no wpr-equal-height-no e-con e-child\" data-id=\"643e2d4\" data-element_type=\"container\" data-e-type=\"container\" data-settings=\"{&quot;_ha_eqh_enable&quot;:false}\">\n\t\t\t\t\t<div class=\"e-con-inner\">\n\t\t\t\t<div class=\"elementor-element elementor-element-41b04b8 elementor-widget__width-initial elementor-widget-tablet__width-initial exad-sticky-section-no exad-glass-effect-no elementor-widget elementor-widget-image\" data-id=\"41b04b8\" data-element_type=\"widget\" data-e-type=\"widget\" data-widget_type=\"image.default\">\n\t\t\t\t<div class=\"elementor-widget-container\">\n\t\t\t\t\t\t\t\t\t\t\t\t\t\t\t<img fetchpriority=\"high\" decoding=\"async\" width=\"277\" height=\"423\" src=\"https:\/\/saint-georges-sur-loire-patrimoine.fr\/wp-content\/uploads\/2024\/09\/concile-de-Rouen.jpeg\" class=\"attachment-large size-large wp-image-8481\" alt=\"publication du concile de Rouen de 1581\" srcset=\"https:\/\/saint-georges-sur-loire-patrimoine.fr\/wp-content\/uploads\/2024\/09\/concile-de-Rouen.jpeg 277w, https:\/\/saint-georges-sur-loire-patrimoine.fr\/wp-content\/uploads\/2024\/09\/concile-de-Rouen-196x300.jpeg 196w\" sizes=\"(max-width: 277px) 100vw, 277px\" \/>\t\t\t\t\t\t\t\t\t\t\t\t\t\t\t<\/div>\n\t\t\t\t<\/div>\n\t\t\t\t<div class=\"elementor-element elementor-element-4d9049a exad-sticky-section-no exad-glass-effect-no elementor-widget elementor-widget-text-editor\" data-id=\"4d9049a\" data-element_type=\"widget\" data-e-type=\"widget\" data-widget_type=\"text-editor.default\">\n\t\t\t\t<div class=\"elementor-widget-container\">\n\t\t\t\t\t\t\t\t\t<p class=\"Standard\" style=\"text-align: justify; text-justify: inter-ideograph;\">Publication du concile de Rouen de 1581<\/p>\t\t\t\t\t\t\t\t<\/div>\n\t\t\t\t<\/div>\n\t\t\t\t\t<\/div>\n\t\t\t\t<\/div>\n\t\t\t\t<\/div>\n\t\t\t\t<\/div>\n\t\t<div class=\"elementor-element elementor-element-5f0ffd2 e-flex e-con-boxed wpr-particle-no wpr-jarallax-no wpr-parallax-no wpr-sticky-section-no wpr-equal-height-no e-con e-parent\" data-id=\"5f0ffd2\" data-element_type=\"container\" data-e-type=\"container\" data-settings=\"{&quot;_ha_eqh_enable&quot;:false}\">\n\t\t\t\t\t<div class=\"e-con-inner\">\n\t\t\t\t<div class=\"elementor-element elementor-element-50618b5 elementor-widget__width-inherit exad-sticky-section-no exad-glass-effect-no elementor-widget elementor-widget-spacer\" data-id=\"50618b5\" data-element_type=\"widget\" data-e-type=\"widget\" data-widget_type=\"spacer.default\">\n\t\t\t\t<div class=\"elementor-widget-container\">\n\t\t\t\t\t\t\t<div class=\"elementor-spacer\">\n\t\t\t<div class=\"elementor-spacer-inner\"><\/div>\n\t\t<\/div>\n\t\t\t\t\t\t<\/div>\n\t\t\t\t<\/div>\n\t\t\t\t\t<\/div>\n\t\t\t\t<\/div>\n\t\t\t\t<\/div>\n\t\t","protected":false},"excerpt":{"rendered":"<p>Jean de Vass\u00e9 1534-1583 Abbaye de Rouez en Champagne Manoir des align\u00e9s \u00e0 Laval Jean de Vass\u00e9 est n\u00e9 en 1534 au Mans. Il est le fils de Jean Groignet de Vass\u00e9, baron de la Roche-Mabille et chevalier de l\u2019ordre de Saint Michel. Dans sa jeunesse, Jean de Vass\u00e9 porte les armes avant d\u2019embrasser une carri\u00e8re dans l\u2019\u00e9glise. Il devient abb\u00e9 de Cahors en 1560. De 1574 \u00e0 1579, il est abb\u00e9 de Rouez en Champagne dans la Sarthe apr\u00e8s la r\u00e9signation de son fr\u00e8re, Lancelot de Vass\u00e9 qui en \u00e9tait le premier abb\u00e9 commendataire. Il r\u00e9side alors \u00e0 Laval dans le manoir des Align\u00e9s qui sera partiellement d\u00e9truit en 1944. Il re\u00e7oit en commende l\u2019abbaye Notre-Dame-de-Cormeille \u00e0 Lisieux et 1574 et celle de Saint Georges sur Loire en 1577. Jean de Vass\u00e9, alors sous-diacre au Mans, est nomm\u00e9 \u00e9v\u00eaque de Lisieux le 4 novembre 1579 succ\u00e9dant \u00e0 Denis Roussel \u00e0 qui il c\u00e8de l\u2019abbaye de Cormeille. Il est ordonn\u00e9 diacre le 20 f\u00e9vrier 1580 \u00e0 Paris et entre \u00e0 Lisieux le 30 mai de la m\u00eame ann\u00e9e. Fid\u00e8le au roi Henri II dont il est l\u2019aum\u00f4nier, il va se retrouver confronter \u00e0 des chanoines au fort penchant ligueur. En effet, \u00e0 partir de 1576, la Ligue Catholique va r\u00e9unir seigneurs et pr\u00e9lats qui veulent d\u00e9fendre les int\u00e9r\u00eats des catholiques face aux progr\u00e8s du protestantisme alors que les guerres de religion se succ\u00e8dent. Alors qu\u2019Henri III n\u2019a pas de descendant, Henri de Bourbon, roi de Navarre, futur Henri IV, est le premier pr\u00e9tendant au tr\u00f4ne, mais celui-ci est protestant. La Ligue ne souhaitant pas voir arriver au pouvoir un protestant va donc entrer en lutte avec le Roi. Le dioc\u00e8se de Lisieux comme le reste du Royaume va alors se partager entre deux camps bien tranch\u00e9s. Le duc d\u2019Anjou, fr\u00e8re du roi, \u00e9tait tr\u00e8s influent \u00e0 Lisieux. C\u2019est lui qui en 1579, propose Jacques de Bonnechose pour l\u2019\u00e9v\u00each\u00e9. Rome s\u2019inqui\u00e8te. Cet inconnu est un proche du favori du duc, Fervacques, un homme d\u2019arme. Surtout, on craint qu\u2019il ne soit un peu trop favorable aux id\u00e9es protestantes. Rome enqu\u00eate sur le postulant dont les mani\u00e8res frustres ne rassurent pas du tout. Rome, apr\u00e8s de nombreuses tractations, finit par \u00e9carter Bonnechose. Le pape nomme Jean de Vass\u00e9, eccl\u00e9siastique de bonne doctrine, \u00ab\u00a0avec qui lequel M de Fervacques a \u00e9chang\u00e9 l\u2019\u00e9v\u00each\u00e9 contre quelques abbayes\u00a0\u00bb. En 1581, il assiste au concile de Rouen qui conna\u00eetra une forte affluence. L\u2019Assembl\u00e9e des pr\u00eatres y affirment durant des r\u00e9unions publiques les d\u00e9cisions du Concile de Trente. Initi\u00e9 en 1542 par le Pape Paul III en r\u00e9ponse aux th\u00e9ories protestantes, le concile confirme les bases du dogme, de la discipline et du culte catholique. Il meurt le 16 mars 1583 au manoir des Loges pr\u00e8s de Lisieux. Il fut enterr\u00e9 dans le ch\u0153ur de la cath\u00e9drale de Lisieux. Publication du concile de Rouen de 1581<\/p>\n","protected":false},"author":1,"featured_media":0,"comment_status":"open","ping_status":"open","sticky":false,"template":"elementor_canvas","format":"standard","meta":{"_seopress_robots_primary_cat":"","_seopress_titles_title":"Jean de Vass\u00e9 - Saint Georges Patrimoine","_seopress_titles_desc":"Jean de Vass\u00e9 fut abb\u00e9 de Saint Georges sur Loire avant de devenir \u00e9v\u00eaque de Lisieux au XVI\u00e8me.","_seopress_robots_index":"","_monsterinsights_skip_tracking":false,"_monsterinsights_sitenote_active":false,"_monsterinsights_sitenote_note":"","_monsterinsights_sitenote_category":0,"postBodyCss":"","postBodyMargin":[],"postBodyPadding":[],"postBodyBackground":{"backgroundType":"classic","gradient":""},"footnotes":""},"categories":[5],"tags":[],"class_list":["post-8478","post","type-post","status-publish","format-standard","hentry","category-portraits"],"_links":{"self":[{"href":"https:\/\/saint-georges-sur-loire-patrimoine.fr\/index.php\/wp-json\/wp\/v2\/posts\/8478","targetHints":{"allow":["GET"]}}],"collection":[{"href":"https:\/\/saint-georges-sur-loire-patrimoine.fr\/index.php\/wp-json\/wp\/v2\/posts"}],"about":[{"href":"https:\/\/saint-georges-sur-loire-patrimoine.fr\/index.php\/wp-json\/wp\/v2\/types\/post"}],"author":[{"embeddable":true,"href":"https:\/\/saint-georges-sur-loire-patrimoine.fr\/index.php\/wp-json\/wp\/v2\/users\/1"}],"replies":[{"embeddable":true,"href":"https:\/\/saint-georges-sur-loire-patrimoine.fr\/index.php\/wp-json\/wp\/v2\/comments?post=8478"}],"version-history":[{"count":17,"href":"https:\/\/saint-georges-sur-loire-patrimoine.fr\/index.php\/wp-json\/wp\/v2\/posts\/8478\/revisions"}],"predecessor-version":[{"id":9704,"href":"https:\/\/saint-georges-sur-loire-patrimoine.fr\/index.php\/wp-json\/wp\/v2\/posts\/8478\/revisions\/9704"}],"wp:attachment":[{"href":"https:\/\/saint-georges-sur-loire-patrimoine.fr\/index.php\/wp-json\/wp\/v2\/media?parent=8478"}],"wp:term":[{"taxonomy":"category","embeddable":true,"href":"https:\/\/saint-georges-sur-loire-patrimoine.fr\/index.php\/wp-json\/wp\/v2\/categories?post=8478"},{"taxonomy":"post_tag","embeddable":true,"href":"https:\/\/saint-georges-sur-loire-patrimoine.fr\/index.php\/wp-json\/wp\/v2\/tags?post=8478"}],"curies":[{"name":"wp","href":"https:\/\/api.w.org\/{rel}","templated":true}]}}