{"id":8085,"date":"2024-08-02T08:55:45","date_gmt":"2024-08-02T06:55:45","guid":{"rendered":"https:\/\/saint-georges-sur-loire-patrimoine.fr\/?p=8085"},"modified":"2024-10-04T16:44:43","modified_gmt":"2024-10-04T14:44:43","slug":"prisonnier-pendant-la-2eme-guerre-mondiale","status":"publish","type":"post","link":"https:\/\/saint-georges-sur-loire-patrimoine.fr\/index.php\/2024\/08\/02\/prisonnier-pendant-la-2eme-guerre-mondiale\/","title":{"rendered":"Prisonnier pendant la 2eme guerre mondiale"},"content":{"rendered":"\t\t<div data-elementor-type=\"wp-post\" data-elementor-id=\"8085\" class=\"elementor elementor-8085\" data-elementor-settings=\"{&quot;ha_cmc_init_switcher&quot;:&quot;no&quot;}\">\n\t\t\t\t<div class=\"elementor-element elementor-element-9f35156 e-flex e-con-boxed wpr-particle-no wpr-jarallax-no wpr-parallax-no wpr-sticky-section-no wpr-equal-height-no e-con e-parent\" data-id=\"9f35156\" data-element_type=\"container\" data-e-type=\"container\" data-settings=\"{&quot;_ha_eqh_enable&quot;:false}\">\n\t\t\t\t\t<div class=\"e-con-inner\">\n\t\t\t\t<div class=\"elementor-element elementor-element-f62d062 exad-sticky-section-no exad-glass-effect-no elementor-widget elementor-widget-spacer\" data-id=\"f62d062\" data-element_type=\"widget\" data-e-type=\"widget\" data-widget_type=\"spacer.default\">\n\t\t\t\t<div class=\"elementor-widget-container\">\n\t\t\t\t\t\t\t<div class=\"elementor-spacer\">\n\t\t\t<div class=\"elementor-spacer-inner\"><\/div>\n\t\t<\/div>\n\t\t\t\t\t\t<\/div>\n\t\t\t\t<\/div>\n\t\t\t\t\t<\/div>\n\t\t\t\t<\/div>\n\t\t<div class=\"elementor-element elementor-element-67a16ce e-flex e-con-boxed wpr-particle-no wpr-jarallax-no wpr-parallax-no wpr-sticky-section-no wpr-equal-height-no e-con e-parent\" data-id=\"67a16ce\" data-element_type=\"container\" data-e-type=\"container\" data-settings=\"{&quot;background_background&quot;:&quot;gradient&quot;,&quot;_ha_eqh_enable&quot;:false}\">\n\t\t\t\t\t<div class=\"e-con-inner\">\n\t\t\t\t<div class=\"elementor-element elementor-element-9ca163f exad-sticky-section-no exad-glass-effect-no elementor-widget elementor-widget-spacer\" data-id=\"9ca163f\" data-element_type=\"widget\" data-e-type=\"widget\" data-widget_type=\"spacer.default\">\n\t\t\t\t<div class=\"elementor-widget-container\">\n\t\t\t\t\t\t\t<div class=\"elementor-spacer\">\n\t\t\t<div class=\"elementor-spacer-inner\"><\/div>\n\t\t<\/div>\n\t\t\t\t\t\t<\/div>\n\t\t\t\t<\/div>\n\t\t\t\t<div class=\"elementor-element elementor-element-3551af4 exad-sticky-section-no exad-glass-effect-no elementor-widget elementor-widget-heading\" data-id=\"3551af4\" data-element_type=\"widget\" data-e-type=\"widget\" data-widget_type=\"heading.default\">\n\t\t\t\t<div class=\"elementor-widget-container\">\n\t\t\t\t\t<h1 class=\"elementor-heading-title elementor-size-default\">Prisonnier de guerre dans une ferme en Allemagne<\/h1>\t\t\t\t<\/div>\n\t\t\t\t<\/div>\n\t\t\t\t<div class=\"elementor-element elementor-element-875e89b exad-sticky-section-no exad-glass-effect-no elementor-widget elementor-widget-heading\" data-id=\"875e89b\" data-element_type=\"widget\" data-e-type=\"widget\" data-widget_type=\"heading.default\">\n\t\t\t\t<div class=\"elementor-widget-container\">\n\t\t\t\t\t<h2 class=\"elementor-heading-title elementor-size-default\">1939-1945 : Seconde Guerre Mondiale<\/h2>\t\t\t\t<\/div>\n\t\t\t\t<\/div>\n\t\t\t\t<div class=\"elementor-element elementor-element-60b6ea7 exad-sticky-section-no exad-glass-effect-no elementor-widget elementor-widget-spacer\" data-id=\"60b6ea7\" data-element_type=\"widget\" data-e-type=\"widget\" data-widget_type=\"spacer.default\">\n\t\t\t\t<div class=\"elementor-widget-container\">\n\t\t\t\t\t\t\t<div class=\"elementor-spacer\">\n\t\t\t<div class=\"elementor-spacer-inner\"><\/div>\n\t\t<\/div>\n\t\t\t\t\t\t<\/div>\n\t\t\t\t<\/div>\n\t\t\t\t\t<\/div>\n\t\t\t\t<\/div>\n\t\t<div class=\"elementor-element elementor-element-b99c792 e-con-full e-flex wpr-particle-no wpr-jarallax-no wpr-parallax-no wpr-sticky-section-no wpr-equal-height-no e-con e-parent\" data-id=\"b99c792\" data-element_type=\"container\" data-e-type=\"container\" data-settings=\"{&quot;_ha_eqh_enable&quot;:false}\">\n\t\t\t\t<div class=\"elementor-element elementor-element-f9785ec exad-sticky-section-no exad-glass-effect-no elementor-widget elementor-widget-text-editor\" data-id=\"f9785ec\" data-element_type=\"widget\" data-e-type=\"widget\" data-widget_type=\"text-editor.default\">\n\t\t\t\t<div class=\"elementor-widget-container\">\n\t\t\t\t\t\t\t\t\t<p>En 2011, Joseph Roynard, r\u00e9sidant \u00e0 la Maison de retraite de Saint-Georges-sur-Loire, avait \u00e9t\u00e9 interview\u00e9 pour le magazine municipal. Cet ancien combattant et prisonnier de guerre de la Seconde Guerre mondiale avait re\u00e7u en mai 2010, le dipl\u00f4me d\u2019honneur d\u2019ancien combattant 1939-1945. De mani\u00e8re \u00e0 sauvegarder ce t\u00e9moignage pr\u00e9cieux,\u00a0 Marie-H\u00e9l\u00e8ne Chevalier, responsable des t\u00e9moignages oraux aux Archives d\u00e9partementales de Maine-et-Loire, avait guid\u00e9 l\u2019entretien et l\u2019avait enregistr\u00e9. <\/p>\t\t\t\t\t\t\t\t<\/div>\n\t\t\t\t<\/div>\n\t\t\t\t<\/div>\n\t\t<div class=\"elementor-element elementor-element-ef2b2fb e-con-full e-flex wpr-particle-no wpr-jarallax-no wpr-parallax-no wpr-sticky-section-no wpr-equal-height-no e-con e-parent\" data-id=\"ef2b2fb\" data-element_type=\"container\" data-e-type=\"container\" data-settings=\"{&quot;background_background&quot;:&quot;classic&quot;,&quot;_ha_eqh_enable&quot;:false}\">\n\t\t<div class=\"elementor-element elementor-element-04e0526 e-con-full e-flex wpr-particle-no wpr-jarallax-no wpr-parallax-no wpr-sticky-section-no wpr-equal-height-no e-con e-child\" data-id=\"04e0526\" data-element_type=\"container\" data-e-type=\"container\" data-settings=\"{&quot;_ha_eqh_enable&quot;:false}\">\n\t\t\t\t<div class=\"elementor-element elementor-element-96b9540 elementor-widget__width-initial exad-sticky-section-no exad-glass-effect-no elementor-widget elementor-widget-image\" data-id=\"96b9540\" data-element_type=\"widget\" data-e-type=\"widget\" data-widget_type=\"image.default\">\n\t\t\t\t<div class=\"elementor-widget-container\">\n\t\t\t\t\t\t\t\t\t\t\t\t\t\t\t<img fetchpriority=\"high\" decoding=\"async\" width=\"580\" height=\"992\" src=\"https:\/\/saint-georges-sur-loire-patrimoine.fr\/wp-content\/uploads\/2024\/08\/J.Roynard-jeune-599x1024.jpg\" class=\"attachment-large size-large wp-image-8092\" alt=\"Photographie de Joseph Roynard\" srcset=\"https:\/\/saint-georges-sur-loire-patrimoine.fr\/wp-content\/uploads\/2024\/08\/J.Roynard-jeune-599x1024.jpg 599w, https:\/\/saint-georges-sur-loire-patrimoine.fr\/wp-content\/uploads\/2024\/08\/J.Roynard-jeune-176x300.jpg 176w, https:\/\/saint-georges-sur-loire-patrimoine.fr\/wp-content\/uploads\/2024\/08\/J.Roynard-jeune-768x1312.jpg 768w, https:\/\/saint-georges-sur-loire-patrimoine.fr\/wp-content\/uploads\/2024\/08\/J.Roynard-jeune-899x1536.jpg 899w, https:\/\/saint-georges-sur-loire-patrimoine.fr\/wp-content\/uploads\/2024\/08\/J.Roynard-jeune.jpg 1038w\" sizes=\"(max-width: 580px) 100vw, 580px\" \/>\t\t\t\t\t\t\t\t\t\t\t\t\t\t\t<\/div>\n\t\t\t\t<\/div>\n\t\t\t\t<div class=\"elementor-element elementor-element-b0e5d27 exad-sticky-section-no exad-glass-effect-no elementor-widget elementor-widget-text-editor\" data-id=\"b0e5d27\" data-element_type=\"widget\" data-e-type=\"widget\" data-widget_type=\"text-editor.default\">\n\t\t\t\t<div class=\"elementor-widget-container\">\n\t\t\t\t\t\t\t\t\t<p>Joseph Roynard en uniforme<\/p>\t\t\t\t\t\t\t\t<\/div>\n\t\t\t\t<\/div>\n\t\t\t\t<\/div>\n\t\t<div class=\"elementor-element elementor-element-6816544 e-con-full e-flex wpr-particle-no wpr-jarallax-no wpr-parallax-no wpr-sticky-section-no wpr-equal-height-no e-con e-child\" data-id=\"6816544\" data-element_type=\"container\" data-e-type=\"container\" data-settings=\"{&quot;_ha_eqh_enable&quot;:false}\">\n\t\t\t\t<div class=\"elementor-element elementor-element-536cc70 exad-sticky-section-no exad-glass-effect-no elementor-widget elementor-widget-text-editor\" data-id=\"536cc70\" data-element_type=\"widget\" data-e-type=\"widget\" data-widget_type=\"text-editor.default\">\n\t\t\t\t<div class=\"elementor-widget-container\">\n\t\t\t\t\t\t\t\t\t<p><strong>M-H Chevalier\u00a0:<\/strong> Monsieur Roynard, pouvez-vous vous pr\u00e9senter ?<\/p>\n<p><strong>J. Roynard :<\/strong> Je suis n\u00e9 le 14 juillet 1909 \u00e0 Beaucouz\u00e9. Mes parents \u00e9taient cultivateurs dans une ferme pr\u00e8s de Saint-Jean-de-Lini\u00e8res. En 1913, nous sommes partis pour nous installer \u00e0 Saint-Martin-du-Fouilloux, j\u2019avais alors 4 ans. En 1914, la Premi\u00e8re Guerre mondiale a \u00e9clat\u00e9. Mon p\u00e8re, mobilis\u00e9, a pris le Petit-Anjou pour rejoindre le 7<sup>\u00e8me<\/sup> G\u00e9nie. En Belgique, il a \u00e9t\u00e9 fait prisonnier et rest\u00e9 4 ans en captivit\u00e9 en Allemagne. Moi et ma s\u0153ur, nous allions \u00e0 l\u2019\u00e9cole, mais comme je n\u2019\u00e9tais pas tr\u00e8s bon, je suis devenu salari\u00e9 agricole. J\u2019ai fait mon service militaire dans le 5<sup>\u00e8me<\/sup> r\u00e9giment de cuirassiers \u00e0 Pontoise. Une aubaine pour moi, qui adore m\u2019occuper des chevaux.<\/p>\n<p>Apr\u00e8s un an de service, je me suis mari\u00e9, en 1933. A partir de l\u00e0, j\u2019ai travaill\u00e9 chez un ch\u00e2telain \u00e0 Savenni\u00e8res. Ensuite, le temps a pass\u00e9, et les \u00e9v\u00e9nements se sont pr\u00e9cipit\u00e9s\u2026<\/p>\n<p>\u00a0<\/p>\n<p><strong>M-H Chevalier<\/strong> : Vous souvenez-vous d\u2019\u00e9v\u00e9nements qui ont pr\u00e9c\u00e9d\u00e9 la d\u00e9claration de guerre\u00a0?<\/p>\n<p><strong>J. Roynard<\/strong>: Hitler \u00e9tait un homme qui faisait du bruit. Il disait beaucoup de mensonges. En 1938, je me rappelle de la signature des accords de Munich <em>(Les accords de Munich ont \u00e9t\u00e9 sign\u00e9s entre l\u2019Allemagne, la France, le Royaume-Uni et l\u2019Italie en r\u00e8glement de la crise des Sud\u00e8tes et marque la fin de la Tch\u00e9coslovaquie comme \u00e9tat ind\u00e9pendant, en \u00e9change de vagues promesses de paix d\u2019Hitler) .<\/em> Hitler ne respectait rien du tout, il voulait dominer l\u2019Europe.<\/p>\n<p>J\u2019ai \u00e9t\u00e9 rappel\u00e9 chez les hussards, \u00e0 Saumur\u2026 En 1939, il y a eu la mobilisation, et je me suis retrouv\u00e9 dans la cavalerie, \u00e0 Niort, avant de rejoindre Lun\u00e9ville (en Meurthe-et-Moselle), o\u00f9 nous \u00e9tions entre 300 et 400 hommes \u00e0 nous occuper des chevaux de r\u00e9quisition (la Remonte), c&rsquo;est-\u00e0-dire des chevaux de labour&#8230; pas vraiment faits pour les courses \u00e0 Longchamp\u00a0!<\/p>\n<p>Mon \u00e9tat d\u2019esprit au moment de la mobilisation, je ne sais pas quoi vous dire. Au gouvernement, on n\u2019avait que des patates. On n\u2019avait pas de de Gaulle \u00e0 ce moment l\u00e0. On nous racontait que la Ligne Maginot \u00e9tait infranchissable, que l\u2019Allemagne n\u2019avait personne pour les commander, qu\u2019on \u00e9tait les plus forts\u2026<\/p>\n<p>Au d\u00e9p\u00f4t, il ne se passait pas grand-chose. Moi, je passais mon temps \u00e0 m\u2019occuper des chevaux, on les sortait, on les promenait. Et puis, j\u2019ai eu une permission. Je me souviens que pour la premi\u00e8re fois, j\u2019ai assist\u00e9 \u00e0 une pi\u00e8ce de th\u00e9\u00e2tre, jou\u00e9e par des soldats qui \u00e9taient com\u00e9diens.<\/p>\n<p>En mai 1940, Hitler envahit la France, il y a eu des bombardements, les gens de Belgique et les Fran\u00e7ais sur la fronti\u00e8re ne faisaient pas le poids face \u00e0 des Allemands qui avaient des \u00e9quipements incroyables, des avions\u2026 Tr\u00e8s vite, les Allemands ont pris Paris, vers le 14 juin, je crois bien.<\/p>\n<p>\u00a0<\/p>\n<p><strong>M-H Chevalier<\/strong> : Avez-vous vu des r\u00e9fugi\u00e9s<\/p>\n<p>J.<strong>Roynard<\/strong>: Oui, des trains entiers. A Epinal, on leur donnait manger\u00a0: des gosses qui n\u2019avaient rien, des gens du nord qui allaient dans le sud\u2026 Certains sont pass\u00e9s en Suisse.<\/p>\n<p>\u00a0<\/p>\n<p><strong>M-H Chevalier<\/strong> : Pouvez-vous nous raconter comment vous avait \u00e9t\u00e9 fait prisonnier\u00a0?<\/p>\n<p><strong>J.Roynard<\/strong>: Il y avait 2 millions d\u2019hommes qui se tenaient derri\u00e8re la Ligne Maginot, cens\u00e9e nous prot\u00e9ger. Moi j\u2019\u00e9tais dans les Vosges. On \u00e9tait install\u00e9 dans une ancienne briqueterie, un b\u00e2timent immense, ouvert \u00e0 tous vents, sans porte ni fen\u00eatre. On n\u2019avait pas eu chaud pendant l\u2019hiver\u00a0! Il faisait tr\u00e8s froid.<\/p>\n<p>J\u2019ai \u00e9t\u00e9 fait prisonnier un apr\u00e8s-midi, nous \u00e9tions une quarantaine. En tr\u00e8s peu de temps, nous avons \u00e9t\u00e9 ramass\u00e9s comme des lapins\u00a0! Dans la for\u00eat, ils ont tir\u00e9 quelques coups de fusil, et on est sorti de nos planques. N\u2019\u00e9tant pas dans une unit\u00e9 combattante, on n\u2019avait pas d\u2019armes\u00a0!<\/p>\n<p>Sur les routes, il y avait beaucoup de prisonniers dans des camions. Au sommet du col du Bonhomme, on a pass\u00e9 la nuit dans un terrain vague. On \u00e9tait abruti, on n\u2019avait pas dormi. On est reparti, et le soir nous \u00e9tions \u00e0 Colmar <em>(situ\u00e9 en zone annex\u00e9e)<\/em>.<\/p>\n<p>Je suis rest\u00e9 \u00e0 Colmar pendant 1 mois, d\u2019o\u00f9 des convois de trains de prisonniers partaient pour l\u2019Allemagne. C\u2019\u00e9tait la p\u00e9riode des moissons, et il leur fallait de la main d\u2019\u0153uvre.<\/p>\n<p>C\u2019est comme \u00e7a que je me suis retrouv\u00e9 dans une ferme, quelques jours apr\u00e8s mon arriv\u00e9e au stalag <em>(camp de prisonniers)<\/em>.<\/p>\t\t\t\t\t\t\t\t<\/div>\n\t\t\t\t<\/div>\n\t\t\t\t<\/div>\n\t\t\t\t<\/div>\n\t\t<div class=\"elementor-element elementor-element-4b467bf e-con-full e-flex wpr-particle-no wpr-jarallax-no wpr-parallax-no wpr-sticky-section-no wpr-equal-height-no e-con e-parent\" data-id=\"4b467bf\" data-element_type=\"container\" data-e-type=\"container\" data-settings=\"{&quot;_ha_eqh_enable&quot;:false}\">\n\t\t<div class=\"elementor-element elementor-element-85b3231 e-con-full e-flex wpr-particle-no wpr-jarallax-no wpr-parallax-no wpr-sticky-section-no wpr-equal-height-no e-con e-child\" data-id=\"85b3231\" data-element_type=\"container\" data-e-type=\"container\" data-settings=\"{&quot;_ha_eqh_enable&quot;:false}\">\n\t\t\t\t<div class=\"elementor-element elementor-element-1c91904 elementor-widget__width-initial elementor-widget-tablet__width-initial exad-sticky-section-no exad-glass-effect-no elementor-widget elementor-widget-image\" data-id=\"1c91904\" data-element_type=\"widget\" data-e-type=\"widget\" data-widget_type=\"image.default\">\n\t\t\t\t<div class=\"elementor-widget-container\">\n\t\t\t\t\t\t\t\t\t\t\t\t\t\t\t<img decoding=\"async\" width=\"580\" height=\"401\" src=\"https:\/\/saint-georges-sur-loire-patrimoine.fr\/wp-content\/uploads\/2024\/08\/stalag-VIIA-1024x708.jpg\" class=\"attachment-large size-large wp-image-8093\" alt=\"Le stalag VII A\" srcset=\"https:\/\/saint-georges-sur-loire-patrimoine.fr\/wp-content\/uploads\/2024\/08\/stalag-VIIA-1024x708.jpg 1024w, https:\/\/saint-georges-sur-loire-patrimoine.fr\/wp-content\/uploads\/2024\/08\/stalag-VIIA-300x208.jpg 300w, https:\/\/saint-georges-sur-loire-patrimoine.fr\/wp-content\/uploads\/2024\/08\/stalag-VIIA-768x531.jpg 768w, https:\/\/saint-georges-sur-loire-patrimoine.fr\/wp-content\/uploads\/2024\/08\/stalag-VIIA-1536x1063.jpg 1536w, https:\/\/saint-georges-sur-loire-patrimoine.fr\/wp-content\/uploads\/2024\/08\/stalag-VIIA-2048x1417.jpg 2048w, https:\/\/saint-georges-sur-loire-patrimoine.fr\/wp-content\/uploads\/2024\/08\/stalag-VIIA-1200x830.jpg 1200w, https:\/\/saint-georges-sur-loire-patrimoine.fr\/wp-content\/uploads\/2024\/08\/stalag-VIIA-1980x1370.jpg 1980w\" sizes=\"(max-width: 580px) 100vw, 580px\" \/>\t\t\t\t\t\t\t\t\t\t\t\t\t\t\t<\/div>\n\t\t\t\t<\/div>\n\t\t\t\t<div class=\"elementor-element elementor-element-99920f1 exad-sticky-section-no exad-glass-effect-no elementor-widget elementor-widget-text-editor\" data-id=\"99920f1\" data-element_type=\"widget\" data-e-type=\"widget\" data-widget_type=\"text-editor.default\">\n\t\t\t\t<div class=\"elementor-widget-container\">\n\t\t\t\t\t\t\t\t\t<p>Le Stalag VIIA de Moosburg<\/p>\t\t\t\t\t\t\t\t<\/div>\n\t\t\t\t<\/div>\n\t\t\t\t<div class=\"elementor-element elementor-element-26c4a82 elementor-widget__width-initial elementor-widget-tablet__width-initial exad-sticky-section-no exad-glass-effect-no elementor-widget elementor-widget-image\" data-id=\"26c4a82\" data-element_type=\"widget\" data-e-type=\"widget\" data-widget_type=\"image.default\">\n\t\t\t\t<div class=\"elementor-widget-container\">\n\t\t\t\t\t\t\t\t\t\t\t\t\t\t\t<img decoding=\"async\" width=\"580\" height=\"387\" src=\"https:\/\/saint-georges-sur-loire-patrimoine.fr\/wp-content\/uploads\/2024\/08\/stalag-VIIA2-1024x684.jpg\" class=\"attachment-large size-large wp-image-8094\" alt=\"Les miradors du Stalag VIIA\" srcset=\"https:\/\/saint-georges-sur-loire-patrimoine.fr\/wp-content\/uploads\/2024\/08\/stalag-VIIA2-1024x684.jpg 1024w, https:\/\/saint-georges-sur-loire-patrimoine.fr\/wp-content\/uploads\/2024\/08\/stalag-VIIA2-300x201.jpg 300w, https:\/\/saint-georges-sur-loire-patrimoine.fr\/wp-content\/uploads\/2024\/08\/stalag-VIIA2-768x513.jpg 768w, https:\/\/saint-georges-sur-loire-patrimoine.fr\/wp-content\/uploads\/2024\/08\/stalag-VIIA2.jpg 1197w\" sizes=\"(max-width: 580px) 100vw, 580px\" \/>\t\t\t\t\t\t\t\t\t\t\t\t\t\t\t<\/div>\n\t\t\t\t<\/div>\n\t\t\t\t<div class=\"elementor-element elementor-element-1c1b2d9 exad-sticky-section-no exad-glass-effect-no elementor-widget elementor-widget-text-editor\" data-id=\"1c1b2d9\" data-element_type=\"widget\" data-e-type=\"widget\" data-widget_type=\"text-editor.default\">\n\t\t\t\t<div class=\"elementor-widget-container\">\n\t\t\t\t\t\t\t\t\t<p>Un des miradors du Stalag VIIA<\/p>\t\t\t\t\t\t\t\t<\/div>\n\t\t\t\t<\/div>\n\t\t\t\t<div class=\"elementor-element elementor-element-1899dbd elementor-widget__width-initial elementor-widget-tablet__width-initial exad-sticky-section-no exad-glass-effect-no elementor-widget elementor-widget-image\" data-id=\"1899dbd\" data-element_type=\"widget\" data-e-type=\"widget\" data-widget_type=\"image.default\">\n\t\t\t\t<div class=\"elementor-widget-container\">\n\t\t\t\t\t\t\t\t\t\t\t\t\t\t\t<img loading=\"lazy\" decoding=\"async\" width=\"462\" height=\"322\" src=\"https:\/\/saint-georges-sur-loire-patrimoine.fr\/wp-content\/uploads\/2024\/08\/stala-VIIA-plaque.jpg\" class=\"attachment-large size-large wp-image-8100\" alt=\"\" srcset=\"https:\/\/saint-georges-sur-loire-patrimoine.fr\/wp-content\/uploads\/2024\/08\/stala-VIIA-plaque.jpg 462w, https:\/\/saint-georges-sur-loire-patrimoine.fr\/wp-content\/uploads\/2024\/08\/stala-VIIA-plaque-300x209.jpg 300w\" sizes=\"(max-width: 462px) 100vw, 462px\" \/>\t\t\t\t\t\t\t\t\t\t\t\t\t\t\t<\/div>\n\t\t\t\t<\/div>\n\t\t\t\t<div class=\"elementor-element elementor-element-3d5e0a6 exad-sticky-section-no exad-glass-effect-no elementor-widget elementor-widget-text-editor\" data-id=\"3d5e0a6\" data-element_type=\"widget\" data-e-type=\"widget\" data-widget_type=\"text-editor.default\">\n\t\t\t\t<div class=\"elementor-widget-container\">\n\t\t\t\t\t\t\t\t\t<p>Plaque de matricule du Stalag VIIA<\/p>\t\t\t\t\t\t\t\t<\/div>\n\t\t\t\t<\/div>\n\t\t\t\t<\/div>\n\t\t<div class=\"elementor-element elementor-element-e976247 e-con-full e-flex wpr-particle-no wpr-jarallax-no wpr-parallax-no wpr-sticky-section-no wpr-equal-height-no e-con e-child\" data-id=\"e976247\" data-element_type=\"container\" data-e-type=\"container\" data-settings=\"{&quot;_ha_eqh_enable&quot;:false}\">\n\t\t\t\t<div class=\"elementor-element elementor-element-3f00226 exad-sticky-section-no exad-glass-effect-no elementor-widget elementor-widget-text-editor\" data-id=\"3f00226\" data-element_type=\"widget\" data-e-type=\"widget\" data-widget_type=\"text-editor.default\">\n\t\t\t\t<div class=\"elementor-widget-container\">\n\t\t\t\t\t\t\t\t\t<p><strong>M-H Chevalier<\/strong> : Comment se passait la vie au camp\u00a0?<\/p>\n<p><strong>J. Roynard<\/strong>: On a pris le train de nuit \u00e0 Neuf-Brisach (Haut-Rhin), et le lendemain on arrivait \u00e0 Munich. L\u00e0 on nous a donn\u00e9 de l\u2019eau, puis nous sommes partis pour le stalag <em>(Stalag VII A, Moosburg, situ\u00e9 en Bavi\u00e8re Rh\u00e9nane, au nord-est de Munich).<\/em><\/p>\n<p>\u00c7a, ce n\u2019\u00e9tait pas dr\u00f4le, je me souviens des rassemblements, et surtout des chiens\u2026 J\u2019avais plus peur d\u2019eux que des Allemands ! Le camp \u00e9tait dr\u00f4lement organis\u00e9, tr\u00e8s \u00e9quip\u00e9, avec des miradors. C\u2019\u00e9tait pas la joie. On nous a identifi\u00e9 et donn\u00e9 un matricule. Moi, j\u2019\u00e9tais le matricule 34.090, c\u2019est dire s\u2019il y en avait eu plein d\u2019autres avant moi.<\/p>\n<p>Ils ont form\u00e9 un groupe de 25 hommes, on est partis en train, puis on a march\u00e9 \u00e0 travers la campagne jusqu\u2019au village. Beaucoup se d\u00e9claraient cultivateur, pour aller en ferme plut\u00f4t qu\u2019\u00e0 l\u2019usine. Ils pensaient qu\u2019il y aurait plus \u00e0 manger.<\/p>\n<p>Au village, nous avons \u00e9t\u00e9 accueillis par le Maire et un garde champ\u00eatre dans une salle des f\u00eates. Des paysans sont venus voir la gueule qu\u2019on avait, et faisait leur choix. Il y en a un qui m\u2019a tap\u00e9 sur l\u2019\u00e9paule pour me d\u00e9signer. On \u00e9tait 2, j\u2019\u00e9tais avec un jeune instituteur.<\/p>\n<p>\u00a0<\/p>\n<p><strong>M-H Chevalier\u00a0<\/strong>: Comment s\u2019organisait votre vie ?<\/p>\n<p><strong>J.Roynard<\/strong>: Notre kommando de travail \u00e9tait compos\u00e9 de 2 groupes de 12 hommes. \u00c7a se passait bien, je n\u2019ai pas eu d\u2019histoires. Moi, j\u2019ai eu de la chance, le patron o\u00f9 je travaillais \u00e9tait au-dessus de la normale, c\u2019\u00e9tait \u00ab quelqu\u2019un \u00bb ! Il ne m\u2019a jamais emb\u00eat\u00e9. C\u2019est le rythme de la nature et le climat qui commandaient nos t\u00e2ches \u00e0 la ferme. L\u00e0 encore, Je m\u2019occupais des chevaux. Quelques temps plus tard, d\u2019autres prisonniers, des Yougoslaves, nous ont rejoints. J\u2019avais pour eux beaucoup d\u2019estime. Par commodit\u00e9 pour l\u2019administration, nous n\u2019\u00e9tions pas m\u00e9lang\u00e9s. Les relations entre prisonniers n\u2019\u00e9taient pas mauvaises. On \u00e9tait l\u00e0 par la force des choses, mais on n\u2019avait pas les m\u00eames id\u00e9es.<\/p>\n<p>\u00a0<\/p>\n<p><strong>M-H Chevalier<\/strong> : Vous avez une anecdote \u00e0 ce sujet\u00a0?<\/p>\n<p><strong>J.Roynard<\/strong>: On recevait des colis de la Croix-Rouge, dont on n\u2019avait pas vraiment besoin, car la nourriture qu\u2019on nous donnait n\u2019\u00e9tait pas si mauvaise. Les colis, c\u2019\u00e9tait pour tout le monde. Apr\u00e8s la distribution des bo\u00eetes de sardines, comme il en restait, on s\u2019est demand\u00e9 ce qu\u2019on pouvait en faire. Moi, j\u2019\u00e9tais de ceux qui voulaient en donner aux Yougoslaves, qui ne recevaient pas encore de colis \u00e0 ce moment l\u00e0. Mais comme certains ne voulaient pas, alors on leur a rien donn\u00e9.<\/p>\n<p>Peu de temps apr\u00e8s, ils ont eu aussi des colis, et l\u2019un d\u2019entre eux, un copain, a coup\u00e9 du jambon fum\u00e9 et pos\u00e9 un morceau sur chaque lit. Ceux qui leur avaient refus\u00e9 les sardines, ils l\u2019ont bien accept\u00e9 et mang\u00e9 ! Il y avait des \u00e9go\u00efstes, c\u2019est un mauvais souvenir\u2026<\/p>\n<p>\u00a0<\/p>\n<p><strong>M-H Chevalier\u00a0<\/strong>: Y a-t-il eu des tentatives d\u2019\u00e9vasion ?<\/p>\n<p><strong>J.Roynard<\/strong>: Oui, 2. Mais elles ont \u00e9chou\u00e9. Il y avait beaucoup de neige sur les Alpes bavaroises, et les passages \u00e9taient tr\u00e8s surveill\u00e9s. Mais je sais aussi qu\u2019il y avait des Allemands qui s\u2019en foutaient, qui aidaient des Fran\u00e7ais \u00e0 s\u2019\u00e9vader. Des soldats nous proposaient aussi d\u2019\u00e9crire des lettres \u00e0 nos familles, des lettres qui ne seraient pas censur\u00e9es comme \u00e0 l\u2019habitude. Je pensais \u00ab\u00a0Si j\u2019\u00e9tais \u00e0 leur place, est-ce que j\u2019en aurais fait autant\u00a0?\u00a0\u00bb<\/p>\t\t\t\t\t\t\t\t<\/div>\n\t\t\t\t<\/div>\n\t\t\t\t<\/div>\n\t\t\t\t<\/div>\n\t\t<div class=\"elementor-element elementor-element-d5dff28 e-con-full e-flex wpr-particle-no wpr-jarallax-no wpr-parallax-no wpr-sticky-section-no wpr-equal-height-no e-con e-parent\" data-id=\"d5dff28\" data-element_type=\"container\" data-e-type=\"container\" data-settings=\"{&quot;_ha_eqh_enable&quot;:false}\">\n\t\t<div class=\"elementor-element elementor-element-cdc8359 e-con-full e-flex wpr-particle-no wpr-jarallax-no wpr-parallax-no wpr-sticky-section-no wpr-equal-height-no e-con e-child\" data-id=\"cdc8359\" data-element_type=\"container\" data-e-type=\"container\" data-settings=\"{&quot;_ha_eqh_enable&quot;:false}\">\n\t\t\t\t<div class=\"elementor-element elementor-element-2a560bb exad-sticky-section-no exad-glass-effect-no elementor-widget elementor-widget-text-editor\" data-id=\"2a560bb\" data-element_type=\"widget\" data-e-type=\"widget\" data-widget_type=\"text-editor.default\">\n\t\t\t\t<div class=\"elementor-widget-container\">\n\t\t\t\t\t\t\t\t\t<p><strong>M-H Chevalie<\/strong>r : Aviez- vous des informations sur ce qui se passait en France ou sur des \u00e9v\u00e9nements qui vous ont marqu\u00e9 ?<\/p>\n<p><strong>J.Roynard<\/strong>: Au bout d\u2019un certain temps, j\u2019ai commenc\u00e9 \u00e0 demander des nouvelles au patron du caf\u00e9 devant lequel je passais tous les matins. Comme il avait confiance en moi, il me laissait \u00e9couter la BBC dans sa cuisine. Il fallait faire attention de ne pas se faire prendre\u00a0! Apr\u00e8s \u00e7a, mon patron a accept\u00e9 que nous ayons une radio. On avait alors une id\u00e9e de ce qui se passait. Pendant longtemps, \u00e7a ne bougeait pas beaucoup, puis il y a eu la Russie. On a senti que c\u2019\u00e9tait un coup dur pour les Allemands. Le jour o\u00f9 j\u2019ai appris l\u2019entr\u00e9e en guerre des Etats-Unis, je me souviens que je plantais des betteraves\u00a0! Avec le d\u00e9barquement de Normandie, beaucoup d\u2019Allemands ont re\u00e7u des ordres et sont partis. Il y a eu du changement, on nous a demand\u00e9 si on voulait \u00eatre libres, sans surveillance du gardien. On a refus\u00e9, car cela lib\u00e9rait des soldats pour aller faire la guerre\u00a0!<\/p>\n<p>\u00a0<\/p>\n<p><strong>M-H Chevalier<\/strong> : Quel souvenir gardez-vous de l\u2019avanc\u00e9e de troupes alli\u00e9es\u00a0?<\/p>\n<p><strong>J.Roynard : <\/strong>Moi, je l\u2019avais v\u00e9cu, la d\u00e9route des troupes fran\u00e7aises. Et l\u00e0, j\u2019\u00e9tais un spectateur de la d\u00e9route des Allemands\u00a0! Hitler s\u2019est suicid\u00e9 en avril, et j\u2019\u00e9tais lib\u00e9r\u00e9 en mai. Ce sont les Am\u00e9ricains qui nous ont lib\u00e9r\u00e9s, sans un seul coup de fusil. Ils ont envoy\u00e9 des imprim\u00e9s dans les kommandos nous demandant de continuer \u00e0 travailler, mais on s\u2019en foutait. Pendant 15 jours, on ne faisait plus rien. Il \u00e9tait temps que \u00e7a arrive, on ne supportait plus l\u2019autorit\u00e9 allemande. Je suis rentr\u00e9 en France par avion. On a mis 3 heures.<\/p>\n<p>\u00a0<\/p>\n<p><strong>M-H Chevalier\u00a0:<\/strong> Comment s\u2019est pass\u00e9 votre retour en France ?<\/p>\n<p><strong>J.Roynard<\/strong>: Un bon accueil. Il y avait des formalit\u00e9s \u00e0 remplir, et le train a mis un temps infini, \u00e0 cause des ponts coup\u00e9s\u2026Je suis arriv\u00e9e en Anjou le jour de la Pentec\u00f4te, au moment des communions. Personne ne m\u2019attendait. A la gare, on nous a emmen\u00e9s en camion et on nous a offert des g\u00e2teaux. Apr\u00e8s, avec mon baluchon, je suis parti par la rue Saint-Jacques et j\u2019ai fait du stop. Un homme qui allait \u00e0 un repas de famille \u00e0 Saint-Jean-de-Lini\u00e8res m\u2019a pris en charge jusqu\u2019\u00e0 chez moi. C\u2019\u00e9tait ferm\u00e9. Sur la route, j\u2019ai crois\u00e9 ma fille en communiante. Le gar\u00e7on, je ne le reconnaissais pas, m\u00eame si j\u2019avais eu des photos de temps en temps.<\/p>\n<p>\u00a0<\/p>\n<p><strong>M-H Chevalier<\/strong> : Quelle est votre opinion sur cette guerre\u00a0?<\/p>\n<p><strong>J.Roynard<\/strong>: Elle est compl\u00e8tement inutile pour moi, mais \u00e7a devait \u00eatre comme \u00e7a. Hitler est responsable, c\u2019\u00e9tait un malin. On a donn\u00e9 notre jeunesse, mais il y en a qui ont donn\u00e9 encore plus que \u00e7a\u00a0! J\u2019avais un copain qui, avec 2 ans de service, la mobilisation et sa captivit\u00e9, qui a fait 8 ans d\u2019affil\u00e9e\u00a0!<\/p>\n<p><strong>\u00a0<\/strong><\/p>\n<p><strong>M-H Chevalier\u00a0:<\/strong> Quels sont vos sentiments vis-\u00e0-vis de l\u2019Allemagne ?<\/p>\n<p><strong>J.Roynard<\/strong>: Je ne sais pas quoi dire. Je n\u2019ai aucune haine. Mais j\u2019ai eu la chance de tomber dans un milieu exceptionnel. Mon patron avait du bon sens. Je n\u2019ai pas de haine, la politique je ne sais pas ce que c\u2019est.<\/p>\n<p>La r\u00e9conciliation\u00a0? Je suis pour. Ma grand-m\u00e8re, elle a connu la guerre de 1870\u00a0! Ils sont venus en Sarthe quand elle avait une quinzaine d\u2019ann\u00e9es. Moi, je n\u2019ai entendu parler que de guerre\u00a0: 1870, 1914, la Dr\u00f4le de guerre, puis l\u2019Alg\u00e9rie par mes enfants.<\/p>\n<p>Moi, je voulais la paix.<\/p>\n<p>Est-ce que je suis pacifiste\u00a0? Je crois que oui.<\/p>\n<p>\u00a0<\/p>\t\t\t\t\t\t\t\t<\/div>\n\t\t\t\t<\/div>\n\t\t\t\t<\/div>\n\t\t<div class=\"elementor-element elementor-element-89800ba e-con-full e-flex wpr-particle-no wpr-jarallax-no wpr-parallax-no wpr-sticky-section-no wpr-equal-height-no e-con e-child\" data-id=\"89800ba\" data-element_type=\"container\" data-e-type=\"container\" data-settings=\"{&quot;_ha_eqh_enable&quot;:false}\">\n\t\t\t\t<div class=\"elementor-element elementor-element-683e1a6 elementor-widget__width-initial elementor-widget-tablet__width-initial exad-sticky-section-no exad-glass-effect-no elementor-widget elementor-widget-image\" data-id=\"683e1a6\" data-element_type=\"widget\" data-e-type=\"widget\" data-widget_type=\"image.default\">\n\t\t\t\t<div class=\"elementor-widget-container\">\n\t\t\t\t\t\t\t\t\t\t\t\t\t\t\t<img loading=\"lazy\" decoding=\"async\" width=\"580\" height=\"595\" src=\"https:\/\/saint-georges-sur-loire-patrimoine.fr\/wp-content\/uploads\/2024\/08\/J.Roynard2-999x1024.jpg\" class=\"attachment-large size-large wp-image-8095\" alt=\"Photographie de Joseph Roynard en 2011 lors de l&#039;interview\" srcset=\"https:\/\/saint-georges-sur-loire-patrimoine.fr\/wp-content\/uploads\/2024\/08\/J.Roynard2-999x1024.jpg 999w, https:\/\/saint-georges-sur-loire-patrimoine.fr\/wp-content\/uploads\/2024\/08\/J.Roynard2-293x300.jpg 293w, https:\/\/saint-georges-sur-loire-patrimoine.fr\/wp-content\/uploads\/2024\/08\/J.Roynard2-768x788.jpg 768w, https:\/\/saint-georges-sur-loire-patrimoine.fr\/wp-content\/uploads\/2024\/08\/J.Roynard2-1200x1230.jpg 1200w, https:\/\/saint-georges-sur-loire-patrimoine.fr\/wp-content\/uploads\/2024\/08\/J.Roynard2.jpg 1260w\" sizes=\"(max-width: 580px) 100vw, 580px\" \/>\t\t\t\t\t\t\t\t\t\t\t\t\t\t\t<\/div>\n\t\t\t\t<\/div>\n\t\t\t\t<div class=\"elementor-element elementor-element-3524194 exad-sticky-section-no exad-glass-effect-no elementor-widget elementor-widget-text-editor\" data-id=\"3524194\" data-element_type=\"widget\" data-e-type=\"widget\" data-widget_type=\"text-editor.default\">\n\t\t\t\t<div class=\"elementor-widget-container\">\n\t\t\t\t\t\t\t\t\t<p>Joseph Roynard en 2011<\/p>\t\t\t\t\t\t\t\t<\/div>\n\t\t\t\t<\/div>\n\t\t\t\t<\/div>\n\t\t\t\t<\/div>\n\t\t<div class=\"elementor-element elementor-element-10f59e5 e-flex e-con-boxed wpr-particle-no wpr-jarallax-no wpr-parallax-no wpr-sticky-section-no wpr-equal-height-no e-con e-parent\" data-id=\"10f59e5\" data-element_type=\"container\" data-e-type=\"container\" data-settings=\"{&quot;_ha_eqh_enable&quot;:false}\">\n\t\t\t\t\t<div class=\"e-con-inner\">\n\t\t\t\t<div class=\"elementor-element elementor-element-6ccb2bf exad-sticky-section-no exad-glass-effect-no elementor-widget elementor-widget-spacer\" data-id=\"6ccb2bf\" data-element_type=\"widget\" data-e-type=\"widget\" data-widget_type=\"spacer.default\">\n\t\t\t\t<div class=\"elementor-widget-container\">\n\t\t\t\t\t\t\t<div class=\"elementor-spacer\">\n\t\t\t<div class=\"elementor-spacer-inner\"><\/div>\n\t\t<\/div>\n\t\t\t\t\t\t<\/div>\n\t\t\t\t<\/div>\n\t\t\t\t\t<\/div>\n\t\t\t\t<\/div>\n\t\t\t\t<\/div>\n\t\t","protected":false},"excerpt":{"rendered":"<p>Prisonnier de guerre dans une ferme en Allemagne 1939-1945 : Seconde Guerre Mondiale En 2011, Joseph Roynard, r\u00e9sidant \u00e0 la Maison de retraite de Saint-Georges-sur-Loire, avait \u00e9t\u00e9 interview\u00e9 pour le magazine municipal. Cet ancien combattant et prisonnier de guerre de la Seconde Guerre mondiale avait re\u00e7u en mai 2010, le dipl\u00f4me d\u2019honneur d\u2019ancien combattant 1939-1945. De mani\u00e8re \u00e0 sauvegarder ce t\u00e9moignage pr\u00e9cieux,\u00a0 Marie-H\u00e9l\u00e8ne Chevalier, responsable des t\u00e9moignages oraux aux Archives d\u00e9partementales de Maine-et-Loire, avait guid\u00e9 l\u2019entretien et l\u2019avait enregistr\u00e9. Joseph Roynard en uniforme M-H Chevalier\u00a0: Monsieur Roynard, pouvez-vous vous pr\u00e9senter ? J. Roynard : Je suis n\u00e9 le 14 juillet 1909 \u00e0 Beaucouz\u00e9. Mes parents \u00e9taient cultivateurs dans une ferme pr\u00e8s de Saint-Jean-de-Lini\u00e8res. En 1913, nous sommes partis pour nous installer \u00e0 Saint-Martin-du-Fouilloux, j\u2019avais alors 4 ans. En 1914, la Premi\u00e8re Guerre mondiale a \u00e9clat\u00e9. Mon p\u00e8re, mobilis\u00e9, a pris le Petit-Anjou pour rejoindre le 7\u00e8me G\u00e9nie. En Belgique, il a \u00e9t\u00e9 fait prisonnier et rest\u00e9 4 ans en captivit\u00e9 en Allemagne. Moi et ma s\u0153ur, nous allions \u00e0 l\u2019\u00e9cole, mais comme je n\u2019\u00e9tais pas tr\u00e8s bon, je suis devenu salari\u00e9 agricole. J\u2019ai fait mon service militaire dans le 5\u00e8me r\u00e9giment de cuirassiers \u00e0 Pontoise. Une aubaine pour moi, qui adore m\u2019occuper des chevaux. Apr\u00e8s un an de service, je me suis mari\u00e9, en 1933. A partir de l\u00e0, j\u2019ai travaill\u00e9 chez un ch\u00e2telain \u00e0 Savenni\u00e8res. Ensuite, le temps a pass\u00e9, et les \u00e9v\u00e9nements se sont pr\u00e9cipit\u00e9s\u2026 \u00a0 M-H Chevalier : Vous souvenez-vous d\u2019\u00e9v\u00e9nements qui ont pr\u00e9c\u00e9d\u00e9 la d\u00e9claration de guerre\u00a0? J. Roynard: Hitler \u00e9tait un homme qui faisait du bruit. Il disait beaucoup de mensonges. En 1938, je me rappelle de la signature des accords de Munich (Les accords de Munich ont \u00e9t\u00e9 sign\u00e9s entre l\u2019Allemagne, la France, le Royaume-Uni et l\u2019Italie en r\u00e8glement de la crise des Sud\u00e8tes et marque la fin de la Tch\u00e9coslovaquie comme \u00e9tat ind\u00e9pendant, en \u00e9change de vagues promesses de paix d\u2019Hitler) . Hitler ne respectait rien du tout, il voulait dominer l\u2019Europe. J\u2019ai \u00e9t\u00e9 rappel\u00e9 chez les hussards, \u00e0 Saumur\u2026 En 1939, il y a eu la mobilisation, et je me suis retrouv\u00e9 dans la cavalerie, \u00e0 Niort, avant de rejoindre Lun\u00e9ville (en Meurthe-et-Moselle), o\u00f9 nous \u00e9tions entre 300 et 400 hommes \u00e0 nous occuper des chevaux de r\u00e9quisition (la Remonte), c&rsquo;est-\u00e0-dire des chevaux de labour&#8230; pas vraiment faits pour les courses \u00e0 Longchamp\u00a0! Mon \u00e9tat d\u2019esprit au moment de la mobilisation, je ne sais pas quoi vous dire. Au gouvernement, on n\u2019avait que des patates. On n\u2019avait pas de de Gaulle \u00e0 ce moment l\u00e0. On nous racontait que la Ligne Maginot \u00e9tait infranchissable, que l\u2019Allemagne n\u2019avait personne pour les commander, qu\u2019on \u00e9tait les plus forts\u2026 Au d\u00e9p\u00f4t, il ne se passait pas grand-chose. Moi, je passais mon temps \u00e0 m\u2019occuper des chevaux, on les sortait, on les promenait. Et puis, j\u2019ai eu une permission. Je me souviens que pour la premi\u00e8re fois, j\u2019ai assist\u00e9 \u00e0 une pi\u00e8ce de th\u00e9\u00e2tre, jou\u00e9e par des soldats qui \u00e9taient com\u00e9diens. En mai 1940, Hitler envahit la France, il y a eu des bombardements, les gens de Belgique et les Fran\u00e7ais sur la fronti\u00e8re ne faisaient pas le poids face \u00e0 des Allemands qui avaient des \u00e9quipements incroyables, des avions\u2026 Tr\u00e8s vite, les Allemands ont pris Paris, vers le 14 juin, je crois bien. \u00a0 M-H Chevalier : Avez-vous vu des r\u00e9fugi\u00e9s J.Roynard: Oui, des trains entiers. A Epinal, on leur donnait manger\u00a0: des gosses qui n\u2019avaient rien, des gens du nord qui allaient dans le sud\u2026 Certains sont pass\u00e9s en Suisse. \u00a0 M-H Chevalier : Pouvez-vous nous raconter comment vous avait \u00e9t\u00e9 fait prisonnier\u00a0? J.Roynard: Il y avait 2 millions d\u2019hommes qui se tenaient derri\u00e8re la Ligne Maginot, cens\u00e9e nous prot\u00e9ger. Moi j\u2019\u00e9tais dans les Vosges. On \u00e9tait install\u00e9 dans une ancienne briqueterie, un b\u00e2timent immense, ouvert \u00e0 tous vents, sans porte ni fen\u00eatre. On n\u2019avait pas eu chaud pendant l\u2019hiver\u00a0! Il faisait tr\u00e8s froid. J\u2019ai \u00e9t\u00e9 fait prisonnier un apr\u00e8s-midi, nous \u00e9tions une quarantaine. En tr\u00e8s peu de temps, nous avons \u00e9t\u00e9 ramass\u00e9s comme des lapins\u00a0! Dans la for\u00eat, ils ont tir\u00e9 quelques coups de fusil, et on est sorti de nos planques. N\u2019\u00e9tant pas dans une unit\u00e9 combattante, on n\u2019avait pas d\u2019armes\u00a0! Sur les routes, il y avait beaucoup de prisonniers dans des camions. Au sommet du col du Bonhomme, on a pass\u00e9 la nuit dans un terrain vague. On \u00e9tait abruti, on n\u2019avait pas dormi. On est reparti, et le soir nous \u00e9tions \u00e0 Colmar (situ\u00e9 en zone annex\u00e9e). Je suis rest\u00e9 \u00e0 Colmar pendant 1 mois, d\u2019o\u00f9 des convois de trains de prisonniers partaient pour l\u2019Allemagne. C\u2019\u00e9tait la p\u00e9riode des moissons, et il leur fallait de la main d\u2019\u0153uvre. C\u2019est comme \u00e7a que je me suis retrouv\u00e9 dans une ferme, quelques jours apr\u00e8s mon arriv\u00e9e au stalag (camp de prisonniers). Le Stalag VIIA de Moosburg Un des miradors du Stalag VIIA Plaque de matricule du Stalag VIIA M-H Chevalier : Comment se passait la vie au camp\u00a0? J. Roynard: On a pris le train de nuit \u00e0 Neuf-Brisach (Haut-Rhin), et le lendemain on arrivait \u00e0 Munich. L\u00e0 on nous a donn\u00e9 de l\u2019eau, puis nous sommes partis pour le stalag (Stalag VII A, Moosburg, situ\u00e9 en Bavi\u00e8re Rh\u00e9nane, au nord-est de Munich). \u00c7a, ce n\u2019\u00e9tait pas dr\u00f4le, je me souviens des rassemblements, et surtout des chiens\u2026 J\u2019avais plus peur d\u2019eux que des Allemands ! Le camp \u00e9tait dr\u00f4lement organis\u00e9, tr\u00e8s \u00e9quip\u00e9, avec des miradors. C\u2019\u00e9tait pas la joie. On nous a identifi\u00e9 et donn\u00e9 un matricule. Moi, j\u2019\u00e9tais le matricule 34.090, c\u2019est dire s\u2019il y en avait eu plein d\u2019autres avant moi. Ils ont form\u00e9 un groupe de 25 hommes, on est partis en train, puis on a march\u00e9 \u00e0 travers la campagne jusqu\u2019au village. Beaucoup se d\u00e9claraient cultivateur, pour aller en ferme plut\u00f4t qu\u2019\u00e0 l\u2019usine. Ils pensaient qu\u2019il y aurait plus \u00e0 manger. Au village, nous avons \u00e9t\u00e9 accueillis par le Maire et un garde champ\u00eatre dans une salle des f\u00eates. Des paysans sont venus voir la gueule qu\u2019on<\/p>\n","protected":false},"author":1,"featured_media":0,"comment_status":"open","ping_status":"open","sticky":false,"template":"elementor_canvas","format":"standard","meta":{"_seopress_robots_primary_cat":"","_seopress_titles_title":"Prisonnier de guerre - Saint Georges Patrimoine","_seopress_titles_desc":"T\u00e9moignage de Joseph Roynard en 2011, fait prisonnier pendant la 2eme guerre mondiale en Allemagne.","_seopress_robots_index":"","_monsterinsights_skip_tracking":false,"_monsterinsights_sitenote_active":false,"_monsterinsights_sitenote_note":"","_monsterinsights_sitenote_category":0,"postBodyCss":"","postBodyMargin":[],"postBodyPadding":[],"postBodyBackground":{"backgroundType":"classic","gradient":""},"footnotes":""},"categories":[10],"tags":[],"class_list":["post-8085","post","type-post","status-publish","format-standard","hentry","category-article"],"_links":{"self":[{"href":"https:\/\/saint-georges-sur-loire-patrimoine.fr\/index.php\/wp-json\/wp\/v2\/posts\/8085","targetHints":{"allow":["GET"]}}],"collection":[{"href":"https:\/\/saint-georges-sur-loire-patrimoine.fr\/index.php\/wp-json\/wp\/v2\/posts"}],"about":[{"href":"https:\/\/saint-georges-sur-loire-patrimoine.fr\/index.php\/wp-json\/wp\/v2\/types\/post"}],"author":[{"embeddable":true,"href":"https:\/\/saint-georges-sur-loire-patrimoine.fr\/index.php\/wp-json\/wp\/v2\/users\/1"}],"replies":[{"embeddable":true,"href":"https:\/\/saint-georges-sur-loire-patrimoine.fr\/index.php\/wp-json\/wp\/v2\/comments?post=8085"}],"version-history":[{"count":25,"href":"https:\/\/saint-georges-sur-loire-patrimoine.fr\/index.php\/wp-json\/wp\/v2\/posts\/8085\/revisions"}],"predecessor-version":[{"id":9596,"href":"https:\/\/saint-georges-sur-loire-patrimoine.fr\/index.php\/wp-json\/wp\/v2\/posts\/8085\/revisions\/9596"}],"wp:attachment":[{"href":"https:\/\/saint-georges-sur-loire-patrimoine.fr\/index.php\/wp-json\/wp\/v2\/media?parent=8085"}],"wp:term":[{"taxonomy":"category","embeddable":true,"href":"https:\/\/saint-georges-sur-loire-patrimoine.fr\/index.php\/wp-json\/wp\/v2\/categories?post=8085"},{"taxonomy":"post_tag","embeddable":true,"href":"https:\/\/saint-georges-sur-loire-patrimoine.fr\/index.php\/wp-json\/wp\/v2\/tags?post=8085"}],"curies":[{"name":"wp","href":"https:\/\/api.w.org\/{rel}","templated":true}]}}