{"id":7855,"date":"2024-07-26T10:45:45","date_gmt":"2024-07-26T08:45:45","guid":{"rendered":"https:\/\/saint-georges-sur-loire-patrimoine.fr\/?p=7855"},"modified":"2024-10-04T16:48:32","modified_gmt":"2024-10-04T14:48:32","slug":"occupation-prussienne","status":"publish","type":"post","link":"https:\/\/saint-georges-sur-loire-patrimoine.fr\/index.php\/2024\/07\/26\/occupation-prussienne\/","title":{"rendered":"Occupation prussienne"},"content":{"rendered":"\t\t<div data-elementor-type=\"wp-post\" data-elementor-id=\"7855\" class=\"elementor elementor-7855\" data-elementor-settings=\"{&quot;ha_cmc_init_switcher&quot;:&quot;no&quot;}\">\n\t\t\t\t<div class=\"elementor-element elementor-element-9f35156 e-flex e-con-boxed wpr-particle-no wpr-jarallax-no wpr-parallax-no wpr-sticky-section-no wpr-equal-height-no e-con e-parent\" data-id=\"9f35156\" data-element_type=\"container\" data-e-type=\"container\" data-settings=\"{&quot;_ha_eqh_enable&quot;:false}\">\n\t\t\t\t\t<div class=\"e-con-inner\">\n\t\t\t\t<div class=\"elementor-element elementor-element-f62d062 exad-sticky-section-no exad-glass-effect-no elementor-widget elementor-widget-spacer\" data-id=\"f62d062\" data-element_type=\"widget\" data-e-type=\"widget\" data-widget_type=\"spacer.default\">\n\t\t\t\t<div class=\"elementor-widget-container\">\n\t\t\t\t\t\t\t<div class=\"elementor-spacer\">\n\t\t\t<div class=\"elementor-spacer-inner\"><\/div>\n\t\t<\/div>\n\t\t\t\t\t\t<\/div>\n\t\t\t\t<\/div>\n\t\t\t\t\t<\/div>\n\t\t\t\t<\/div>\n\t\t<div class=\"elementor-element elementor-element-67a16ce e-flex e-con-boxed wpr-particle-no wpr-jarallax-no wpr-parallax-no wpr-sticky-section-no wpr-equal-height-no e-con e-parent\" data-id=\"67a16ce\" data-element_type=\"container\" data-e-type=\"container\" data-settings=\"{&quot;background_background&quot;:&quot;gradient&quot;,&quot;_ha_eqh_enable&quot;:false}\">\n\t\t\t\t\t<div class=\"e-con-inner\">\n\t\t\t\t<div class=\"elementor-element elementor-element-9ca163f exad-sticky-section-no exad-glass-effect-no elementor-widget elementor-widget-spacer\" data-id=\"9ca163f\" data-element_type=\"widget\" data-e-type=\"widget\" data-widget_type=\"spacer.default\">\n\t\t\t\t<div class=\"elementor-widget-container\">\n\t\t\t\t\t\t\t<div class=\"elementor-spacer\">\n\t\t\t<div class=\"elementor-spacer-inner\"><\/div>\n\t\t<\/div>\n\t\t\t\t\t\t<\/div>\n\t\t\t\t<\/div>\n\t\t\t\t<div class=\"elementor-element elementor-element-3551af4 exad-sticky-section-no exad-glass-effect-no elementor-widget elementor-widget-heading\" data-id=\"3551af4\" data-element_type=\"widget\" data-e-type=\"widget\" data-widget_type=\"heading.default\">\n\t\t\t\t<div class=\"elementor-widget-container\">\n\t\t\t\t\t<h1 class=\"elementor-heading-title elementor-size-default\">L'occupation prussienne<\/h1>\t\t\t\t<\/div>\n\t\t\t\t<\/div>\n\t\t\t\t<div class=\"elementor-element elementor-element-875e89b exad-sticky-section-no exad-glass-effect-no elementor-widget elementor-widget-heading\" data-id=\"875e89b\" data-element_type=\"widget\" data-e-type=\"widget\" data-widget_type=\"heading.default\">\n\t\t\t\t<div class=\"elementor-widget-container\">\n\t\t\t\t\t<h2 class=\"elementor-heading-title elementor-size-default\">1815 : Premier empire<\/h2>\t\t\t\t<\/div>\n\t\t\t\t<\/div>\n\t\t\t\t<div class=\"elementor-element elementor-element-60b6ea7 exad-sticky-section-no exad-glass-effect-no elementor-widget elementor-widget-spacer\" data-id=\"60b6ea7\" data-element_type=\"widget\" data-e-type=\"widget\" data-widget_type=\"spacer.default\">\n\t\t\t\t<div class=\"elementor-widget-container\">\n\t\t\t\t\t\t\t<div class=\"elementor-spacer\">\n\t\t\t<div class=\"elementor-spacer-inner\"><\/div>\n\t\t<\/div>\n\t\t\t\t\t\t<\/div>\n\t\t\t\t<\/div>\n\t\t\t\t\t<\/div>\n\t\t\t\t<\/div>\n\t\t<div class=\"elementor-element elementor-element-ef2b2fb e-con-full e-flex wpr-particle-no wpr-jarallax-no wpr-parallax-no wpr-sticky-section-no wpr-equal-height-no e-con e-parent\" data-id=\"ef2b2fb\" data-element_type=\"container\" data-e-type=\"container\" data-settings=\"{&quot;background_background&quot;:&quot;classic&quot;,&quot;_ha_eqh_enable&quot;:false}\">\n\t\t<div class=\"elementor-element elementor-element-04e0526 e-con-full e-flex wpr-particle-no wpr-jarallax-no wpr-parallax-no wpr-sticky-section-no wpr-equal-height-no e-con e-child\" data-id=\"04e0526\" data-element_type=\"container\" data-e-type=\"container\" data-settings=\"{&quot;_ha_eqh_enable&quot;:false}\">\n\t\t\t\t<div class=\"elementor-element elementor-element-96b9540 elementor-widget__width-initial elementor-widget-mobile__width-initial exad-sticky-section-no exad-glass-effect-no elementor-widget elementor-widget-image\" data-id=\"96b9540\" data-element_type=\"widget\" data-e-type=\"widget\" data-widget_type=\"image.default\">\n\t\t\t\t<div class=\"elementor-widget-container\">\n\t\t\t\t\t\t\t\t\t\t\t\t\t\t\t<img fetchpriority=\"high\" decoding=\"async\" width=\"515\" height=\"930\" src=\"https:\/\/saint-georges-sur-loire-patrimoine.fr\/wp-content\/uploads\/2024\/07\/Johann_Adolf_Freiherr_vonThielmann.jpg\" class=\"attachment-large size-large wp-image-7857\" alt=\"Portrait du g\u00e9n\u00e9ral Thielmann\" srcset=\"https:\/\/saint-georges-sur-loire-patrimoine.fr\/wp-content\/uploads\/2024\/07\/Johann_Adolf_Freiherr_vonThielmann.jpg 515w, https:\/\/saint-georges-sur-loire-patrimoine.fr\/wp-content\/uploads\/2024\/07\/Johann_Adolf_Freiherr_vonThielmann-166x300.jpg 166w\" sizes=\"(max-width: 515px) 100vw, 515px\" \/>\t\t\t\t\t\t\t\t\t\t\t\t\t\t\t<\/div>\n\t\t\t\t<\/div>\n\t\t\t\t<div class=\"elementor-element elementor-element-b0e5d27 elementor-widget__width-initial exad-sticky-section-no exad-glass-effect-no elementor-widget elementor-widget-text-editor\" data-id=\"b0e5d27\" data-element_type=\"widget\" data-e-type=\"widget\" data-widget_type=\"text-editor.default\">\n\t\t\t\t<div class=\"elementor-widget-container\">\n\t\t\t\t\t\t\t\t\t<p>Portrait du g\u00e9n\u00e9ral Thielmann<\/p>\t\t\t\t\t\t\t\t<\/div>\n\t\t\t\t<\/div>\n\t\t\t\t<\/div>\n\t\t<div class=\"elementor-element elementor-element-6816544 e-con-full e-flex wpr-particle-no wpr-jarallax-no wpr-parallax-no wpr-sticky-section-no wpr-equal-height-no e-con e-child\" data-id=\"6816544\" data-element_type=\"container\" data-e-type=\"container\" data-settings=\"{&quot;_ha_eqh_enable&quot;:false}\">\n\t\t\t\t<div class=\"elementor-element elementor-element-f9785ec exad-sticky-section-no exad-glass-effect-no elementor-widget elementor-widget-text-editor\" data-id=\"f9785ec\" data-element_type=\"widget\" data-e-type=\"widget\" data-widget_type=\"text-editor.default\">\n\t\t\t\t<div class=\"elementor-widget-container\">\n\t\t\t\t\t\t\t\t\t<p>Bien avant l\u2019occupation allemande de 1940, Saint Georges sur Loire avait connu d\u00e8s le XIX\u00e8me si\u00e8cle la pr\u00e9sence de soldats venus de Berlin. C\u2019\u00e9tait en 1815. Les saint-georgeois venaient de traverser une p\u00e9riode tr\u00e8s sombre avec la R\u00e9volution.<\/p><p>En avril 1814, l\u2019empereur Napol\u00e9on 1er, dont les arm\u00e9es avaient conquis, puis perdu une bonne partie de l\u2019Europe, avait \u00e9t\u00e9 contraint d\u2019abandonner le pouvoir et d\u2019accepter l\u2019exil \u00e0 l\u2019\u00eele d\u2019Elbe, en M\u00e9diterran\u00e9e. Il n\u2019y \u00e9tait pas rest\u00e9 longtemps. D\u00e8s mars 1815, \u00e9vad\u00e9 de son \u00eele, trop petite pour lui, il s\u2019\u00e9tait \u00e0 nouveau empar\u00e9 du pouvoir imp\u00e9rial pendant trois mois : ce sont les Cent Jours. Puis, les Anglais et leurs alli\u00e9s europ\u00e9ens l\u2019avaient battu \u00e0 Waterloo, avant de l\u2019envoyer sur l\u2019\u00eele brumeuse de Sainte-H\u00e9l\u00e8ne, perdue dans les brouillards atlantiques. Il devait y mourir. Les fr\u00e8res de Louis XVI occup\u00e8rent alors, l\u2019un apr\u00e8s l\u2019autre, le tr\u00f4ne de France.<br \/>Ah qu\u2019il \u00e9tait difficile d\u2019affirmer une fid\u00e9lit\u00e9 politique en ces temps troubl\u00e9s, propices aux retournements, aux serments contradictoires ! Le conseil municipal de Saint-Georges, pr\u00e9sid\u00e9 par Julien Alexis Faugeron, officier de sant\u00e9, n\u2019a pas \u00e9chapp\u00e9 \u00e0 ces reniements. Lui qui s\u2019\u00e9tait empress\u00e9 d\u2019adresser \u00ab sa soumission et sa reconnaissance aux Bourbons \u00bb et de renouveler \u00ab son serment de fid\u00e9lit\u00e9 au Roy \u00bb Louis XVIII, monarque pendant le premier exil de Napol\u00e9on, r\u00e9affirme sa loyaut\u00e9 \u00e0 l\u2019empereur \u00e0 nouveau ma\u00eetre du pays, le 18 avril 1815, c\u2019est \u00e0 dire pendant les Cent Jours ! Il va sans dire qu\u2019au bout de cette p\u00e9riode, et l\u2019empereur \u00e0 jamais d\u00e9chu, il proteste de son attachement et de son absolue soumission \u00e0 Louis XVIII revenu d\u00e9finitivement au pouvoir.<br \/>Les alli\u00e9s, vainqueurs des arm\u00e9es imp\u00e9riales, avaient \u00e9t\u00e9 indign\u00e9s par ces gesticulations politiques, et, persuad\u00e9s qu\u2019ils ne pouvaient faire confiance \u00e0 ces diables de Fran\u00e7ais, avaient d\u00e9cid\u00e9 d\u2019occuper une partie de la France, prenant aussi leur revanche sur ce pays si longtemps conqu\u00e9rant. Une nouvelle insurrection serait alors impossible. La coalition, compos\u00e9e d\u2019Anglais, d\u2019Autrichiens, de Russes et de Prussiens envoya 1 200 000 hommes qui occup\u00e8rent 61 d\u00e9partements. Et c\u2019est ainsi que Saint-Georges vit arriver les Prussiens du 3e corps d\u2019arm\u00e9e command\u00e9 par le g\u00e9n\u00e9ral Thielmann.<\/p>\t\t\t\t\t\t\t\t<\/div>\n\t\t\t\t<\/div>\n\t\t\t\t<\/div>\n\t\t\t\t<\/div>\n\t\t<div class=\"elementor-element elementor-element-4b467bf e-con-full e-flex wpr-particle-no wpr-jarallax-no wpr-parallax-no wpr-sticky-section-no wpr-equal-height-no e-con e-parent\" data-id=\"4b467bf\" data-element_type=\"container\" data-e-type=\"container\" data-settings=\"{&quot;_ha_eqh_enable&quot;:false}\">\n\t\t<div class=\"elementor-element elementor-element-85b3231 e-con-full e-flex wpr-particle-no wpr-jarallax-no wpr-parallax-no wpr-sticky-section-no wpr-equal-height-no e-con e-child\" data-id=\"85b3231\" data-element_type=\"container\" data-e-type=\"container\" data-settings=\"{&quot;_ha_eqh_enable&quot;:false}\">\n\t\t\t\t<div class=\"elementor-element elementor-element-37561de elementor-widget__width-initial elementor-widget-tablet__width-initial exad-sticky-section-no exad-glass-effect-no elementor-widget elementor-widget-image\" data-id=\"37561de\" data-element_type=\"widget\" data-e-type=\"widget\" data-widget_type=\"image.default\">\n\t\t\t\t<div class=\"elementor-widget-container\">\n\t\t\t\t\t\t\t\t\t\t\t\t\t\t\t<img decoding=\"async\" width=\"580\" height=\"1003\" src=\"https:\/\/saint-georges-sur-loire-patrimoine.fr\/wp-content\/uploads\/2024\/07\/Hussard_prussien_du_regiment_Puttkamer-592x1024.jpg\" class=\"attachment-large size-large wp-image-7858\" alt=\"\" srcset=\"https:\/\/saint-georges-sur-loire-patrimoine.fr\/wp-content\/uploads\/2024\/07\/Hussard_prussien_du_regiment_Puttkamer-592x1024.jpg 592w, https:\/\/saint-georges-sur-loire-patrimoine.fr\/wp-content\/uploads\/2024\/07\/Hussard_prussien_du_regiment_Puttkamer-174x300.jpg 174w, https:\/\/saint-georges-sur-loire-patrimoine.fr\/wp-content\/uploads\/2024\/07\/Hussard_prussien_du_regiment_Puttkamer.jpg 694w\" sizes=\"(max-width: 580px) 100vw, 580px\" \/>\t\t\t\t\t\t\t\t\t\t\t\t\t\t\t<\/div>\n\t\t\t\t<\/div>\n\t\t\t\t<div class=\"elementor-element elementor-element-99920f1 elementor-widget__width-initial exad-sticky-section-no exad-glass-effect-no elementor-widget elementor-widget-text-editor\" data-id=\"99920f1\" data-element_type=\"widget\" data-e-type=\"widget\" data-widget_type=\"text-editor.default\">\n\t\t\t\t<div class=\"elementor-widget-container\">\n\t\t\t\t\t\t\t\t\t<p>Hussard prussien<\/p>\t\t\t\t\t\t\t\t<\/div>\n\t\t\t\t<\/div>\n\t\t\t\t<\/div>\n\t\t<div class=\"elementor-element elementor-element-e976247 e-con-full e-flex wpr-particle-no wpr-jarallax-no wpr-parallax-no wpr-sticky-section-no wpr-equal-height-no e-con e-child\" data-id=\"e976247\" data-element_type=\"container\" data-e-type=\"container\" data-settings=\"{&quot;_ha_eqh_enable&quot;:false}\">\n\t\t\t\t<div class=\"elementor-element elementor-element-3f00226 elementor-widget__width-initial exad-sticky-section-no exad-glass-effect-no elementor-widget elementor-widget-text-editor\" data-id=\"3f00226\" data-element_type=\"widget\" data-e-type=\"widget\" data-widget_type=\"text-editor.default\">\n\t\t\t\t<div class=\"elementor-widget-container\">\n\t\t\t\t\t\t\t\t\t<p>L\u2019Allemagne alors n\u2019existait pas encore. Elle \u00e9tait compos\u00e9e de petits \u00e9tats ind\u00e9pendants, parmi lesquels la Prusse, forte et militaris\u00e9e, qui occupait, avec Berlin sa capitale, une position de premi\u00e8re importance. Les voil\u00e0 donc ces soldats qu\u2019il faut loger, nourrir et supporter. Effroi probable de la population ! Il leur faut du pain, du vin, de la viande, de l\u2019eau de vie, du tabac, et de l\u2019avoine, et de la paille, et du fourrage pour leurs chevaux ! Le conseil municipal s\u2019inqui\u00e8te de l\u2019approvisionnement exig\u00e9, et met toutes ces fournitures \u00ab au rabais \u00bb, c\u2019est \u00e0 dire au prix le plus bas possible. Le boucher Gourdon propose la viande \u00e0 14 sols le kg ; le cabaretier Mathurin Rousseau emporte le march\u00e9 du vin qu\u2019il fournira \u00e0 9 sols la bouteille. Quant au pain, c\u2019est le boulanger Lem\u00e9e qui le propose au prix de la mercuriale.<br \/>Pour ce qui est du tabac et de l\u2019eau de vie, on traitera plus tard avec le capitaine qui commande le d\u00e9tachement. Il s\u2019agit de parer au plus press\u00e9, et les accords paraissent clairs. Mais on ne tarde pas \u00e0 d\u00e9chanter. Les Prussiens \u00absont exigeants et emport\u00e9s.\u00bb Il faut encore ferrer leurs chevaux, entretenir leurs \u00e9quipages, fournir de la lumi\u00e8re. Ils consomment \u00ab les viande, vin, tabac et eau de vie au del\u00e0 de la probabilit\u00e9, et beaucoup plus que trois hommes ordinaires. \u00bb <br \/>Les ressources de la commune n\u2019y suffisent pas : elle ne peut m\u00eame pas fournir tout le vin et l\u2019avoine consomm\u00e9s, qu\u2019il faut acheter ailleurs\u2026<\/p><p>Il faudra, une fois encore utiliser les vieilles recettes, c\u2019est \u00e0 dire lever un nouvel imp\u00f4t. La d\u00e9pense journali\u00e8re li\u00e9e \u00e0 l\u2019occupation s\u2019\u00e9l\u00e8ve \u00e0 150 francs par jour. Apr\u00e8s de longues r\u00e9flexions, avec beaucoup de r\u00e9ticences, le conseil municipal d\u00e9cide de lever \u00ab 12 centimes et demi par franc sur l\u2019imp\u00f4t foncier\u00bb. La pr\u00e9sence des Prussiens p\u00e8se de plus en plus.<\/p>\t\t\t\t\t\t\t\t<\/div>\n\t\t\t\t<\/div>\n\t\t\t\t<\/div>\n\t\t\t\t<\/div>\n\t\t<div class=\"elementor-element elementor-element-d5dff28 e-con-full e-flex wpr-particle-no wpr-jarallax-no wpr-parallax-no wpr-sticky-section-no wpr-equal-height-no e-con e-parent\" data-id=\"d5dff28\" data-element_type=\"container\" data-e-type=\"container\" data-settings=\"{&quot;_ha_eqh_enable&quot;:false}\">\n\t\t<div class=\"elementor-element elementor-element-cdc8359 e-con-full e-flex wpr-particle-no wpr-jarallax-no wpr-parallax-no wpr-sticky-section-no wpr-equal-height-no e-con e-child\" data-id=\"cdc8359\" data-element_type=\"container\" data-e-type=\"container\" data-settings=\"{&quot;_ha_eqh_enable&quot;:false}\">\n\t\t\t\t<div class=\"elementor-element elementor-element-2a560bb exad-sticky-section-no exad-glass-effect-no elementor-widget elementor-widget-text-editor\" data-id=\"2a560bb\" data-element_type=\"widget\" data-e-type=\"widget\" data-widget_type=\"text-editor.default\">\n\t\t\t\t<div class=\"elementor-widget-container\">\n\t\t\t\t\t\t\t\t\t<p>Et dans ces comptes rendus municipaux ne sont pas \u00e9voqu\u00e9s les autres probl\u00e8mes de la vie quotidienne : les r\u00e9quisitions, les violences, les vols, les viols qui sont toujours le fait des arm\u00e9es d\u2019occupation. D\u2019ailleurs, les historiens remarquent que ces derniers augmentent au cours de l\u2019\u00e9t\u00e9 1815 dans les d\u00e9partements tenus par les Prussiens. L\u2019un d\u2019eux, Fran\u00e7ois Furet note que l\u2019occupation fut si dure qu\u2019elle laissa pour longtemps des sentiments de haine. <br \/>Dans \u00ab l\u2019\u00e9tat g\u00e9n\u00e9ral des charges support\u00e9es par l\u2019arrondissement d\u2019Angers r\u00e9sultant de l\u2019occupation des arm\u00e9es \u00e9trang\u00e8res \u00bb, il est not\u00e9 qu\u2019\u00ab une nourriture extraordinaire \u00bb a \u00e9t\u00e9 fournie aux officiers \u00e0 l\u2019auberge et que \u00ab des voitures et des chevaux \u00bb ont \u00e9t\u00e9 \u00ab fournis pour enlever les armes et porter leurs sacko (coiffure militaire haute, faite de feutre et surmont\u00e9e d\u2019une calotte de cuir, compl\u00e9t\u00e9e d\u2019une visi\u00e8re, aux couleurs et aux armes du r\u00e9giment. L\u2019arm\u00e9e prussienne fut la premi\u00e8re \u00e0 le porter. Il fut ensuite adopt\u00e9 par les arm\u00e9es imp\u00e9riales fran\u00e7aises).<br \/>Le texte mentionne aussi des frais d\u2019interpr\u00e8te.<br \/>Et comme si tout cela ne suffisait pas, il faut aussi r\u00e9gler des \u00ab frais de fortification et de r\u00e9paration d\u2019armes \u00bb qui n\u2019avaient pas \u00e9t\u00e9 pay\u00e9s. Des fortifications \u00e0 Saint-Georges ? On croit r\u00eaver\u2026. Elles avaient \u00e9t\u00e9 d\u00e9cid\u00e9es pendant les Cent Jours par le g\u00e9n\u00e9ral Lamarque, fid\u00e8le \u00e0 Bonaparte, et pr\u00eat, \u00e0 la t\u00eate de l\u2019arm\u00e9e de Vend\u00e9e, \u00e0 mater un soul\u00e8vement royaliste. Les ordres n\u2019avaient pas \u00e9t\u00e9 \u00e9crits, Lamarque se contentant, lors de sa venue, de d\u00e9signer d\u2019un geste de la main, les travaux \u00e0 accomplir \u2026 ! On ne sait pas en quoi ils consistaient, et les fortifications autant que leur emplacement restent encore un myst\u00e8re.<br \/>Les Prussiens devaient occuper la France jusqu\u2019en 1818.<br \/>Les archives saint-georgeoises, apr\u00e8s 1815, ne mentionnent plus cette invasion qui en pr\u00e9figurait d\u2019autres.<\/p>\t\t\t\t\t\t\t\t<\/div>\n\t\t\t\t<\/div>\n\t\t\t\t<\/div>\n\t\t<div class=\"elementor-element elementor-element-89800ba e-con-full e-flex wpr-particle-no wpr-jarallax-no wpr-parallax-no wpr-sticky-section-no wpr-equal-height-no e-con e-child\" data-id=\"89800ba\" data-element_type=\"container\" data-e-type=\"container\" data-settings=\"{&quot;_ha_eqh_enable&quot;:false}\">\n\t\t\t\t<div class=\"elementor-element elementor-element-683e1a6 elementor-widget__width-initial elementor-widget-tablet__width-initial exad-sticky-section-no exad-glass-effect-no elementor-widget elementor-widget-image\" data-id=\"683e1a6\" data-element_type=\"widget\" data-e-type=\"widget\" data-widget_type=\"image.default\">\n\t\t\t\t<div class=\"elementor-widget-container\">\n\t\t\t\t\t\t\t\t\t\t\t\t\t\t\t<img decoding=\"async\" width=\"580\" height=\"403\" src=\"https:\/\/saint-georges-sur-loire-patrimoine.fr\/wp-content\/uploads\/2024\/07\/Tafel_1813.jpg\" class=\"attachment-large size-large wp-image-7859\" alt=\"\" srcset=\"https:\/\/saint-georges-sur-loire-patrimoine.fr\/wp-content\/uploads\/2024\/07\/Tafel_1813.jpg 762w, https:\/\/saint-georges-sur-loire-patrimoine.fr\/wp-content\/uploads\/2024\/07\/Tafel_1813-300x208.jpg 300w\" sizes=\"(max-width: 580px) 100vw, 580px\" \/>\t\t\t\t\t\t\t\t\t\t\t\t\t\t\t<\/div>\n\t\t\t\t<\/div>\n\t\t\t\t<div class=\"elementor-element elementor-element-3524194 exad-sticky-section-no exad-glass-effect-no elementor-widget elementor-widget-text-editor\" data-id=\"3524194\" data-element_type=\"widget\" data-e-type=\"widget\" data-widget_type=\"text-editor.default\">\n\t\t\t\t<div class=\"elementor-widget-container\">\n\t\t\t\t\t\t\t\t\t<p>arm\u00e9es prussiennes en 1813<\/p>\t\t\t\t\t\t\t\t<\/div>\n\t\t\t\t<\/div>\n\t\t\t\t<\/div>\n\t\t\t\t<\/div>\n\t\t<div class=\"elementor-element elementor-element-10f59e5 e-flex e-con-boxed wpr-particle-no wpr-jarallax-no wpr-parallax-no wpr-sticky-section-no wpr-equal-height-no e-con e-parent\" data-id=\"10f59e5\" data-element_type=\"container\" data-e-type=\"container\" data-settings=\"{&quot;_ha_eqh_enable&quot;:false}\">\n\t\t\t\t\t<div class=\"e-con-inner\">\n\t\t\t\t<div class=\"elementor-element elementor-element-6ccb2bf exad-sticky-section-no exad-glass-effect-no elementor-widget elementor-widget-spacer\" data-id=\"6ccb2bf\" data-element_type=\"widget\" data-e-type=\"widget\" data-widget_type=\"spacer.default\">\n\t\t\t\t<div class=\"elementor-widget-container\">\n\t\t\t\t\t\t\t<div class=\"elementor-spacer\">\n\t\t\t<div class=\"elementor-spacer-inner\"><\/div>\n\t\t<\/div>\n\t\t\t\t\t\t<\/div>\n\t\t\t\t<\/div>\n\t\t\t\t\t<\/div>\n\t\t\t\t<\/div>\n\t\t\t\t<\/div>\n\t\t","protected":false},"excerpt":{"rendered":"<p>L&rsquo;occupation prussienne 1815 : Premier empire Portrait du g\u00e9n\u00e9ral Thielmann Bien avant l\u2019occupation allemande de 1940, Saint Georges sur Loire avait connu d\u00e8s le XIX\u00e8me si\u00e8cle la pr\u00e9sence de soldats venus de Berlin. C\u2019\u00e9tait en 1815. Les saint-georgeois venaient de traverser une p\u00e9riode tr\u00e8s sombre avec la R\u00e9volution. En avril 1814, l\u2019empereur Napol\u00e9on 1er, dont les arm\u00e9es avaient conquis, puis perdu une bonne partie de l\u2019Europe, avait \u00e9t\u00e9 contraint d\u2019abandonner le pouvoir et d\u2019accepter l\u2019exil \u00e0 l\u2019\u00eele d\u2019Elbe, en M\u00e9diterran\u00e9e. Il n\u2019y \u00e9tait pas rest\u00e9 longtemps. D\u00e8s mars 1815, \u00e9vad\u00e9 de son \u00eele, trop petite pour lui, il s\u2019\u00e9tait \u00e0 nouveau empar\u00e9 du pouvoir imp\u00e9rial pendant trois mois : ce sont les Cent Jours. Puis, les Anglais et leurs alli\u00e9s europ\u00e9ens l\u2019avaient battu \u00e0 Waterloo, avant de l\u2019envoyer sur l\u2019\u00eele brumeuse de Sainte-H\u00e9l\u00e8ne, perdue dans les brouillards atlantiques. Il devait y mourir. Les fr\u00e8res de Louis XVI occup\u00e8rent alors, l\u2019un apr\u00e8s l\u2019autre, le tr\u00f4ne de France.Ah qu\u2019il \u00e9tait difficile d\u2019affirmer une fid\u00e9lit\u00e9 politique en ces temps troubl\u00e9s, propices aux retournements, aux serments contradictoires ! Le conseil municipal de Saint-Georges, pr\u00e9sid\u00e9 par Julien Alexis Faugeron, officier de sant\u00e9, n\u2019a pas \u00e9chapp\u00e9 \u00e0 ces reniements. Lui qui s\u2019\u00e9tait empress\u00e9 d\u2019adresser \u00ab sa soumission et sa reconnaissance aux Bourbons \u00bb et de renouveler \u00ab son serment de fid\u00e9lit\u00e9 au Roy \u00bb Louis XVIII, monarque pendant le premier exil de Napol\u00e9on, r\u00e9affirme sa loyaut\u00e9 \u00e0 l\u2019empereur \u00e0 nouveau ma\u00eetre du pays, le 18 avril 1815, c\u2019est \u00e0 dire pendant les Cent Jours ! Il va sans dire qu\u2019au bout de cette p\u00e9riode, et l\u2019empereur \u00e0 jamais d\u00e9chu, il proteste de son attachement et de son absolue soumission \u00e0 Louis XVIII revenu d\u00e9finitivement au pouvoir.Les alli\u00e9s, vainqueurs des arm\u00e9es imp\u00e9riales, avaient \u00e9t\u00e9 indign\u00e9s par ces gesticulations politiques, et, persuad\u00e9s qu\u2019ils ne pouvaient faire confiance \u00e0 ces diables de Fran\u00e7ais, avaient d\u00e9cid\u00e9 d\u2019occuper une partie de la France, prenant aussi leur revanche sur ce pays si longtemps conqu\u00e9rant. Une nouvelle insurrection serait alors impossible. La coalition, compos\u00e9e d\u2019Anglais, d\u2019Autrichiens, de Russes et de Prussiens envoya 1 200 000 hommes qui occup\u00e8rent 61 d\u00e9partements. Et c\u2019est ainsi que Saint-Georges vit arriver les Prussiens du 3e corps d\u2019arm\u00e9e command\u00e9 par le g\u00e9n\u00e9ral Thielmann. Hussard prussien L\u2019Allemagne alors n\u2019existait pas encore. Elle \u00e9tait compos\u00e9e de petits \u00e9tats ind\u00e9pendants, parmi lesquels la Prusse, forte et militaris\u00e9e, qui occupait, avec Berlin sa capitale, une position de premi\u00e8re importance. Les voil\u00e0 donc ces soldats qu\u2019il faut loger, nourrir et supporter. Effroi probable de la population ! Il leur faut du pain, du vin, de la viande, de l\u2019eau de vie, du tabac, et de l\u2019avoine, et de la paille, et du fourrage pour leurs chevaux ! Le conseil municipal s\u2019inqui\u00e8te de l\u2019approvisionnement exig\u00e9, et met toutes ces fournitures \u00ab au rabais \u00bb, c\u2019est \u00e0 dire au prix le plus bas possible. Le boucher Gourdon propose la viande \u00e0 14 sols le kg ; le cabaretier Mathurin Rousseau emporte le march\u00e9 du vin qu\u2019il fournira \u00e0 9 sols la bouteille. Quant au pain, c\u2019est le boulanger Lem\u00e9e qui le propose au prix de la mercuriale.Pour ce qui est du tabac et de l\u2019eau de vie, on traitera plus tard avec le capitaine qui commande le d\u00e9tachement. Il s\u2019agit de parer au plus press\u00e9, et les accords paraissent clairs. Mais on ne tarde pas \u00e0 d\u00e9chanter. Les Prussiens \u00absont exigeants et emport\u00e9s.\u00bb Il faut encore ferrer leurs chevaux, entretenir leurs \u00e9quipages, fournir de la lumi\u00e8re. Ils consomment \u00ab les viande, vin, tabac et eau de vie au del\u00e0 de la probabilit\u00e9, et beaucoup plus que trois hommes ordinaires. \u00bb Les ressources de la commune n\u2019y suffisent pas : elle ne peut m\u00eame pas fournir tout le vin et l\u2019avoine consomm\u00e9s, qu\u2019il faut acheter ailleurs\u2026 Il faudra, une fois encore utiliser les vieilles recettes, c\u2019est \u00e0 dire lever un nouvel imp\u00f4t. La d\u00e9pense journali\u00e8re li\u00e9e \u00e0 l\u2019occupation s\u2019\u00e9l\u00e8ve \u00e0 150 francs par jour. Apr\u00e8s de longues r\u00e9flexions, avec beaucoup de r\u00e9ticences, le conseil municipal d\u00e9cide de lever \u00ab 12 centimes et demi par franc sur l\u2019imp\u00f4t foncier\u00bb. La pr\u00e9sence des Prussiens p\u00e8se de plus en plus. Et dans ces comptes rendus municipaux ne sont pas \u00e9voqu\u00e9s les autres probl\u00e8mes de la vie quotidienne : les r\u00e9quisitions, les violences, les vols, les viols qui sont toujours le fait des arm\u00e9es d\u2019occupation. D\u2019ailleurs, les historiens remarquent que ces derniers augmentent au cours de l\u2019\u00e9t\u00e9 1815 dans les d\u00e9partements tenus par les Prussiens. L\u2019un d\u2019eux, Fran\u00e7ois Furet note que l\u2019occupation fut si dure qu\u2019elle laissa pour longtemps des sentiments de haine. Dans \u00ab l\u2019\u00e9tat g\u00e9n\u00e9ral des charges support\u00e9es par l\u2019arrondissement d\u2019Angers r\u00e9sultant de l\u2019occupation des arm\u00e9es \u00e9trang\u00e8res \u00bb, il est not\u00e9 qu\u2019\u00ab une nourriture extraordinaire \u00bb a \u00e9t\u00e9 fournie aux officiers \u00e0 l\u2019auberge et que \u00ab des voitures et des chevaux \u00bb ont \u00e9t\u00e9 \u00ab fournis pour enlever les armes et porter leurs sacko (coiffure militaire haute, faite de feutre et surmont\u00e9e d\u2019une calotte de cuir, compl\u00e9t\u00e9e d\u2019une visi\u00e8re, aux couleurs et aux armes du r\u00e9giment. L\u2019arm\u00e9e prussienne fut la premi\u00e8re \u00e0 le porter. Il fut ensuite adopt\u00e9 par les arm\u00e9es imp\u00e9riales fran\u00e7aises).Le texte mentionne aussi des frais d\u2019interpr\u00e8te.Et comme si tout cela ne suffisait pas, il faut aussi r\u00e9gler des \u00ab frais de fortification et de r\u00e9paration d\u2019armes \u00bb qui n\u2019avaient pas \u00e9t\u00e9 pay\u00e9s. Des fortifications \u00e0 Saint-Georges ? On croit r\u00eaver\u2026. Elles avaient \u00e9t\u00e9 d\u00e9cid\u00e9es pendant les Cent Jours par le g\u00e9n\u00e9ral Lamarque, fid\u00e8le \u00e0 Bonaparte, et pr\u00eat, \u00e0 la t\u00eate de l\u2019arm\u00e9e de Vend\u00e9e, \u00e0 mater un soul\u00e8vement royaliste. Les ordres n\u2019avaient pas \u00e9t\u00e9 \u00e9crits, Lamarque se contentant, lors de sa venue, de d\u00e9signer d\u2019un geste de la main, les travaux \u00e0 accomplir \u2026 ! On ne sait pas en quoi ils consistaient, et les fortifications autant que leur emplacement restent encore un myst\u00e8re.Les Prussiens devaient occuper la France jusqu\u2019en 1818.Les archives saint-georgeoises, apr\u00e8s 1815, ne mentionnent plus cette invasion qui en pr\u00e9figurait d\u2019autres. arm\u00e9es prussiennes en 1813<\/p>\n","protected":false},"author":1,"featured_media":0,"comment_status":"open","ping_status":"open","sticky":false,"template":"elementor_canvas","format":"standard","meta":{"_seopress_robots_primary_cat":"","_seopress_titles_title":"L'occupation prussienne - Saint Georges Patrimoine","_seopress_titles_desc":"En 1815, les arm\u00e9es prussiennes stationnent \u00e0 Saint Georges causant diff\u00e9rents probl\u00e8mes \u00e0 la population.","_seopress_robots_index":"","_monsterinsights_skip_tracking":false,"_monsterinsights_sitenote_active":false,"_monsterinsights_sitenote_note":"","_monsterinsights_sitenote_category":0,"postBodyCss":"","postBodyMargin":[],"postBodyPadding":[],"postBodyBackground":{"backgroundType":"classic","gradient":""},"footnotes":""},"categories":[10],"tags":[],"class_list":["post-7855","post","type-post","status-publish","format-standard","hentry","category-article"],"_links":{"self":[{"href":"https:\/\/saint-georges-sur-loire-patrimoine.fr\/index.php\/wp-json\/wp\/v2\/posts\/7855","targetHints":{"allow":["GET"]}}],"collection":[{"href":"https:\/\/saint-georges-sur-loire-patrimoine.fr\/index.php\/wp-json\/wp\/v2\/posts"}],"about":[{"href":"https:\/\/saint-georges-sur-loire-patrimoine.fr\/index.php\/wp-json\/wp\/v2\/types\/post"}],"author":[{"embeddable":true,"href":"https:\/\/saint-georges-sur-loire-patrimoine.fr\/index.php\/wp-json\/wp\/v2\/users\/1"}],"replies":[{"embeddable":true,"href":"https:\/\/saint-georges-sur-loire-patrimoine.fr\/index.php\/wp-json\/wp\/v2\/comments?post=7855"}],"version-history":[{"count":25,"href":"https:\/\/saint-georges-sur-loire-patrimoine.fr\/index.php\/wp-json\/wp\/v2\/posts\/7855\/revisions"}],"predecessor-version":[{"id":9616,"href":"https:\/\/saint-georges-sur-loire-patrimoine.fr\/index.php\/wp-json\/wp\/v2\/posts\/7855\/revisions\/9616"}],"wp:attachment":[{"href":"https:\/\/saint-georges-sur-loire-patrimoine.fr\/index.php\/wp-json\/wp\/v2\/media?parent=7855"}],"wp:term":[{"taxonomy":"category","embeddable":true,"href":"https:\/\/saint-georges-sur-loire-patrimoine.fr\/index.php\/wp-json\/wp\/v2\/categories?post=7855"},{"taxonomy":"post_tag","embeddable":true,"href":"https:\/\/saint-georges-sur-loire-patrimoine.fr\/index.php\/wp-json\/wp\/v2\/tags?post=7855"}],"curies":[{"name":"wp","href":"https:\/\/api.w.org\/{rel}","templated":true}]}}