{"id":7795,"date":"2024-07-25T12:00:24","date_gmt":"2024-07-25T10:00:24","guid":{"rendered":"https:\/\/saint-georges-sur-loire-patrimoine.fr\/?p=7795"},"modified":"2026-02-26T14:41:24","modified_gmt":"2026-02-26T13:41:24","slug":"le-petit-patronage","status":"publish","type":"post","link":"https:\/\/saint-georges-sur-loire-patrimoine.fr\/index.php\/2024\/07\/25\/le-petit-patronage\/","title":{"rendered":"Le petit patronage"},"content":{"rendered":"\t\t<div data-elementor-type=\"wp-post\" data-elementor-id=\"7795\" class=\"elementor elementor-7795\" data-elementor-settings=\"{&quot;ha_cmc_init_switcher&quot;:&quot;no&quot;}\">\n\t\t\t\t<div class=\"elementor-element elementor-element-9f35156 e-flex e-con-boxed wpr-particle-no wpr-jarallax-no wpr-parallax-no wpr-sticky-section-no wpr-equal-height-no e-con e-parent\" data-id=\"9f35156\" data-element_type=\"container\" data-e-type=\"container\" data-settings=\"{&quot;_ha_eqh_enable&quot;:false}\">\n\t\t\t\t\t<div class=\"e-con-inner\">\n\t\t\t\t<div class=\"elementor-element elementor-element-f62d062 exad-sticky-section-no exad-glass-effect-no elementor-widget elementor-widget-spacer\" data-id=\"f62d062\" data-element_type=\"widget\" data-e-type=\"widget\" data-widget_type=\"spacer.default\">\n\t\t\t\t<div class=\"elementor-widget-container\">\n\t\t\t\t\t\t\t<div class=\"elementor-spacer\">\n\t\t\t<div class=\"elementor-spacer-inner\"><\/div>\n\t\t<\/div>\n\t\t\t\t\t\t<\/div>\n\t\t\t\t<\/div>\n\t\t\t\t\t<\/div>\n\t\t\t\t<\/div>\n\t\t<div class=\"elementor-element elementor-element-67a16ce e-flex e-con-boxed wpr-particle-no wpr-jarallax-no wpr-parallax-no wpr-sticky-section-no wpr-equal-height-no e-con e-parent\" data-id=\"67a16ce\" data-element_type=\"container\" data-e-type=\"container\" data-settings=\"{&quot;background_background&quot;:&quot;gradient&quot;,&quot;_ha_eqh_enable&quot;:false}\">\n\t\t\t\t\t<div class=\"e-con-inner\">\n\t\t\t\t<div class=\"elementor-element elementor-element-9ca163f exad-sticky-section-no exad-glass-effect-no elementor-widget elementor-widget-spacer\" data-id=\"9ca163f\" data-element_type=\"widget\" data-e-type=\"widget\" data-widget_type=\"spacer.default\">\n\t\t\t\t<div class=\"elementor-widget-container\">\n\t\t\t\t\t\t\t<div class=\"elementor-spacer\">\n\t\t\t<div class=\"elementor-spacer-inner\"><\/div>\n\t\t<\/div>\n\t\t\t\t\t\t<\/div>\n\t\t\t\t<\/div>\n\t\t\t\t<div class=\"elementor-element elementor-element-3551af4 exad-sticky-section-no exad-glass-effect-no elementor-widget elementor-widget-heading\" data-id=\"3551af4\" data-element_type=\"widget\" data-e-type=\"widget\" data-widget_type=\"heading.default\">\n\t\t\t\t<div class=\"elementor-widget-container\">\n\t\t\t\t\t<h1 class=\"elementor-heading-title elementor-size-default\">Le petit patronage<\/h1>\t\t\t\t<\/div>\n\t\t\t\t<\/div>\n\t\t\t\t<div class=\"elementor-element elementor-element-875e89b exad-sticky-section-no exad-glass-effect-no elementor-widget elementor-widget-heading\" data-id=\"875e89b\" data-element_type=\"widget\" data-e-type=\"widget\" data-widget_type=\"heading.default\">\n\t\t\t\t<div class=\"elementor-widget-container\">\n\t\t\t\t\t<h2 class=\"elementor-heading-title elementor-size-default\">1944 : Seconde Guerre Mondiale<\/h2>\t\t\t\t<\/div>\n\t\t\t\t<\/div>\n\t\t\t\t<div class=\"elementor-element elementor-element-60b6ea7 exad-sticky-section-no exad-glass-effect-no elementor-widget elementor-widget-spacer\" data-id=\"60b6ea7\" data-element_type=\"widget\" data-e-type=\"widget\" data-widget_type=\"spacer.default\">\n\t\t\t\t<div class=\"elementor-widget-container\">\n\t\t\t\t\t\t\t<div class=\"elementor-spacer\">\n\t\t\t<div class=\"elementor-spacer-inner\"><\/div>\n\t\t<\/div>\n\t\t\t\t\t\t<\/div>\n\t\t\t\t<\/div>\n\t\t\t\t\t<\/div>\n\t\t\t\t<\/div>\n\t\t<div class=\"elementor-element elementor-element-ef2b2fb e-con-full e-flex wpr-particle-no wpr-jarallax-no wpr-parallax-no wpr-sticky-section-no wpr-equal-height-no e-con e-parent\" data-id=\"ef2b2fb\" data-element_type=\"container\" data-e-type=\"container\" data-settings=\"{&quot;background_background&quot;:&quot;classic&quot;,&quot;_ha_eqh_enable&quot;:false}\">\n\t\t<div class=\"elementor-element elementor-element-04e0526 e-con-full e-flex wpr-particle-no wpr-jarallax-no wpr-parallax-no wpr-sticky-section-no wpr-equal-height-no e-con e-child\" data-id=\"04e0526\" data-element_type=\"container\" data-e-type=\"container\" data-settings=\"{&quot;_ha_eqh_enable&quot;:false}\">\n\t\t\t\t<div class=\"elementor-element elementor-element-76344e7 elementor-widget-tablet__width-initial exad-sticky-section-no exad-glass-effect-no elementor-widget elementor-widget-image\" data-id=\"76344e7\" data-element_type=\"widget\" data-e-type=\"widget\" data-widget_type=\"image.default\">\n\t\t\t\t<div class=\"elementor-widget-container\">\n\t\t\t\t\t\t\t\t\t\t\t\t\t\t\t<img fetchpriority=\"high\" decoding=\"async\" width=\"580\" height=\"373\" src=\"https:\/\/saint-georges-sur-loire-patrimoine.fr\/wp-content\/uploads\/2024\/07\/le-patronage-1024x658.jpg\" class=\"attachment-large size-large wp-image-7799\" alt=\"activit\u00e9s physiques au patronage\" srcset=\"https:\/\/saint-georges-sur-loire-patrimoine.fr\/wp-content\/uploads\/2024\/07\/le-patronage-1024x658.jpg 1024w, https:\/\/saint-georges-sur-loire-patrimoine.fr\/wp-content\/uploads\/2024\/07\/le-patronage-300x193.jpg 300w, https:\/\/saint-georges-sur-loire-patrimoine.fr\/wp-content\/uploads\/2024\/07\/le-patronage-768x494.jpg 768w, https:\/\/saint-georges-sur-loire-patrimoine.fr\/wp-content\/uploads\/2024\/07\/le-patronage-1200x771.jpg 1200w, https:\/\/saint-georges-sur-loire-patrimoine.fr\/wp-content\/uploads\/2024\/07\/le-patronage.jpg 1389w\" sizes=\"(max-width: 580px) 100vw, 580px\" \/>\t\t\t\t\t\t\t\t\t\t\t\t\t\t\t<\/div>\n\t\t\t\t<\/div>\n\t\t\t\t<div class=\"elementor-element elementor-element-5512ac3 exad-sticky-section-no exad-glass-effect-no elementor-widget elementor-widget-text-editor\" data-id=\"5512ac3\" data-element_type=\"widget\" data-e-type=\"widget\" data-widget_type=\"text-editor.default\">\n\t\t\t\t<div class=\"elementor-widget-container\">\n\t\t\t\t\t\t\t\t\t<p>activit\u00e9s physiques au patronage au d\u00e9but du XX\u00e8me<\/p>\t\t\t\t\t\t\t\t<\/div>\n\t\t\t\t<\/div>\n\t\t\t\t<\/div>\n\t\t<div class=\"elementor-element elementor-element-6816544 e-con-full e-flex wpr-particle-no wpr-jarallax-no wpr-parallax-no wpr-sticky-section-no wpr-equal-height-no e-con e-child\" data-id=\"6816544\" data-element_type=\"container\" data-e-type=\"container\" data-settings=\"{&quot;_ha_eqh_enable&quot;:false}\">\n\t\t\t\t<div class=\"elementor-element elementor-element-f9785ec exad-sticky-section-no exad-glass-effect-no elementor-widget elementor-widget-text-editor\" data-id=\"f9785ec\" data-element_type=\"widget\" data-e-type=\"widget\" data-widget_type=\"text-editor.default\">\n\t\t\t\t<div class=\"elementor-widget-container\">\n\t\t\t\t\t\t\t\t\t<p>Situ\u00e9 sur la terrasse sud de l&rsquo;Abbaye, le billard des moines qui a longtemps abrit\u00e9 la biblioth\u00e8que municipale \u00e9tait connu jusqu&rsquo;aux ann\u00e9es 1970 comme le \u00ab\u00a0petit patronage\u00a0\u00bb. La <span style=\"text-decoration: underline;\"><a href=\"https:\/\/saint-georges-sur-loire-patrimoine.fr\/index.php\/2024\/05\/27\/labbaye\/\">maison conventuelle<\/a><\/span>, l&rsquo;actuelle mairie, avait \u00e9t\u00e9 durant le XX\u00e8me si\u00e8cle partiellement abandonn\u00e9e. Seule l&rsquo;aile nord, aujourd&rsquo;hui d\u00e9truite, qui s&rsquo;avan\u00e7ait sur la place, \u00e9tait occup\u00e9e par les services municipaux. Les pr\u00eatres de la paroisse \u00e9taient h\u00e9berg\u00e9s dans la partie ouest de l&rsquo;Abbaye.<\/p><p>Le petit patronage \u00e9tait surtout le domaine du vicaire qui y organisait les activit\u00e9s concernant les jeunes gar\u00e7ons de la paroisse. C\u2019est ainsi que tous les jeudis apr\u00e8s-midi, il proposait des jeux et des sorties en plein air avec les scolaires du bourg. Cela donnait du temps libre aux mamans qui savaient leurs enfants en bonnes mains. Pour les plus grands, ados et jeunes hommes, l\u2019abb\u00e9 animait des r\u00e9unions, souvent le soir apr\u00e8s la journ\u00e9e de travail.<\/p><p>Pendant la guerre 1939-1945, nous e\u00fbmes le bonheur d\u2019\u00eatre guid\u00e9s par un vicaire passionn\u00e9 de musique qui avait \u00e9chapp\u00e9 \u00e0 la captivit\u00e9. Il ne se contenta pas de faire survivre la fanfare qui existait depuis de nombreuses ann\u00e9es, il mit en place une harmonie qui comprenait une cinquantaine de membres, pour la plupart des jeunes mais aussi quelques anciens et m\u00eame trois tr\u00e8s bons musiciens descendus de Paris pour essayer de satisfaire un peux mieux la faim qui les tenaillait dans la capitale en ces temps de restrictions et de cartes d\u2019alimentation.<\/p><p>Nous les plus jeunes avons \u00e9t\u00e9 dans l\u2019obligation d\u2019apprendre les rudiments de solf\u00e8ge, indispensables avant qu\u2019on nous confie un instrument de musique. Trente le\u00e7ons furent n\u00e9cessaires \u00e0 raison de trois par semaine. Ces sorties nocturnes \u00e9taient tol\u00e9r\u00e9es par les soldats allemands qui faisaient leurs rondes pour que le couvre-feu soit respect\u00e9. Ils ne faisaient que de rares apparitions au cours des r\u00e9p\u00e9titions parce qu\u2019ils voyaient un rai de lumi\u00e8re passer par la fen\u00eatre. Ils nous obligeaient alors \u00e0 bien tirer le rideau de camouflage.<\/p>\t\t\t\t\t\t\t\t<\/div>\n\t\t\t\t<\/div>\n\t\t\t\t<\/div>\n\t\t\t\t<\/div>\n\t\t<div class=\"elementor-element elementor-element-1d75d4b e-con-full e-flex wpr-particle-no wpr-jarallax-no wpr-parallax-no wpr-sticky-section-no wpr-equal-height-no e-con e-parent\" data-id=\"1d75d4b\" data-element_type=\"container\" data-e-type=\"container\" data-settings=\"{&quot;_ha_eqh_enable&quot;:false}\">\n\t\t<div class=\"elementor-element elementor-element-f35e00a e-con-full e-flex wpr-particle-no wpr-jarallax-no wpr-parallax-no wpr-sticky-section-no wpr-equal-height-no e-con e-child\" data-id=\"f35e00a\" data-element_type=\"container\" data-e-type=\"container\" data-settings=\"{&quot;_ha_eqh_enable&quot;:false}\">\n\t\t\t\t<div class=\"elementor-element elementor-element-7f30bf9 elementor-widget__width-initial exad-sticky-section-no exad-glass-effect-no elementor-widget elementor-widget-image\" data-id=\"7f30bf9\" data-element_type=\"widget\" data-e-type=\"widget\" data-widget_type=\"image.default\">\n\t\t\t\t<div class=\"elementor-widget-container\">\n\t\t\t\t\t\t\t\t\t\t\t\t\t\t\t<img decoding=\"async\" width=\"580\" height=\"376\" src=\"https:\/\/saint-georges-sur-loire-patrimoine.fr\/wp-content\/uploads\/2024\/07\/St-Stanislas-1024x664.jpg\" class=\"attachment-large size-large wp-image-7800\" alt=\"\" srcset=\"https:\/\/saint-georges-sur-loire-patrimoine.fr\/wp-content\/uploads\/2024\/07\/St-Stanislas-1024x664.jpg 1024w, https:\/\/saint-georges-sur-loire-patrimoine.fr\/wp-content\/uploads\/2024\/07\/St-Stanislas-300x194.jpg 300w, https:\/\/saint-georges-sur-loire-patrimoine.fr\/wp-content\/uploads\/2024\/07\/St-Stanislas-768x498.jpg 768w, https:\/\/saint-georges-sur-loire-patrimoine.fr\/wp-content\/uploads\/2024\/07\/St-Stanislas-1536x996.jpg 1536w, https:\/\/saint-georges-sur-loire-patrimoine.fr\/wp-content\/uploads\/2024\/07\/St-Stanislas-2048x1328.jpg 2048w, https:\/\/saint-georges-sur-loire-patrimoine.fr\/wp-content\/uploads\/2024\/07\/St-Stanislas-1200x778.jpg 1200w, https:\/\/saint-georges-sur-loire-patrimoine.fr\/wp-content\/uploads\/2024\/07\/St-Stanislas-1980x1283.jpg 1980w\" sizes=\"(max-width: 580px) 100vw, 580px\" \/>\t\t\t\t\t\t\t\t\t\t\t\t\t\t\t<\/div>\n\t\t\t\t<\/div>\n\t\t\t\t<div class=\"elementor-element elementor-element-c4bd059 exad-sticky-section-no exad-glass-effect-no elementor-widget elementor-widget-text-editor\" data-id=\"c4bd059\" data-element_type=\"widget\" data-e-type=\"widget\" data-widget_type=\"text-editor.default\">\n\t\t\t\t<div class=\"elementor-widget-container\">\n\t\t\t\t\t\t\t\t\t<p>L&rsquo;harmonie Saint Stanislas pendant l&rsquo;Occupation<\/p>\t\t\t\t\t\t\t\t<\/div>\n\t\t\t\t<\/div>\n\t\t\t\t<\/div>\n\t\t<div class=\"elementor-element elementor-element-fd2ebeb e-con-full e-flex wpr-particle-no wpr-jarallax-no wpr-parallax-no wpr-sticky-section-no wpr-equal-height-no e-con e-child\" data-id=\"fd2ebeb\" data-element_type=\"container\" data-e-type=\"container\" data-settings=\"{&quot;_ha_eqh_enable&quot;:false}\">\n\t\t\t\t<div class=\"elementor-element elementor-element-b327fea exad-sticky-section-no exad-glass-effect-no elementor-widget elementor-widget-text-editor\" data-id=\"b327fea\" data-element_type=\"widget\" data-e-type=\"widget\" data-widget_type=\"text-editor.default\">\n\t\t\t\t<div class=\"elementor-widget-container\">\n\t\t\t\t\t\t\t\t\t<p>Donc, jusqu\u2019\u00e0 la lib\u00e9ration nous n\u2019avons cess\u00e9 de progresser dans l\u2019apprentissage de la musique. Nos n\u2019avions gu\u00e8re l\u2019occasion\u00a0 de faire conna\u00eetre cette progression \u00e0 la population \u00e0 part les dimanches de f\u00eates o\u00f9 nous produisions quelques morceaux \u00e0 la sortie de la messe sur la place de l\u2019\u00e9glise et aussi lors des kermesses organis\u00e9es pour permettre d\u2019envoyer des colis aux prisonniers de guerre.<\/p><p>En 1944, lorsque les troupes lib\u00e9ratrices d\u00e9barqu\u00e8rent en Normandie, notre chef d\u00e9cida de nous faire r\u00e9p\u00e9ter \u00ab La Marseillaise \u00bb malgr\u00e9 la pr\u00e9sence de l\u2019occupant qui pourtant n\u2019est jamais intervenu pour interdire cette t\u00e9m\u00e9raire initiative. Il est difficile d\u2019admettre qu\u2019il n\u2019entendait rien, mais sachant ce qui l\u2019attendait, ne faisait-il pas la sourde oreille ? Toujours est il que d\u00e8s que nous f\u00fbmes lib\u00e9r\u00e9s, un d\u00e9fil\u00e9 vers le parc du <span style=\"text-decoration: underline;\"><a href=\"https:\/\/saint-georges-sur-loire-patrimoine.fr\/index.php\/2024\/05\/24\/le-chateau-de-serrant\/\">ch\u00e2teau de Serrant<\/a> <\/span>fut organis\u00e9 pour aller mettre le feu \u00e0 un bucher install\u00e9 par des prisonniers russes cantonn\u00e9s dans des baraquements pr\u00e8s du ch\u00e2teau. Ils avaient surmont\u00e9 ce b\u00fbcher d\u2019une grande caricature de l\u2019ennemi Hitler. Et c\u2019est joyeusement qu\u2019une ronde franco-russe fut organis\u00e9e spontan\u00e9ment autour de ce feu de joie. Ce jour l\u00e0, nous avons vu monsieur le Maire, <span style=\"text-decoration: underline;\"><a href=\"https:\/\/saint-georges-sur-loire-patrimoine.fr\/index.php\/2026\/02\/26\/maurice-lair\/\">Maurice Lair<\/a><\/span>, et monsieur le Cur\u00e9, pour la premi\u00e8re fois, dans la m\u00eame voiture automobile. Nous, les jeunes, esp\u00e9rions voir enfin, avec la fin de la guerre, la fin des querelles de clocher.<\/p><p>Avant de partir pour ce d\u00e9fil\u00e9 m\u00e9morable, sur la place de la mairie, nous avons \u00ab\u00a0ex\u00e9cut\u00e9\u00a0\u00bb (dans tous les sens du terme) La Marseillaise avec un tas de fausses notes tant l\u2019\u00e9motion \u00e9tait grande\u00a0!<\/p><p>T\u00e9moignage d&rsquo;Eug\u00e8ne Mercier<\/p>\t\t\t\t\t\t\t\t<\/div>\n\t\t\t\t<\/div>\n\t\t\t\t<\/div>\n\t\t\t\t<\/div>\n\t\t<div class=\"elementor-element elementor-element-10f59e5 e-flex e-con-boxed wpr-particle-no wpr-jarallax-no wpr-parallax-no wpr-sticky-section-no wpr-equal-height-no e-con e-parent\" data-id=\"10f59e5\" data-element_type=\"container\" data-e-type=\"container\" data-settings=\"{&quot;_ha_eqh_enable&quot;:false}\">\n\t\t\t\t\t<div class=\"e-con-inner\">\n\t\t\t\t<div class=\"elementor-element elementor-element-6ccb2bf exad-sticky-section-no exad-glass-effect-no elementor-widget elementor-widget-spacer\" data-id=\"6ccb2bf\" data-element_type=\"widget\" data-e-type=\"widget\" data-widget_type=\"spacer.default\">\n\t\t\t\t<div class=\"elementor-widget-container\">\n\t\t\t\t\t\t\t<div class=\"elementor-spacer\">\n\t\t\t<div class=\"elementor-spacer-inner\"><\/div>\n\t\t<\/div>\n\t\t\t\t\t\t<\/div>\n\t\t\t\t<\/div>\n\t\t\t\t\t<\/div>\n\t\t\t\t<\/div>\n\t\t\t\t<\/div>\n\t\t","protected":false},"excerpt":{"rendered":"<p>Le petit patronage 1944 : Seconde Guerre Mondiale activit\u00e9s physiques au patronage au d\u00e9but du XX\u00e8me Situ\u00e9 sur la terrasse sud de l&rsquo;Abbaye, le billard des moines qui a longtemps abrit\u00e9 la biblioth\u00e8que municipale \u00e9tait connu jusqu&rsquo;aux ann\u00e9es 1970 comme le \u00ab\u00a0petit patronage\u00a0\u00bb. La maison conventuelle, l&rsquo;actuelle mairie, avait \u00e9t\u00e9 durant le XX\u00e8me si\u00e8cle partiellement abandonn\u00e9e. Seule l&rsquo;aile nord, aujourd&rsquo;hui d\u00e9truite, qui s&rsquo;avan\u00e7ait sur la place, \u00e9tait occup\u00e9e par les services municipaux. Les pr\u00eatres de la paroisse \u00e9taient h\u00e9berg\u00e9s dans la partie ouest de l&rsquo;Abbaye. Le petit patronage \u00e9tait surtout le domaine du vicaire qui y organisait les activit\u00e9s concernant les jeunes gar\u00e7ons de la paroisse. C\u2019est ainsi que tous les jeudis apr\u00e8s-midi, il proposait des jeux et des sorties en plein air avec les scolaires du bourg. Cela donnait du temps libre aux mamans qui savaient leurs enfants en bonnes mains. Pour les plus grands, ados et jeunes hommes, l\u2019abb\u00e9 animait des r\u00e9unions, souvent le soir apr\u00e8s la journ\u00e9e de travail. Pendant la guerre 1939-1945, nous e\u00fbmes le bonheur d\u2019\u00eatre guid\u00e9s par un vicaire passionn\u00e9 de musique qui avait \u00e9chapp\u00e9 \u00e0 la captivit\u00e9. Il ne se contenta pas de faire survivre la fanfare qui existait depuis de nombreuses ann\u00e9es, il mit en place une harmonie qui comprenait une cinquantaine de membres, pour la plupart des jeunes mais aussi quelques anciens et m\u00eame trois tr\u00e8s bons musiciens descendus de Paris pour essayer de satisfaire un peux mieux la faim qui les tenaillait dans la capitale en ces temps de restrictions et de cartes d\u2019alimentation. Nous les plus jeunes avons \u00e9t\u00e9 dans l\u2019obligation d\u2019apprendre les rudiments de solf\u00e8ge, indispensables avant qu\u2019on nous confie un instrument de musique. Trente le\u00e7ons furent n\u00e9cessaires \u00e0 raison de trois par semaine. Ces sorties nocturnes \u00e9taient tol\u00e9r\u00e9es par les soldats allemands qui faisaient leurs rondes pour que le couvre-feu soit respect\u00e9. Ils ne faisaient que de rares apparitions au cours des r\u00e9p\u00e9titions parce qu\u2019ils voyaient un rai de lumi\u00e8re passer par la fen\u00eatre. Ils nous obligeaient alors \u00e0 bien tirer le rideau de camouflage. L&rsquo;harmonie Saint Stanislas pendant l&rsquo;Occupation Donc, jusqu\u2019\u00e0 la lib\u00e9ration nous n\u2019avons cess\u00e9 de progresser dans l\u2019apprentissage de la musique. Nos n\u2019avions gu\u00e8re l\u2019occasion\u00a0 de faire conna\u00eetre cette progression \u00e0 la population \u00e0 part les dimanches de f\u00eates o\u00f9 nous produisions quelques morceaux \u00e0 la sortie de la messe sur la place de l\u2019\u00e9glise et aussi lors des kermesses organis\u00e9es pour permettre d\u2019envoyer des colis aux prisonniers de guerre. En 1944, lorsque les troupes lib\u00e9ratrices d\u00e9barqu\u00e8rent en Normandie, notre chef d\u00e9cida de nous faire r\u00e9p\u00e9ter \u00ab La Marseillaise \u00bb malgr\u00e9 la pr\u00e9sence de l\u2019occupant qui pourtant n\u2019est jamais intervenu pour interdire cette t\u00e9m\u00e9raire initiative. Il est difficile d\u2019admettre qu\u2019il n\u2019entendait rien, mais sachant ce qui l\u2019attendait, ne faisait-il pas la sourde oreille ? Toujours est il que d\u00e8s que nous f\u00fbmes lib\u00e9r\u00e9s, un d\u00e9fil\u00e9 vers le parc du ch\u00e2teau de Serrant fut organis\u00e9 pour aller mettre le feu \u00e0 un bucher install\u00e9 par des prisonniers russes cantonn\u00e9s dans des baraquements pr\u00e8s du ch\u00e2teau. Ils avaient surmont\u00e9 ce b\u00fbcher d\u2019une grande caricature de l\u2019ennemi Hitler. Et c\u2019est joyeusement qu\u2019une ronde franco-russe fut organis\u00e9e spontan\u00e9ment autour de ce feu de joie. Ce jour l\u00e0, nous avons vu monsieur le Maire, Maurice Lair, et monsieur le Cur\u00e9, pour la premi\u00e8re fois, dans la m\u00eame voiture automobile. Nous, les jeunes, esp\u00e9rions voir enfin, avec la fin de la guerre, la fin des querelles de clocher. Avant de partir pour ce d\u00e9fil\u00e9 m\u00e9morable, sur la place de la mairie, nous avons \u00ab\u00a0ex\u00e9cut\u00e9\u00a0\u00bb (dans tous les sens du terme) La Marseillaise avec un tas de fausses notes tant l\u2019\u00e9motion \u00e9tait grande\u00a0! T\u00e9moignage d&rsquo;Eug\u00e8ne Mercier<\/p>\n","protected":false},"author":1,"featured_media":7800,"comment_status":"open","ping_status":"open","sticky":false,"template":"elementor_canvas","format":"standard","meta":{"_seopress_robots_primary_cat":"","_seopress_titles_title":"Le petit patronage - Saint Georges Patrimoine","_seopress_titles_desc":"Dirig\u00e9 par le vicaire, le patronage proposait des activit\u00e9s pour les gar\u00e7ons. A l'occupation, une harmonie se constitua.","_seopress_robots_index":"","_monsterinsights_skip_tracking":false,"_monsterinsights_sitenote_active":false,"_monsterinsights_sitenote_note":"","_monsterinsights_sitenote_category":0,"postBodyCss":"","postBodyMargin":[],"postBodyPadding":[],"postBodyBackground":{"backgroundType":"classic","gradient":""},"footnotes":""},"categories":[10],"tags":[],"class_list":["post-7795","post","type-post","status-publish","format-standard","has-post-thumbnail","hentry","category-article"],"_links":{"self":[{"href":"https:\/\/saint-georges-sur-loire-patrimoine.fr\/index.php\/wp-json\/wp\/v2\/posts\/7795","targetHints":{"allow":["GET"]}}],"collection":[{"href":"https:\/\/saint-georges-sur-loire-patrimoine.fr\/index.php\/wp-json\/wp\/v2\/posts"}],"about":[{"href":"https:\/\/saint-georges-sur-loire-patrimoine.fr\/index.php\/wp-json\/wp\/v2\/types\/post"}],"author":[{"embeddable":true,"href":"https:\/\/saint-georges-sur-loire-patrimoine.fr\/index.php\/wp-json\/wp\/v2\/users\/1"}],"replies":[{"embeddable":true,"href":"https:\/\/saint-georges-sur-loire-patrimoine.fr\/index.php\/wp-json\/wp\/v2\/comments?post=7795"}],"version-history":[{"count":24,"href":"https:\/\/saint-georges-sur-loire-patrimoine.fr\/index.php\/wp-json\/wp\/v2\/posts\/7795\/revisions"}],"predecessor-version":[{"id":13884,"href":"https:\/\/saint-georges-sur-loire-patrimoine.fr\/index.php\/wp-json\/wp\/v2\/posts\/7795\/revisions\/13884"}],"wp:featuredmedia":[{"embeddable":true,"href":"https:\/\/saint-georges-sur-loire-patrimoine.fr\/index.php\/wp-json\/wp\/v2\/media\/7800"}],"wp:attachment":[{"href":"https:\/\/saint-georges-sur-loire-patrimoine.fr\/index.php\/wp-json\/wp\/v2\/media?parent=7795"}],"wp:term":[{"taxonomy":"category","embeddable":true,"href":"https:\/\/saint-georges-sur-loire-patrimoine.fr\/index.php\/wp-json\/wp\/v2\/categories?post=7795"},{"taxonomy":"post_tag","embeddable":true,"href":"https:\/\/saint-georges-sur-loire-patrimoine.fr\/index.php\/wp-json\/wp\/v2\/tags?post=7795"}],"curies":[{"name":"wp","href":"https:\/\/api.w.org\/{rel}","templated":true}]}}