{"id":6937,"date":"2024-07-10T16:22:22","date_gmt":"2024-07-10T14:22:22","guid":{"rendered":"https:\/\/saint-georges-sur-loire-patrimoine.fr\/?p=6937"},"modified":"2024-10-04T16:21:33","modified_gmt":"2024-10-04T14:21:33","slug":"le-grand-prix-automobile","status":"publish","type":"post","link":"https:\/\/saint-georges-sur-loire-patrimoine.fr\/index.php\/2024\/07\/10\/le-grand-prix-automobile\/","title":{"rendered":"Le Grand Prix Automobile"},"content":{"rendered":"\t\t<div data-elementor-type=\"wp-post\" data-elementor-id=\"6937\" class=\"elementor elementor-6937\" data-elementor-settings=\"{&quot;ha_cmc_init_switcher&quot;:&quot;no&quot;}\">\n\t\t\t\t<div class=\"elementor-element elementor-element-80c76fd e-flex e-con-boxed wpr-particle-no wpr-jarallax-no wpr-parallax-no wpr-sticky-section-no wpr-equal-height-no e-con e-parent\" data-id=\"80c76fd\" data-element_type=\"container\" data-e-type=\"container\" data-settings=\"{&quot;_ha_eqh_enable&quot;:false}\">\n\t\t\t\t\t<div class=\"e-con-inner\">\n\t\t\t\t<div class=\"elementor-element elementor-element-71782f5 exad-sticky-section-no exad-glass-effect-no elementor-widget elementor-widget-spacer\" data-id=\"71782f5\" data-element_type=\"widget\" data-e-type=\"widget\" data-widget_type=\"spacer.default\">\n\t\t\t\t<div class=\"elementor-widget-container\">\n\t\t\t\t\t\t\t<div class=\"elementor-spacer\">\n\t\t\t<div class=\"elementor-spacer-inner\"><\/div>\n\t\t<\/div>\n\t\t\t\t\t\t<\/div>\n\t\t\t\t<\/div>\n\t\t\t\t\t<\/div>\n\t\t\t\t<\/div>\n\t\t<div class=\"elementor-element elementor-element-67a16ce e-flex e-con-boxed wpr-particle-no wpr-jarallax-no wpr-parallax-no wpr-sticky-section-no wpr-equal-height-no e-con e-parent\" data-id=\"67a16ce\" data-element_type=\"container\" data-e-type=\"container\" data-settings=\"{&quot;background_background&quot;:&quot;gradient&quot;,&quot;_ha_eqh_enable&quot;:false}\">\n\t\t\t\t\t<div class=\"e-con-inner\">\n\t\t\t\t<div class=\"elementor-element elementor-element-9ca163f exad-sticky-section-no exad-glass-effect-no elementor-widget elementor-widget-spacer\" data-id=\"9ca163f\" data-element_type=\"widget\" data-e-type=\"widget\" data-widget_type=\"spacer.default\">\n\t\t\t\t<div class=\"elementor-widget-container\">\n\t\t\t\t\t\t\t<div class=\"elementor-spacer\">\n\t\t\t<div class=\"elementor-spacer-inner\"><\/div>\n\t\t<\/div>\n\t\t\t\t\t\t<\/div>\n\t\t\t\t<\/div>\n\t\t\t\t<div class=\"elementor-element elementor-element-875e89b exad-sticky-section-no exad-glass-effect-no elementor-widget elementor-widget-heading\" data-id=\"875e89b\" data-element_type=\"widget\" data-e-type=\"widget\" data-widget_type=\"heading.default\">\n\t\t\t\t<div class=\"elementor-widget-container\">\n\t\t\t\t\t<h1 class=\"elementor-heading-title elementor-size-default\">Le grand Prix automobile de l'Anjou annul\u00e9<\/h1>\t\t\t\t<\/div>\n\t\t\t\t<\/div>\n\t\t\t\t<div class=\"elementor-element elementor-element-7edfb58 exad-sticky-section-no exad-glass-effect-no elementor-widget elementor-widget-heading\" data-id=\"7edfb58\" data-element_type=\"widget\" data-e-type=\"widget\" data-widget_type=\"heading.default\">\n\t\t\t\t<div class=\"elementor-widget-container\">\n\t\t\t\t\t<h2 class=\"elementor-heading-title elementor-size-default\">1909 : La Belle \u00e9poque<\/h2>\t\t\t\t<\/div>\n\t\t\t\t<\/div>\n\t\t\t\t<div class=\"elementor-element elementor-element-60b6ea7 exad-sticky-section-no exad-glass-effect-no elementor-widget elementor-widget-spacer\" data-id=\"60b6ea7\" data-element_type=\"widget\" data-e-type=\"widget\" data-widget_type=\"spacer.default\">\n\t\t\t\t<div class=\"elementor-widget-container\">\n\t\t\t\t\t\t\t<div class=\"elementor-spacer\">\n\t\t\t<div class=\"elementor-spacer-inner\"><\/div>\n\t\t<\/div>\n\t\t\t\t\t\t<\/div>\n\t\t\t\t<\/div>\n\t\t\t\t\t<\/div>\n\t\t\t\t<\/div>\n\t\t<div class=\"elementor-element elementor-element-7bd0859 e-con-full e-flex wpr-particle-no wpr-jarallax-no wpr-parallax-no wpr-sticky-section-no wpr-equal-height-no e-con e-parent\" data-id=\"7bd0859\" data-element_type=\"container\" data-e-type=\"container\" data-settings=\"{&quot;_ha_eqh_enable&quot;:false}\">\n\t\t<div class=\"elementor-element elementor-element-3161393 e-con-full e-flex wpr-particle-no wpr-jarallax-no wpr-parallax-no wpr-sticky-section-no wpr-equal-height-no e-con e-child\" data-id=\"3161393\" data-element_type=\"container\" data-e-type=\"container\" data-settings=\"{&quot;_ha_eqh_enable&quot;:false}\">\n\t\t\t\t<div class=\"elementor-element elementor-element-787318d elementor-widget__width-initial elementor-widget-tablet__width-initial exad-sticky-section-no exad-glass-effect-no elementor-widget elementor-widget-text-editor\" data-id=\"787318d\" data-element_type=\"widget\" data-e-type=\"widget\" data-widget_type=\"text-editor.default\">\n\t\t\t\t<div class=\"elementor-widget-container\">\n\t\t\t\t\t\t\t\t\t<p>Etienne van Zuylen van Nyevelt, Jules Albert\u00a0 de Dion et le journaliste Paul Meyan fondent en 1895, l\u2019Automobile Club de France, l\u2019ACF. Ce club organise,\u00a0 en 1899, le premier Tour de France Automobile. Il est plus connu pour les Grands Prix organis\u00e9s chaque ann\u00e9e. On citera 1905, le circuit des Ardennes ; 1906, le circuit de la Sarthe ; 1907, le circuit de la Seine Inf\u00e9rieure et 1908, le circuit de Dieppe. L\u2019Anjou est retenu pour le Grand Prix de 1909.<\/p><p>Le Comit\u00e9 Central de L&rsquo;Anjou \u00e9tait port\u00e9 par <span style=\"text-decoration: underline;\"><a href=\"https:\/\/saint-georges-sur-loire-patrimoine.fr\/index.php\/2024\/04\/30\/jacques-ambroise-monprofit\/\">M. Monprofit<\/a><\/span>, maire d&rsquo;Angers ; MM. Mitonneau et Labesses, adjoints ; M. Cointreau, secr\u00e9taire g\u00e9n\u00e9ral ; M. Richau, tr\u00e9sorier ; M. Bessonneau, responsable de la commission sportive. Un de ses membres, M. Motais, \u00e9tait l&rsquo;artisan du trac\u00e9.<\/p><p>\u00a0Ce comit\u00e9 avait le soutien politique de M. Dupeyrat pr\u00e9fet de Maine-et-Loire et MM. Gauvin, Gioux, Ferdinand et Laurent Boug\u00e8re, tous quatre d\u00e9put\u00e9s du m\u00eame d\u00e9partement.<\/p><p>Fin octobre 1908, le Comit\u00e9 Central de l&rsquo;Anjou, muni de la pr\u00e9cieuse promesse de subvention de 100 000 francs, se retrouva place de la Concorde pour d\u00e9poser officiellement le projet du circuit d&rsquo;Anjou. Le 29 octobre 1908, la Commission sportive de l\u2019ACF se r\u00e9unit \u00e0 Cand\u00e9.<\/p><p>Le circuit est d\u00e9fini : Saint-Georges-sur-Loire, tribunes et ligne de d\u00e9part \u00e0 Saint-Germain-des-Pr\u00e9s, Champtoc\u00e9-sur-Loire, La Riotti\u00e8re, La Cornuaille, Cand\u00e9, le Louroux-B\u00e9connais, B\u00e9con-les-Granits, La Croix de Lorraine et Saint-Georges. Au total 73,5 km.<\/p>\t\t\t\t\t\t\t\t<\/div>\n\t\t\t\t<\/div>\n\t\t\t\t<\/div>\n\t\t<div class=\"elementor-element elementor-element-4e5b22b e-con-full e-flex wpr-particle-no wpr-jarallax-no wpr-parallax-no wpr-sticky-section-no wpr-equal-height-no e-con e-child\" data-id=\"4e5b22b\" data-element_type=\"container\" data-e-type=\"container\" data-settings=\"{&quot;_ha_eqh_enable&quot;:false}\">\n\t\t<div class=\"elementor-element elementor-element-643e2d4 e-flex e-con-boxed wpr-particle-no wpr-jarallax-no wpr-parallax-no wpr-sticky-section-no wpr-equal-height-no e-con e-child\" data-id=\"643e2d4\" data-element_type=\"container\" data-e-type=\"container\" data-settings=\"{&quot;_ha_eqh_enable&quot;:false}\">\n\t\t\t\t\t<div class=\"e-con-inner\">\n\t\t\t\t<div class=\"elementor-element elementor-element-10558d4 elementor-widget__width-initial elementor-widget-tablet__width-initial elementor-widget-mobile__width-initial exad-sticky-section-no exad-glass-effect-no elementor-widget elementor-widget-image\" data-id=\"10558d4\" data-element_type=\"widget\" data-e-type=\"widget\" data-widget_type=\"image.default\">\n\t\t\t\t<div class=\"elementor-widget-container\">\n\t\t\t\t\t\t\t\t\t\t\t\t\t\t\t<img decoding=\"async\" src=\"https:\/\/saint-georges-sur-loire-patrimoine.fr\/wp-content\/uploads\/2024\/07\/acf.jpg\" title=\"acf\" alt=\"r\u00e9union de la commission sportive \u00e0 Paris\" loading=\"lazy\" \/>\t\t\t\t\t\t\t\t\t\t\t\t\t\t\t<\/div>\n\t\t\t\t<\/div>\n\t\t\t\t<div class=\"elementor-element elementor-element-bba9a78 exad-sticky-section-no exad-glass-effect-no elementor-widget elementor-widget-text-editor\" data-id=\"bba9a78\" data-element_type=\"widget\" data-e-type=\"widget\" data-widget_type=\"text-editor.default\">\n\t\t\t\t<div class=\"elementor-widget-container\">\n\t\t\t\t\t\t\t\t\t<p>r\u00e9union de la commission sportive \u00e0 Paris<\/p>\t\t\t\t\t\t\t\t<\/div>\n\t\t\t\t<\/div>\n\t\t\t\t<div class=\"elementor-element elementor-element-02a37a4 elementor-widget__width-initial elementor-widget-tablet__width-initial elementor-widget-mobile__width-initial exad-sticky-section-no exad-glass-effect-no elementor-widget elementor-widget-image\" data-id=\"02a37a4\" data-element_type=\"widget\" data-e-type=\"widget\" data-widget_type=\"image.default\">\n\t\t\t\t<div class=\"elementor-widget-container\">\n\t\t\t\t\t\t\t\t\t\t\t\t\t\t\t<img decoding=\"async\" src=\"https:\/\/saint-georges-sur-loire-patrimoine.fr\/wp-content\/uploads\/2024\/07\/carte-grand-prix-de-l-anjou-1909.jpg\" title=\"carte grand prix de l anjou 1909\" alt=\"carte du trac\u00e9 du grand prix automobile de l&#039;anjou de 1909\" loading=\"lazy\" \/>\t\t\t\t\t\t\t\t\t\t\t\t\t\t\t<\/div>\n\t\t\t\t<\/div>\n\t\t\t\t<div class=\"elementor-element elementor-element-7f2ae36 exad-sticky-section-no exad-glass-effect-no elementor-widget elementor-widget-text-editor\" data-id=\"7f2ae36\" data-element_type=\"widget\" data-e-type=\"widget\" data-widget_type=\"text-editor.default\">\n\t\t\t\t<div class=\"elementor-widget-container\">\n\t\t\t\t\t\t\t\t\t<p>Trac\u00e9 du grand prix automobile de l&rsquo;Anjou de 1909<\/p>\t\t\t\t\t\t\t\t<\/div>\n\t\t\t\t<\/div>\n\t\t\t\t\t<\/div>\n\t\t\t\t<\/div>\n\t\t\t\t<\/div>\n\t\t\t\t<\/div>\n\t\t<div class=\"elementor-element elementor-element-430ae59 e-con-full e-flex wpr-particle-no wpr-jarallax-no wpr-parallax-no wpr-sticky-section-no wpr-equal-height-no e-con e-parent\" data-id=\"430ae59\" data-element_type=\"container\" data-e-type=\"container\" data-settings=\"{&quot;_ha_eqh_enable&quot;:false}\">\n\t\t<div class=\"elementor-element elementor-element-5dbf24c e-con-full e-flex wpr-particle-no wpr-jarallax-no wpr-parallax-no wpr-sticky-section-no wpr-equal-height-no e-con e-child\" data-id=\"5dbf24c\" data-element_type=\"container\" data-e-type=\"container\" data-settings=\"{&quot;_ha_eqh_enable&quot;:false}\">\n\t\t\t\t<div class=\"elementor-element elementor-element-e1fa808 exad-sticky-section-no exad-glass-effect-no elementor-widget elementor-widget-image\" data-id=\"e1fa808\" data-element_type=\"widget\" data-e-type=\"widget\" data-widget_type=\"image.default\">\n\t\t\t\t<div class=\"elementor-widget-container\">\n\t\t\t\t\t\t\t\t\t\t\t\t\t\t\t<img fetchpriority=\"high\" decoding=\"async\" width=\"580\" height=\"380\" src=\"https:\/\/saint-georges-sur-loire-patrimoine.fr\/wp-content\/uploads\/2024\/07\/grand-prix-1909-visite-1024x671.jpg\" class=\"attachment-large size-large wp-image-6942\" alt=\"carte postale de 1908 : la commission de l&#039;ACF en visite \u00e0 Cand\u00e9 pour le grand prix automobile de l&#039;Anjou\" srcset=\"https:\/\/saint-georges-sur-loire-patrimoine.fr\/wp-content\/uploads\/2024\/07\/grand-prix-1909-visite-1024x671.jpg 1024w, https:\/\/saint-georges-sur-loire-patrimoine.fr\/wp-content\/uploads\/2024\/07\/grand-prix-1909-visite-300x197.jpg 300w, https:\/\/saint-georges-sur-loire-patrimoine.fr\/wp-content\/uploads\/2024\/07\/grand-prix-1909-visite-768x504.jpg 768w, https:\/\/saint-georges-sur-loire-patrimoine.fr\/wp-content\/uploads\/2024\/07\/grand-prix-1909-visite-1536x1007.jpg 1536w, https:\/\/saint-georges-sur-loire-patrimoine.fr\/wp-content\/uploads\/2024\/07\/grand-prix-1909-visite-2048x1343.jpg 2048w, https:\/\/saint-georges-sur-loire-patrimoine.fr\/wp-content\/uploads\/2024\/07\/grand-prix-1909-visite-1200x787.jpg 1200w, https:\/\/saint-georges-sur-loire-patrimoine.fr\/wp-content\/uploads\/2024\/07\/grand-prix-1909-visite-1980x1298.jpg 1980w\" sizes=\"(max-width: 580px) 100vw, 580px\" \/>\t\t\t\t\t\t\t\t\t\t\t\t\t\t\t<\/div>\n\t\t\t\t<\/div>\n\t\t\t\t<div class=\"elementor-element elementor-element-4de8bb9 exad-sticky-section-no exad-glass-effect-no elementor-widget elementor-widget-text-editor\" data-id=\"4de8bb9\" data-element_type=\"widget\" data-e-type=\"widget\" data-widget_type=\"text-editor.default\">\n\t\t\t\t<div class=\"elementor-widget-container\">\n\t\t\t\t\t\t\t\t\t<p>1908 : la commission de l&rsquo;ACF en visite \u00e0 Cand\u00e9<\/p>\t\t\t\t\t\t\t\t<\/div>\n\t\t\t\t<\/div>\n\t\t\t\t<\/div>\n\t\t<div class=\"elementor-element elementor-element-50ce6a3 e-con-full e-flex wpr-particle-no wpr-jarallax-no wpr-parallax-no wpr-sticky-section-no wpr-equal-height-no e-con e-child\" data-id=\"50ce6a3\" data-element_type=\"container\" data-e-type=\"container\" data-settings=\"{&quot;_ha_eqh_enable&quot;:false}\">\n\t\t\t\t<div class=\"elementor-element elementor-element-7b29c21 elementor-widget-tablet__width-initial exad-sticky-section-no exad-glass-effect-no elementor-widget elementor-widget-text-editor\" data-id=\"7b29c21\" data-element_type=\"widget\" data-e-type=\"widget\" data-widget_type=\"text-editor.default\">\n\t\t\t\t<div class=\"elementor-widget-container\">\n\t\t\t\t\t\t\t\t\t<p>On construisait d\u00e9sormais des machines sp\u00e9cifiquement d\u00e9di\u00e9es \u00e0 la course, qui n&rsquo;avaient souvent qu&rsquo;un lointain rapport avec la s\u00e9rie, donc difficiles \u00e0 identifier.<\/p><p>Entretenir un tel service de comp\u00e9tition, qui \u00e9loignait les ing\u00e9nieurs des voitures de tourisme, co\u00fbtait fort cher. Au surplus, ces \u00ab\u00a0autos sp\u00e9ciales\u00a0\u00bb ne servaient qu&rsquo;une fois dans l&rsquo;ann\u00e9e, chaque automobile-club national promulguant son propre r\u00e8glement.<\/p><p>Dans le cas du grand-prix de l&rsquo;ACF, il \u00e9tait m\u00eame diff\u00e9rent d&rsquo;une ann\u00e9e sur l&rsquo;autre !<\/p><p>Ce fut certainement une bonne excuse pour 17 grandes maisons fran\u00e7aises (parmi lesquelles Renault, Darracq, Mors, Brasier, Panhard, de Dietrich &#8230;), autrefois engag\u00e9es en comp\u00e9tition qui, fin 1908, s&rsquo;associ\u00e8rent dans un grand boycott de la course de vitesse.<\/p><p>Elles furent m\u00eame rejointes par Benz et Mercedes, trop heureuses de rester sur leurs lauriers de Dieppe.<\/p>\t\t\t\t\t\t\t\t<\/div>\n\t\t\t\t<\/div>\n\t\t\t\t<\/div>\n\t\t\t\t<\/div>\n\t\t<div class=\"elementor-element elementor-element-01e573a e-con-full e-flex wpr-particle-no wpr-jarallax-no wpr-parallax-no wpr-sticky-section-no wpr-equal-height-no e-con e-parent\" data-id=\"01e573a\" data-element_type=\"container\" data-e-type=\"container\" data-settings=\"{&quot;_ha_eqh_enable&quot;:false}\">\n\t\t<div class=\"elementor-element elementor-element-eae9896 e-con-full e-flex wpr-particle-no wpr-jarallax-no wpr-parallax-no wpr-sticky-section-no wpr-equal-height-no e-con e-child\" data-id=\"eae9896\" data-element_type=\"container\" data-e-type=\"container\" data-settings=\"{&quot;_ha_eqh_enable&quot;:false}\">\n\t\t\t\t<div class=\"elementor-element elementor-element-fc3e1b5 exad-sticky-section-no exad-glass-effect-no elementor-widget elementor-widget-text-editor\" data-id=\"fc3e1b5\" data-element_type=\"widget\" data-e-type=\"widget\" data-widget_type=\"text-editor.default\">\n\t\t\t\t<div class=\"elementor-widget-container\">\n\t\t\t\t\t\t\t\t\t<p>L&rsquo;ACF ne pouvait ignorer ce mouvement, alors m\u00eame que certains de leurs administrateurs si\u00e9geaient pr\u00e9cis\u00e9ment dans les commissions de la place de la Concorde ! Mais on trouva une astuce pour tenter de faire bonne figure: le r\u00e8glement sp\u00e9cifia que le Grand Prix 1909 ne pourrait se tenir que si 40 engagements \u00e9taient parvenus avant le 31 d\u00e9cembre.<\/p><p>Sachant la d\u00e9fection de la plupart des constructeurs et que Dieppe avait accueilli 49 autos au d\u00e9part pour une ann\u00e9e jug\u00e9e fastueuse, il \u00e9tait facile de deviner que le Grand-Prix ne se ferait pas.<\/p><p>Mais on laissa croire au comit\u00e9 angevin qu\u2019il aurait bien lieu, jusqu&rsquo;au communiqu\u00e9 officiel de janvier 1909.<\/p><p>En janvier, seuls quatre constructeurs \u00e9taient inscrits : Mors, Cottin-Desgouttes, Rolland-Pilain et Le Gui. Le Grand Prix de l\u2019Anjou \u00e9tait report\u00e9 sine die.<\/p><p>Il nous reste ces cartes postales, t\u00e9moins de la vie de nos communes en 1909.<\/p>\t\t\t\t\t\t\t\t<\/div>\n\t\t\t\t<\/div>\n\t\t\t\t<div class=\"elementor-element elementor-element-3166432 exad-sticky-section-no exad-glass-effect-no elementor-widget elementor-widget-image\" data-id=\"3166432\" data-element_type=\"widget\" data-e-type=\"widget\" data-widget_type=\"image.default\">\n\t\t\t\t<div class=\"elementor-widget-container\">\n\t\t\t\t\t\t\t\t\t\t\t\t\t\t\t<img decoding=\"async\" width=\"580\" height=\"375\" src=\"https:\/\/saint-georges-sur-loire-patrimoine.fr\/wp-content\/uploads\/2024\/07\/1909-haut-de-cote-moulin-de-la-salle.jpg\" class=\"attachment-large size-large wp-image-6944\" alt=\"carte postale pour le grand prix automobile de l&#039;Anjou en 1909, arriv\u00e9e au moulin de la salle\" srcset=\"https:\/\/saint-georges-sur-loire-patrimoine.fr\/wp-content\/uploads\/2024\/07\/1909-haut-de-cote-moulin-de-la-salle.jpg 1018w, https:\/\/saint-georges-sur-loire-patrimoine.fr\/wp-content\/uploads\/2024\/07\/1909-haut-de-cote-moulin-de-la-salle-300x194.jpg 300w, https:\/\/saint-georges-sur-loire-patrimoine.fr\/wp-content\/uploads\/2024\/07\/1909-haut-de-cote-moulin-de-la-salle-768x496.jpg 768w\" sizes=\"(max-width: 580px) 100vw, 580px\" \/>\t\t\t\t\t\t\t\t\t\t\t\t\t\t\t<\/div>\n\t\t\t\t<\/div>\n\t\t\t\t<\/div>\n\t\t<div class=\"elementor-element elementor-element-415f202 e-con-full e-flex wpr-particle-no wpr-jarallax-no wpr-parallax-no wpr-sticky-section-no wpr-equal-height-no e-con e-child\" data-id=\"415f202\" data-element_type=\"container\" data-e-type=\"container\" data-settings=\"{&quot;_ha_eqh_enable&quot;:false}\">\n\t\t\t\t<div class=\"elementor-element elementor-element-a23aabc exad-sticky-section-no exad-glass-effect-no elementor-widget elementor-widget-image\" data-id=\"a23aabc\" data-element_type=\"widget\" data-e-type=\"widget\" data-widget_type=\"image.default\">\n\t\t\t\t<div class=\"elementor-widget-container\">\n\t\t\t\t\t\t\t\t\t\t\t\t\t\t\t<img decoding=\"async\" width=\"580\" height=\"369\" src=\"https:\/\/saint-georges-sur-loire-patrimoine.fr\/wp-content\/uploads\/2024\/07\/1909-grand-prix-automobile-1024x652.jpg\" class=\"attachment-large size-large wp-image-6943\" alt=\"carte postale de 1909 du grand prix automobile d&#039;Anjou\" srcset=\"https:\/\/saint-georges-sur-loire-patrimoine.fr\/wp-content\/uploads\/2024\/07\/1909-grand-prix-automobile-1024x652.jpg 1024w, https:\/\/saint-georges-sur-loire-patrimoine.fr\/wp-content\/uploads\/2024\/07\/1909-grand-prix-automobile-300x191.jpg 300w, https:\/\/saint-georges-sur-loire-patrimoine.fr\/wp-content\/uploads\/2024\/07\/1909-grand-prix-automobile-768x489.jpg 768w, https:\/\/saint-georges-sur-loire-patrimoine.fr\/wp-content\/uploads\/2024\/07\/1909-grand-prix-automobile-1536x977.jpg 1536w, https:\/\/saint-georges-sur-loire-patrimoine.fr\/wp-content\/uploads\/2024\/07\/1909-grand-prix-automobile-2048x1303.jpg 2048w, https:\/\/saint-georges-sur-loire-patrimoine.fr\/wp-content\/uploads\/2024\/07\/1909-grand-prix-automobile-1200x764.jpg 1200w, https:\/\/saint-georges-sur-loire-patrimoine.fr\/wp-content\/uploads\/2024\/07\/1909-grand-prix-automobile-1980x1260.jpg 1980w\" sizes=\"(max-width: 580px) 100vw, 580px\" \/>\t\t\t\t\t\t\t\t\t\t\t\t\t\t\t<\/div>\n\t\t\t\t<\/div>\n\t\t\t\t<div class=\"elementor-element elementor-element-5d15ac6 exad-sticky-section-no exad-glass-effect-no elementor-widget elementor-widget-text-editor\" data-id=\"5d15ac6\" data-element_type=\"widget\" data-e-type=\"widget\" data-widget_type=\"text-editor.default\">\n\t\t\t\t<div class=\"elementor-widget-container\">\n\t\t\t\t\t\t\t\t\t<p>Les cartes postales \u00e9taient\u00a0 pour la plupart des montages photographiques o\u00f9 les voitures ont \u00e9t\u00e9 rajout\u00e9es.<\/p>\t\t\t\t\t\t\t\t<\/div>\n\t\t\t\t<\/div>\n\t\t\t\t<div class=\"elementor-element elementor-element-e31ffa6 exad-sticky-section-no exad-glass-effect-no elementor-widget elementor-widget-image\" data-id=\"e31ffa6\" data-element_type=\"widget\" data-e-type=\"widget\" data-widget_type=\"image.default\">\n\t\t\t\t<div class=\"elementor-widget-container\">\n\t\t\t\t\t\t\t\t\t\t\t\t\t\t\t<img loading=\"lazy\" decoding=\"async\" width=\"580\" height=\"365\" src=\"https:\/\/saint-georges-sur-loire-patrimoine.fr\/wp-content\/uploads\/2024\/07\/1909-sortie-ouest-1024x645.jpg\" class=\"attachment-large size-large wp-image-6945\" alt=\"carte postale illustrant le grand prix automobile de 1909, entr\u00e9e ouest de la ville\" srcset=\"https:\/\/saint-georges-sur-loire-patrimoine.fr\/wp-content\/uploads\/2024\/07\/1909-sortie-ouest-1024x645.jpg 1024w, https:\/\/saint-georges-sur-loire-patrimoine.fr\/wp-content\/uploads\/2024\/07\/1909-sortie-ouest-300x189.jpg 300w, https:\/\/saint-georges-sur-loire-patrimoine.fr\/wp-content\/uploads\/2024\/07\/1909-sortie-ouest-768x484.jpg 768w, https:\/\/saint-georges-sur-loire-patrimoine.fr\/wp-content\/uploads\/2024\/07\/1909-sortie-ouest-1536x967.jpg 1536w, https:\/\/saint-georges-sur-loire-patrimoine.fr\/wp-content\/uploads\/2024\/07\/1909-sortie-ouest-2048x1290.jpg 2048w, https:\/\/saint-georges-sur-loire-patrimoine.fr\/wp-content\/uploads\/2024\/07\/1909-sortie-ouest-1200x756.jpg 1200w, https:\/\/saint-georges-sur-loire-patrimoine.fr\/wp-content\/uploads\/2024\/07\/1909-sortie-ouest-1980x1247.jpg 1980w\" sizes=\"(max-width: 580px) 100vw, 580px\" \/>\t\t\t\t\t\t\t\t\t\t\t\t\t\t\t<\/div>\n\t\t\t\t<\/div>\n\t\t\t\t<\/div>\n\t\t\t\t<\/div>\n\t\t<div class=\"elementor-element elementor-element-5f0ffd2 e-flex e-con-boxed wpr-particle-no wpr-jarallax-no wpr-parallax-no wpr-sticky-section-no wpr-equal-height-no e-con e-parent\" data-id=\"5f0ffd2\" data-element_type=\"container\" data-e-type=\"container\" data-settings=\"{&quot;_ha_eqh_enable&quot;:false}\">\n\t\t\t\t\t<div class=\"e-con-inner\">\n\t\t\t\t<div class=\"elementor-element elementor-element-50618b5 elementor-widget__width-inherit exad-sticky-section-no exad-glass-effect-no elementor-widget elementor-widget-spacer\" data-id=\"50618b5\" data-element_type=\"widget\" data-e-type=\"widget\" data-widget_type=\"spacer.default\">\n\t\t\t\t<div class=\"elementor-widget-container\">\n\t\t\t\t\t\t\t<div class=\"elementor-spacer\">\n\t\t\t<div class=\"elementor-spacer-inner\"><\/div>\n\t\t<\/div>\n\t\t\t\t\t\t<\/div>\n\t\t\t\t<\/div>\n\t\t\t\t\t<\/div>\n\t\t\t\t<\/div>\n\t\t\t\t<\/div>\n\t\t","protected":false},"excerpt":{"rendered":"<p>Le grand Prix automobile de l&rsquo;Anjou annul\u00e9 1909 : La Belle \u00e9poque Etienne van Zuylen van Nyevelt, Jules Albert\u00a0 de Dion et le journaliste Paul Meyan fondent en 1895, l\u2019Automobile Club de France, l\u2019ACF. Ce club organise,\u00a0 en 1899, le premier Tour de France Automobile. Il est plus connu pour les Grands Prix organis\u00e9s chaque ann\u00e9e. On citera 1905, le circuit des Ardennes ; 1906, le circuit de la Sarthe ; 1907, le circuit de la Seine Inf\u00e9rieure et 1908, le circuit de Dieppe. L\u2019Anjou est retenu pour le Grand Prix de 1909. Le Comit\u00e9 Central de L&rsquo;Anjou \u00e9tait port\u00e9 par M. Monprofit, maire d&rsquo;Angers ; MM. Mitonneau et Labesses, adjoints ; M. Cointreau, secr\u00e9taire g\u00e9n\u00e9ral ; M. Richau, tr\u00e9sorier ; M. Bessonneau, responsable de la commission sportive. Un de ses membres, M. Motais, \u00e9tait l&rsquo;artisan du trac\u00e9. \u00a0Ce comit\u00e9 avait le soutien politique de M. Dupeyrat pr\u00e9fet de Maine-et-Loire et MM. Gauvin, Gioux, Ferdinand et Laurent Boug\u00e8re, tous quatre d\u00e9put\u00e9s du m\u00eame d\u00e9partement. Fin octobre 1908, le Comit\u00e9 Central de l&rsquo;Anjou, muni de la pr\u00e9cieuse promesse de subvention de 100 000 francs, se retrouva place de la Concorde pour d\u00e9poser officiellement le projet du circuit d&rsquo;Anjou. Le 29 octobre 1908, la Commission sportive de l\u2019ACF se r\u00e9unit \u00e0 Cand\u00e9. Le circuit est d\u00e9fini : Saint-Georges-sur-Loire, tribunes et ligne de d\u00e9part \u00e0 Saint-Germain-des-Pr\u00e9s, Champtoc\u00e9-sur-Loire, La Riotti\u00e8re, La Cornuaille, Cand\u00e9, le Louroux-B\u00e9connais, B\u00e9con-les-Granits, La Croix de Lorraine et Saint-Georges. Au total 73,5 km. r\u00e9union de la commission sportive \u00e0 Paris Trac\u00e9 du grand prix automobile de l&rsquo;Anjou de 1909 1908 : la commission de l&rsquo;ACF en visite \u00e0 Cand\u00e9 On construisait d\u00e9sormais des machines sp\u00e9cifiquement d\u00e9di\u00e9es \u00e0 la course, qui n&rsquo;avaient souvent qu&rsquo;un lointain rapport avec la s\u00e9rie, donc difficiles \u00e0 identifier. Entretenir un tel service de comp\u00e9tition, qui \u00e9loignait les ing\u00e9nieurs des voitures de tourisme, co\u00fbtait fort cher. Au surplus, ces \u00ab\u00a0autos sp\u00e9ciales\u00a0\u00bb ne servaient qu&rsquo;une fois dans l&rsquo;ann\u00e9e, chaque automobile-club national promulguant son propre r\u00e8glement. Dans le cas du grand-prix de l&rsquo;ACF, il \u00e9tait m\u00eame diff\u00e9rent d&rsquo;une ann\u00e9e sur l&rsquo;autre ! Ce fut certainement une bonne excuse pour 17 grandes maisons fran\u00e7aises (parmi lesquelles Renault, Darracq, Mors, Brasier, Panhard, de Dietrich &#8230;), autrefois engag\u00e9es en comp\u00e9tition qui, fin 1908, s&rsquo;associ\u00e8rent dans un grand boycott de la course de vitesse. Elles furent m\u00eame rejointes par Benz et Mercedes, trop heureuses de rester sur leurs lauriers de Dieppe. L&rsquo;ACF ne pouvait ignorer ce mouvement, alors m\u00eame que certains de leurs administrateurs si\u00e9geaient pr\u00e9cis\u00e9ment dans les commissions de la place de la Concorde ! Mais on trouva une astuce pour tenter de faire bonne figure: le r\u00e8glement sp\u00e9cifia que le Grand Prix 1909 ne pourrait se tenir que si 40 engagements \u00e9taient parvenus avant le 31 d\u00e9cembre. Sachant la d\u00e9fection de la plupart des constructeurs et que Dieppe avait accueilli 49 autos au d\u00e9part pour une ann\u00e9e jug\u00e9e fastueuse, il \u00e9tait facile de deviner que le Grand-Prix ne se ferait pas. Mais on laissa croire au comit\u00e9 angevin qu\u2019il aurait bien lieu, jusqu&rsquo;au communiqu\u00e9 officiel de janvier 1909. En janvier, seuls quatre constructeurs \u00e9taient inscrits : Mors, Cottin-Desgouttes, Rolland-Pilain et Le Gui. Le Grand Prix de l\u2019Anjou \u00e9tait report\u00e9 sine die. Il nous reste ces cartes postales, t\u00e9moins de la vie de nos communes en 1909. Les cartes postales \u00e9taient\u00a0 pour la plupart des montages photographiques o\u00f9 les voitures ont \u00e9t\u00e9 rajout\u00e9es.<\/p>\n","protected":false},"author":1,"featured_media":0,"comment_status":"open","ping_status":"open","sticky":false,"template":"elementor_canvas","format":"standard","meta":{"_seopress_robots_primary_cat":"","_seopress_titles_title":"Le grand prix de l'Anjou de 1909 - Saint Georges Patrimoine","_seopress_titles_desc":"Le grand prix automobile de 1909 devait traverser Saint Georges sur Loire. Il sera finalement annul\u00e9.","_seopress_robots_index":"","_monsterinsights_skip_tracking":false,"_monsterinsights_sitenote_active":false,"_monsterinsights_sitenote_note":"","_monsterinsights_sitenote_category":0,"postBodyCss":"","postBodyMargin":[],"postBodyPadding":[],"postBodyBackground":{"backgroundType":"classic","gradient":""},"footnotes":""},"categories":[10],"tags":[],"class_list":["post-6937","post","type-post","status-publish","format-standard","hentry","category-article"],"_links":{"self":[{"href":"https:\/\/saint-georges-sur-loire-patrimoine.fr\/index.php\/wp-json\/wp\/v2\/posts\/6937","targetHints":{"allow":["GET"]}}],"collection":[{"href":"https:\/\/saint-georges-sur-loire-patrimoine.fr\/index.php\/wp-json\/wp\/v2\/posts"}],"about":[{"href":"https:\/\/saint-georges-sur-loire-patrimoine.fr\/index.php\/wp-json\/wp\/v2\/types\/post"}],"author":[{"embeddable":true,"href":"https:\/\/saint-georges-sur-loire-patrimoine.fr\/index.php\/wp-json\/wp\/v2\/users\/1"}],"replies":[{"embeddable":true,"href":"https:\/\/saint-georges-sur-loire-patrimoine.fr\/index.php\/wp-json\/wp\/v2\/comments?post=6937"}],"version-history":[{"count":17,"href":"https:\/\/saint-georges-sur-loire-patrimoine.fr\/index.php\/wp-json\/wp\/v2\/posts\/6937\/revisions"}],"predecessor-version":[{"id":9512,"href":"https:\/\/saint-georges-sur-loire-patrimoine.fr\/index.php\/wp-json\/wp\/v2\/posts\/6937\/revisions\/9512"}],"wp:attachment":[{"href":"https:\/\/saint-georges-sur-loire-patrimoine.fr\/index.php\/wp-json\/wp\/v2\/media?parent=6937"}],"wp:term":[{"taxonomy":"category","embeddable":true,"href":"https:\/\/saint-georges-sur-loire-patrimoine.fr\/index.php\/wp-json\/wp\/v2\/categories?post=6937"},{"taxonomy":"post_tag","embeddable":true,"href":"https:\/\/saint-georges-sur-loire-patrimoine.fr\/index.php\/wp-json\/wp\/v2\/tags?post=6937"}],"curies":[{"name":"wp","href":"https:\/\/api.w.org\/{rel}","templated":true}]}}