{"id":3630,"date":"2024-06-03T16:00:44","date_gmt":"2024-06-03T14:00:44","guid":{"rendered":"https:\/\/saint-georges-sur-loire-patrimoine.fr\/?p=3630"},"modified":"2024-10-04T15:45:04","modified_gmt":"2024-10-04T13:45:04","slug":"oratoire-du-moulin-bachelot","status":"publish","type":"post","link":"https:\/\/saint-georges-sur-loire-patrimoine.fr\/index.php\/2024\/06\/03\/oratoire-du-moulin-bachelot\/","title":{"rendered":"Oratoire du Moulin Bachelot"},"content":{"rendered":"\t\t<div data-elementor-type=\"wp-post\" data-elementor-id=\"3630\" class=\"elementor elementor-3630\" data-elementor-settings=\"{&quot;ha_cmc_init_switcher&quot;:&quot;no&quot;}\">\n\t\t\t\t<div class=\"elementor-element elementor-element-9f35156 e-flex e-con-boxed wpr-particle-no wpr-jarallax-no wpr-parallax-no wpr-sticky-section-no wpr-equal-height-no e-con e-parent\" data-id=\"9f35156\" data-element_type=\"container\" data-e-type=\"container\" data-settings=\"{&quot;_ha_eqh_enable&quot;:false}\">\n\t\t\t\t\t<div class=\"e-con-inner\">\n\t\t\t\t<div class=\"elementor-element elementor-element-f62d062 exad-sticky-section-no exad-glass-effect-no elementor-widget elementor-widget-spacer\" data-id=\"f62d062\" data-element_type=\"widget\" data-e-type=\"widget\" data-widget_type=\"spacer.default\">\n\t\t\t\t<div class=\"elementor-widget-container\">\n\t\t\t\t\t\t\t<div class=\"elementor-spacer\">\n\t\t\t<div class=\"elementor-spacer-inner\"><\/div>\n\t\t<\/div>\n\t\t\t\t\t\t<\/div>\n\t\t\t\t<\/div>\n\t\t\t\t\t<\/div>\n\t\t\t\t<\/div>\n\t\t<div class=\"elementor-element elementor-element-67a16ce e-flex e-con-boxed wpr-particle-no wpr-jarallax-no wpr-parallax-no wpr-sticky-section-no wpr-equal-height-no e-con e-parent\" data-id=\"67a16ce\" data-element_type=\"container\" data-e-type=\"container\" data-settings=\"{&quot;background_background&quot;:&quot;gradient&quot;,&quot;_ha_eqh_enable&quot;:false}\">\n\t\t\t\t\t<div class=\"e-con-inner\">\n\t\t\t\t<div class=\"elementor-element elementor-element-9ca163f exad-sticky-section-no exad-glass-effect-no elementor-widget elementor-widget-spacer\" data-id=\"9ca163f\" data-element_type=\"widget\" data-e-type=\"widget\" data-widget_type=\"spacer.default\">\n\t\t\t\t<div class=\"elementor-widget-container\">\n\t\t\t\t\t\t\t<div class=\"elementor-spacer\">\n\t\t\t<div class=\"elementor-spacer-inner\"><\/div>\n\t\t<\/div>\n\t\t\t\t\t\t<\/div>\n\t\t\t\t<\/div>\n\t\t\t\t<div class=\"elementor-element elementor-element-3551af4 exad-sticky-section-no exad-glass-effect-no elementor-widget elementor-widget-heading\" data-id=\"3551af4\" data-element_type=\"widget\" data-e-type=\"widget\" data-widget_type=\"heading.default\">\n\t\t\t\t<div class=\"elementor-widget-container\">\n\t\t\t\t\t<h1 class=\"elementor-heading-title elementor-size-default\">L'oratoire du Moulin Bachelot<\/h1>\t\t\t\t<\/div>\n\t\t\t\t<\/div>\n\t\t\t\t<div class=\"elementor-element elementor-element-875e89b exad-sticky-section-no exad-glass-effect-no elementor-widget elementor-widget-heading\" data-id=\"875e89b\" data-element_type=\"widget\" data-e-type=\"widget\" data-widget_type=\"heading.default\">\n\t\t\t\t<div class=\"elementor-widget-container\">\n\t\t\t\t\t<h2 class=\"elementor-heading-title elementor-size-default\">1914-1918 Premi\u00e8re Guerre Mondiale<\/h2>\t\t\t\t<\/div>\n\t\t\t\t<\/div>\n\t\t\t\t<div class=\"elementor-element elementor-element-60b6ea7 exad-sticky-section-no exad-glass-effect-no elementor-widget elementor-widget-spacer\" data-id=\"60b6ea7\" data-element_type=\"widget\" data-e-type=\"widget\" data-widget_type=\"spacer.default\">\n\t\t\t\t<div class=\"elementor-widget-container\">\n\t\t\t\t\t\t\t<div class=\"elementor-spacer\">\n\t\t\t<div class=\"elementor-spacer-inner\"><\/div>\n\t\t<\/div>\n\t\t\t\t\t\t<\/div>\n\t\t\t\t<\/div>\n\t\t\t\t\t<\/div>\n\t\t\t\t<\/div>\n\t\t<div class=\"elementor-element elementor-element-ef2b2fb e-con-full e-flex wpr-particle-no wpr-jarallax-no wpr-parallax-no wpr-sticky-section-no wpr-equal-height-no e-con e-parent\" data-id=\"ef2b2fb\" data-element_type=\"container\" data-e-type=\"container\" data-settings=\"{&quot;background_background&quot;:&quot;classic&quot;,&quot;_ha_eqh_enable&quot;:false}\">\n\t\t<div class=\"elementor-element elementor-element-04e0526 e-con-full e-flex wpr-particle-no wpr-jarallax-no wpr-parallax-no wpr-sticky-section-no wpr-equal-height-no e-con e-child\" data-id=\"04e0526\" data-element_type=\"container\" data-e-type=\"container\" data-settings=\"{&quot;_ha_eqh_enable&quot;:false}\">\n\t\t\t\t<div class=\"elementor-element elementor-element-0cf3c63 elementor-widget-tablet__width-initial elementor-widget__width-initial exad-sticky-section-no exad-glass-effect-no elementor-widget elementor-widget-image\" data-id=\"0cf3c63\" data-element_type=\"widget\" data-e-type=\"widget\" data-widget_type=\"image.default\">\n\t\t\t\t<div class=\"elementor-widget-container\">\n\t\t\t\t\t\t\t\t\t\t\t\t\t\t\t<img decoding=\"async\" src=\"https:\/\/saint-georges-sur-loire-patrimoine.fr\/wp-content\/uploads\/2024\/06\/oratoire-moulin-bachelot-scaled.jpg\" title=\"oratoire moulin bachelot\" alt=\"Oratoire du moulin bachelot\" loading=\"lazy\" \/>\t\t\t\t\t\t\t\t\t\t\t\t\t\t\t<\/div>\n\t\t\t\t<\/div>\n\t\t\t\t<div class=\"elementor-element elementor-element-b94fa7c exad-sticky-section-no exad-glass-effect-no elementor-widget elementor-widget-text-editor\" data-id=\"b94fa7c\" data-element_type=\"widget\" data-e-type=\"widget\" data-widget_type=\"text-editor.default\">\n\t\t\t\t<div class=\"elementor-widget-container\">\n\t\t\t\t\t\t\t\t\t<p>L&rsquo;oratoire devant le moulin Bachelot<\/p>\t\t\t\t\t\t\t\t<\/div>\n\t\t\t\t<\/div>\n\t\t\t\t<\/div>\n\t\t<div class=\"elementor-element elementor-element-6816544 e-con-full e-flex wpr-particle-no wpr-jarallax-no wpr-parallax-no wpr-sticky-section-no wpr-equal-height-no e-con e-child\" data-id=\"6816544\" data-element_type=\"container\" data-e-type=\"container\" data-settings=\"{&quot;_ha_eqh_enable&quot;:false}\">\n\t\t\t\t<div class=\"elementor-element elementor-element-f9785ec exad-sticky-section-no exad-glass-effect-no elementor-widget elementor-widget-text-editor\" data-id=\"f9785ec\" data-element_type=\"widget\" data-e-type=\"widget\" data-widget_type=\"text-editor.default\">\n\t\t\t\t<div class=\"elementor-widget-container\">\n\t\t\t\t\t\t\t\t\t<p>Il a \u00e9t\u00e9 \u00e9difi\u00e9 au d\u00e9but de la guerre 14\/18 par Louise-Jeanne Bourrigault n\u00e9e le 24 juillet 1857 \u00e0 Saint-Georges-sur-Loire et veuve de Joseph-Ren\u00e9 Mauget n\u00e9 \u00e0 Villemoisan le 26 avril 1839 et d\u00e9c\u00e9d\u00e9 le 22 septembre 1895 au moulin Bachelot. Les deux \u00e9taient meuniers<br \/>Ils ont une fille, Jeanne-Louise (1878-1952) qui a \u00e9pous\u00e9 Mathurin Baranger (1873-1958), boucher originaire de la Guimesli\u00e8re, le 27 septembre 1897.<br \/>Ils ont perdu un fils Ren\u00e9-Emile (1880-1881) en bas \u00e2ge.<br \/>Ils ont \u00e9galement deux autres fils\u00a0:<\/p><ul><li class=\"Standard\">Joseph-Aim\u00e9, n\u00e9 le 6 mars 1877 au moulin Bachelot \u00e9tait meunier et rempla\u00e7ait son p\u00e8re d\u00e9c\u00e9d\u00e9. Il a des cheveux bruns, des yeux marrons et mesure 1m67<\/li><li class=\"Standard\">Auguste-Jean-Marie n\u00e9 le 18 janvier 1882 au moulin a les cheveux bruns et les yeux ch\u00e2tains ; il mesure 1m64.<\/li><\/ul><p>Ces deux hommes sont mobilis\u00e9s en ao\u00fbt 1914.<\/p>\t\t\t\t\t\t\t\t<\/div>\n\t\t\t\t<\/div>\n\t\t\t\t<\/div>\n\t\t\t\t<\/div>\n\t\t<div class=\"elementor-element elementor-element-faae072 e-con-full e-flex wpr-particle-no wpr-jarallax-no wpr-parallax-no wpr-sticky-section-no wpr-equal-height-no e-con e-parent\" data-id=\"faae072\" data-element_type=\"container\" data-e-type=\"container\" data-settings=\"{&quot;_ha_eqh_enable&quot;:false}\">\n\t\t<div class=\"elementor-element elementor-element-e845121 e-con-full e-flex wpr-particle-no wpr-jarallax-no wpr-parallax-no wpr-sticky-section-no wpr-equal-height-no e-con e-child\" data-id=\"e845121\" data-element_type=\"container\" data-e-type=\"container\" data-settings=\"{&quot;_ha_eqh_enable&quot;:false}\">\n\t\t\t\t<div class=\"elementor-element elementor-element-590290b elementor-widget__width-initial exad-sticky-section-no exad-glass-effect-no elementor-widget elementor-widget-image\" data-id=\"590290b\" data-element_type=\"widget\" data-e-type=\"widget\" data-widget_type=\"image.default\">\n\t\t\t\t<div class=\"elementor-widget-container\">\n\t\t\t\t\t\t\t\t\t\t\t\t\t\t\t<img fetchpriority=\"high\" decoding=\"async\" width=\"580\" height=\"880\" src=\"https:\/\/saint-georges-sur-loire-patrimoine.fr\/wp-content\/uploads\/2024\/06\/registre-matricule-joseph-aime-mauget-675x1024.jpg\" class=\"attachment-large size-large wp-image-3646\" alt=\"Page du registre de matricule militaire de Joseph Aim\u00e9 Mauget\" srcset=\"https:\/\/saint-georges-sur-loire-patrimoine.fr\/wp-content\/uploads\/2024\/06\/registre-matricule-joseph-aime-mauget-675x1024.jpg 675w, https:\/\/saint-georges-sur-loire-patrimoine.fr\/wp-content\/uploads\/2024\/06\/registre-matricule-joseph-aime-mauget-198x300.jpg 198w, https:\/\/saint-georges-sur-loire-patrimoine.fr\/wp-content\/uploads\/2024\/06\/registre-matricule-joseph-aime-mauget-768x1165.jpg 768w, https:\/\/saint-georges-sur-loire-patrimoine.fr\/wp-content\/uploads\/2024\/06\/registre-matricule-joseph-aime-mauget.jpg 989w\" sizes=\"(max-width: 580px) 100vw, 580px\" \/>\t\t\t\t\t\t\t\t\t\t\t\t\t\t\t<\/div>\n\t\t\t\t<\/div>\n\t\t\t\t<div class=\"elementor-element elementor-element-6bde285 exad-sticky-section-no exad-glass-effect-no elementor-widget elementor-widget-text-editor\" data-id=\"6bde285\" data-element_type=\"widget\" data-e-type=\"widget\" data-widget_type=\"text-editor.default\">\n\t\t\t\t<div class=\"elementor-widget-container\">\n\t\t\t\t\t\t\t\t\t<p>Registre de matricule militaire de Joseph Aim\u00e9 Mauget<\/p>\t\t\t\t\t\t\t\t<\/div>\n\t\t\t\t<\/div>\n\t\t\t\t<\/div>\n\t\t<div class=\"elementor-element elementor-element-cc829af e-con-full e-flex wpr-particle-no wpr-jarallax-no wpr-parallax-no wpr-sticky-section-no wpr-equal-height-no e-con e-child\" data-id=\"cc829af\" data-element_type=\"container\" data-e-type=\"container\" data-settings=\"{&quot;_ha_eqh_enable&quot;:false}\">\n\t\t\t\t<div class=\"elementor-element elementor-element-c8b06d7 elementor-widget__width-initial exad-sticky-section-no exad-glass-effect-no elementor-widget elementor-widget-text-editor\" data-id=\"c8b06d7\" data-element_type=\"widget\" data-e-type=\"widget\" data-widget_type=\"text-editor.default\">\n\t\t\t\t<div class=\"elementor-widget-container\">\n\t\t\t\t\t\t\t\t\t<p>L&rsquo;a\u00een\u00e9 a \u00e9t\u00e9 plac\u00e9 dans les services auxiliaires \u00e0 la conscription en 1897 en raison d&rsquo;une cicatrice au bas du ventre et maintenu dans cet \u00e9tat jusqu&rsquo;au 18 octobre 1915 o\u00f9 il a \u00e9t\u00e9 rattrap\u00e9 par la mobilisation g\u00e9n\u00e9rale. Il a \u00e9t\u00e9 affect\u00e9 \u00e0 la poudrerie de Bassens (33) puis il est pass\u00e9 dans le 18i\u00e8me escadron du train le premier juillet 1917. Il a enfin \u00e9t\u00e9 mis en cong\u00e9 d\u00e9finitif de mobilisation le 26 f\u00e9vrier 1919, \u00e0 42 ans. Son \u00e2ge et son \u00e9tat de sant\u00e9 l&rsquo;ont plac\u00e9 loin des zones de combat.<\/p><p>Le cadet, au moment du conseil de r\u00e9vision en 1902, a \u00e9t\u00e9 jug\u00e9 bon pour le service mais exempt\u00e9 en tant que soutien de famille. Il a toutefois \u00e9t\u00e9 incorpor\u00e9 dans le 135i\u00e8me r\u00e9giment d&rsquo;infanterie le 14 novembre 1903 et nomm\u00e9 soldat de 1\u00e8re classe le 23 juin 1904 avant de retourner dans ses foyers, dot\u00e9 d&rsquo;un certificat de bonne conduite, le 18 septembre 1904. Rappel\u00e9 le 4 ao\u00fbt 1914, il a \u00e9t\u00e9 fait prisonnier le 27 septembre 1914 \u00e0 Prosnes (51) et intern\u00e9 \u00e0 Darmstadt (Hesse) puis \u00e0 Merseburg (Saxe-Anhalt). Le 1er mars 1919 il revient \u00e0 St Georges o\u00f9 il est mis en cong\u00e9 d\u00e9finitif de mobilisation. Il d\u00e9c\u00e8de \u00e0 Saint Georges sur Loire le 17 janvier 1949.<\/p><p>Les v\u0153ux de Louise-Jeanne Bourrigault avaient \u00e9t\u00e9 exauc\u00e9s.<\/p>\t\t\t\t\t\t\t\t<\/div>\n\t\t\t\t<\/div>\n\t\t\t\t<div class=\"elementor-element elementor-element-28a7b4d elementor-widget__width-initial exad-sticky-section-no exad-glass-effect-no elementor-widget elementor-widget-image\" data-id=\"28a7b4d\" data-element_type=\"widget\" data-e-type=\"widget\" data-widget_type=\"image.default\">\n\t\t\t\t<div class=\"elementor-widget-container\">\n\t\t\t\t\t\t\t\t\t\t\t\t\t\t\t<img decoding=\"async\" width=\"580\" height=\"445\" src=\"https:\/\/saint-georges-sur-loire-patrimoine.fr\/wp-content\/uploads\/2024\/06\/moulin-bachelot.jpg\" class=\"attachment-large size-large wp-image-5793\" alt=\"dessin du moulin bachelot\" srcset=\"https:\/\/saint-georges-sur-loire-patrimoine.fr\/wp-content\/uploads\/2024\/06\/moulin-bachelot.jpg 792w, https:\/\/saint-georges-sur-loire-patrimoine.fr\/wp-content\/uploads\/2024\/06\/moulin-bachelot-300x230.jpg 300w, https:\/\/saint-georges-sur-loire-patrimoine.fr\/wp-content\/uploads\/2024\/06\/moulin-bachelot-768x590.jpg 768w\" sizes=\"(max-width: 580px) 100vw, 580px\" \/>\t\t\t\t\t\t\t\t\t\t\t\t\t\t\t<\/div>\n\t\t\t\t<\/div>\n\t\t\t\t<div class=\"elementor-element elementor-element-e838ae4 elementor-widget__width-initial exad-sticky-section-no exad-glass-effect-no elementor-widget elementor-widget-text-editor\" data-id=\"e838ae4\" data-element_type=\"widget\" data-e-type=\"widget\" data-widget_type=\"text-editor.default\">\n\t\t\t\t<div class=\"elementor-widget-container\">\n\t\t\t\t\t\t\t\t\t<p>Le moulin Bachelot<\/p>\t\t\t\t\t\t\t\t<\/div>\n\t\t\t\t<\/div>\n\t\t\t\t<\/div>\n\t\t\t\t<\/div>\n\t\t<div class=\"elementor-element elementor-element-10f59e5 e-flex e-con-boxed wpr-particle-no wpr-jarallax-no wpr-parallax-no wpr-sticky-section-no wpr-equal-height-no e-con e-parent\" data-id=\"10f59e5\" data-element_type=\"container\" data-e-type=\"container\" data-settings=\"{&quot;_ha_eqh_enable&quot;:false}\">\n\t\t\t\t\t<div class=\"e-con-inner\">\n\t\t\t\t<div class=\"elementor-element elementor-element-6ccb2bf exad-sticky-section-no exad-glass-effect-no elementor-widget elementor-widget-spacer\" data-id=\"6ccb2bf\" data-element_type=\"widget\" data-e-type=\"widget\" data-widget_type=\"spacer.default\">\n\t\t\t\t<div class=\"elementor-widget-container\">\n\t\t\t\t\t\t\t<div class=\"elementor-spacer\">\n\t\t\t<div class=\"elementor-spacer-inner\"><\/div>\n\t\t<\/div>\n\t\t\t\t\t\t<\/div>\n\t\t\t\t<\/div>\n\t\t\t\t\t<\/div>\n\t\t\t\t<\/div>\n\t\t\t\t<\/div>\n\t\t","protected":false},"excerpt":{"rendered":"<p>L&rsquo;oratoire du Moulin Bachelot 1914-1918 Premi\u00e8re Guerre Mondiale L&rsquo;oratoire devant le moulin Bachelot Il a \u00e9t\u00e9 \u00e9difi\u00e9 au d\u00e9but de la guerre 14\/18 par Louise-Jeanne Bourrigault n\u00e9e le 24 juillet 1857 \u00e0 Saint-Georges-sur-Loire et veuve de Joseph-Ren\u00e9 Mauget n\u00e9 \u00e0 Villemoisan le 26 avril 1839 et d\u00e9c\u00e9d\u00e9 le 22 septembre 1895 au moulin Bachelot. Les deux \u00e9taient meuniersIls ont une fille, Jeanne-Louise (1878-1952) qui a \u00e9pous\u00e9 Mathurin Baranger (1873-1958), boucher originaire de la Guimesli\u00e8re, le 27 septembre 1897.Ils ont perdu un fils Ren\u00e9-Emile (1880-1881) en bas \u00e2ge.Ils ont \u00e9galement deux autres fils\u00a0: Joseph-Aim\u00e9, n\u00e9 le 6 mars 1877 au moulin Bachelot \u00e9tait meunier et rempla\u00e7ait son p\u00e8re d\u00e9c\u00e9d\u00e9. Il a des cheveux bruns, des yeux marrons et mesure 1m67 Auguste-Jean-Marie n\u00e9 le 18 janvier 1882 au moulin a les cheveux bruns et les yeux ch\u00e2tains ; il mesure 1m64. Ces deux hommes sont mobilis\u00e9s en ao\u00fbt 1914. Registre de matricule militaire de Joseph Aim\u00e9 Mauget L&rsquo;a\u00een\u00e9 a \u00e9t\u00e9 plac\u00e9 dans les services auxiliaires \u00e0 la conscription en 1897 en raison d&rsquo;une cicatrice au bas du ventre et maintenu dans cet \u00e9tat jusqu&rsquo;au 18 octobre 1915 o\u00f9 il a \u00e9t\u00e9 rattrap\u00e9 par la mobilisation g\u00e9n\u00e9rale. Il a \u00e9t\u00e9 affect\u00e9 \u00e0 la poudrerie de Bassens (33) puis il est pass\u00e9 dans le 18i\u00e8me escadron du train le premier juillet 1917. Il a enfin \u00e9t\u00e9 mis en cong\u00e9 d\u00e9finitif de mobilisation le 26 f\u00e9vrier 1919, \u00e0 42 ans. Son \u00e2ge et son \u00e9tat de sant\u00e9 l&rsquo;ont plac\u00e9 loin des zones de combat. Le cadet, au moment du conseil de r\u00e9vision en 1902, a \u00e9t\u00e9 jug\u00e9 bon pour le service mais exempt\u00e9 en tant que soutien de famille. Il a toutefois \u00e9t\u00e9 incorpor\u00e9 dans le 135i\u00e8me r\u00e9giment d&rsquo;infanterie le 14 novembre 1903 et nomm\u00e9 soldat de 1\u00e8re classe le 23 juin 1904 avant de retourner dans ses foyers, dot\u00e9 d&rsquo;un certificat de bonne conduite, le 18 septembre 1904. Rappel\u00e9 le 4 ao\u00fbt 1914, il a \u00e9t\u00e9 fait prisonnier le 27 septembre 1914 \u00e0 Prosnes (51) et intern\u00e9 \u00e0 Darmstadt (Hesse) puis \u00e0 Merseburg (Saxe-Anhalt). Le 1er mars 1919 il revient \u00e0 St Georges o\u00f9 il est mis en cong\u00e9 d\u00e9finitif de mobilisation. Il d\u00e9c\u00e8de \u00e0 Saint Georges sur Loire le 17 janvier 1949. Les v\u0153ux de Louise-Jeanne Bourrigault avaient \u00e9t\u00e9 exauc\u00e9s. Le moulin Bachelot<\/p>\n","protected":false},"author":1,"featured_media":0,"comment_status":"open","ping_status":"open","sticky":false,"template":"elementor_canvas","format":"standard","meta":{"_seopress_robots_primary_cat":"","_seopress_titles_title":"L'oratoire du moulin Bachelot - Saint Georges Patrimoine","_seopress_titles_desc":"L'histoire de cet oratoire \u00e9difi\u00e9 par une m\u00e8re pendant la Premi\u00e8re Guerre Mondiale pour le retour de ses 2 fils.","_seopress_robots_index":"","_monsterinsights_skip_tracking":false,"_monsterinsights_sitenote_active":false,"_monsterinsights_sitenote_note":"","_monsterinsights_sitenote_category":0,"postBodyCss":"","postBodyMargin":[],"postBodyPadding":[],"postBodyBackground":{"backgroundType":"classic","gradient":""},"footnotes":""},"categories":[7],"tags":[],"class_list":["post-3630","post","type-post","status-publish","format-standard","hentry","category-sites-2"],"_links":{"self":[{"href":"https:\/\/saint-georges-sur-loire-patrimoine.fr\/index.php\/wp-json\/wp\/v2\/posts\/3630","targetHints":{"allow":["GET"]}}],"collection":[{"href":"https:\/\/saint-georges-sur-loire-patrimoine.fr\/index.php\/wp-json\/wp\/v2\/posts"}],"about":[{"href":"https:\/\/saint-georges-sur-loire-patrimoine.fr\/index.php\/wp-json\/wp\/v2\/types\/post"}],"author":[{"embeddable":true,"href":"https:\/\/saint-georges-sur-loire-patrimoine.fr\/index.php\/wp-json\/wp\/v2\/users\/1"}],"replies":[{"embeddable":true,"href":"https:\/\/saint-georges-sur-loire-patrimoine.fr\/index.php\/wp-json\/wp\/v2\/comments?post=3630"}],"version-history":[{"count":33,"href":"https:\/\/saint-georges-sur-loire-patrimoine.fr\/index.php\/wp-json\/wp\/v2\/posts\/3630\/revisions"}],"predecessor-version":[{"id":9391,"href":"https:\/\/saint-georges-sur-loire-patrimoine.fr\/index.php\/wp-json\/wp\/v2\/posts\/3630\/revisions\/9391"}],"wp:attachment":[{"href":"https:\/\/saint-georges-sur-loire-patrimoine.fr\/index.php\/wp-json\/wp\/v2\/media?parent=3630"}],"wp:term":[{"taxonomy":"category","embeddable":true,"href":"https:\/\/saint-georges-sur-loire-patrimoine.fr\/index.php\/wp-json\/wp\/v2\/categories?post=3630"},{"taxonomy":"post_tag","embeddable":true,"href":"https:\/\/saint-georges-sur-loire-patrimoine.fr\/index.php\/wp-json\/wp\/v2\/tags?post=3630"}],"curies":[{"name":"wp","href":"https:\/\/api.w.org\/{rel}","templated":true}]}}