{"id":2831,"date":"2024-05-30T09:48:06","date_gmt":"2024-05-30T07:48:06","guid":{"rendered":"https:\/\/saint-georges-sur-loire-patrimoine.fr\/?p=2831"},"modified":"2025-07-07T12:07:13","modified_gmt":"2025-07-07T10:07:13","slug":"eculard","status":"publish","type":"post","link":"https:\/\/saint-georges-sur-loire-patrimoine.fr\/index.php\/2024\/05\/30\/eculard\/","title":{"rendered":"\u00c9culard"},"content":{"rendered":"\t\t<div data-elementor-type=\"wp-post\" data-elementor-id=\"2831\" class=\"elementor elementor-2831\" data-elementor-settings=\"{&quot;ha_cmc_init_switcher&quot;:&quot;no&quot;}\">\n\t\t\t\t<div class=\"elementor-element elementor-element-cbded33 e-flex e-con-boxed wpr-particle-no wpr-jarallax-no wpr-parallax-no wpr-sticky-section-no wpr-equal-height-no e-con e-parent\" data-id=\"cbded33\" data-element_type=\"container\" data-e-type=\"container\" data-settings=\"{&quot;_ha_eqh_enable&quot;:false}\">\n\t\t\t\t\t<div class=\"e-con-inner\">\n\t\t\t\t<div class=\"elementor-element elementor-element-bf3f674 exad-sticky-section-no exad-glass-effect-no elementor-widget elementor-widget-spacer\" data-id=\"bf3f674\" data-element_type=\"widget\" data-e-type=\"widget\" data-widget_type=\"spacer.default\">\n\t\t\t\t<div class=\"elementor-widget-container\">\n\t\t\t\t\t\t\t<div class=\"elementor-spacer\">\n\t\t\t<div class=\"elementor-spacer-inner\"><\/div>\n\t\t<\/div>\n\t\t\t\t\t\t<\/div>\n\t\t\t\t<\/div>\n\t\t\t\t\t<\/div>\n\t\t\t\t<\/div>\n\t\t<div class=\"elementor-element elementor-element-67a16ce e-flex e-con-boxed wpr-particle-no wpr-jarallax-no wpr-parallax-no wpr-sticky-section-no wpr-equal-height-no e-con e-parent\" data-id=\"67a16ce\" data-element_type=\"container\" data-e-type=\"container\" data-settings=\"{&quot;background_background&quot;:&quot;gradient&quot;,&quot;_ha_eqh_enable&quot;:false}\">\n\t\t\t\t\t<div class=\"e-con-inner\">\n\t\t\t\t<div class=\"elementor-element elementor-element-9ca163f exad-sticky-section-no exad-glass-effect-no elementor-widget elementor-widget-spacer\" data-id=\"9ca163f\" data-element_type=\"widget\" data-e-type=\"widget\" data-widget_type=\"spacer.default\">\n\t\t\t\t<div class=\"elementor-widget-container\">\n\t\t\t\t\t\t\t<div class=\"elementor-spacer\">\n\t\t\t<div class=\"elementor-spacer-inner\"><\/div>\n\t\t<\/div>\n\t\t\t\t\t\t<\/div>\n\t\t\t\t<\/div>\n\t\t\t\t<div class=\"elementor-element elementor-element-875e89b exad-sticky-section-no exad-glass-effect-no elementor-widget elementor-widget-heading\" data-id=\"875e89b\" data-element_type=\"widget\" data-e-type=\"widget\" data-widget_type=\"heading.default\">\n\t\t\t\t<div class=\"elementor-widget-container\">\n\t\t\t\t\t<h1 class=\"elementor-heading-title elementor-size-default\">\u00c9culard<\/h1>\t\t\t\t<\/div>\n\t\t\t\t<\/div>\n\t\t\t\t<div class=\"elementor-element elementor-element-60b6ea7 exad-sticky-section-no exad-glass-effect-no elementor-widget elementor-widget-spacer\" data-id=\"60b6ea7\" data-element_type=\"widget\" data-e-type=\"widget\" data-widget_type=\"spacer.default\">\n\t\t\t\t<div class=\"elementor-widget-container\">\n\t\t\t\t\t\t\t<div class=\"elementor-spacer\">\n\t\t\t<div class=\"elementor-spacer-inner\"><\/div>\n\t\t<\/div>\n\t\t\t\t\t\t<\/div>\n\t\t\t\t<\/div>\n\t\t\t\t\t<\/div>\n\t\t\t\t<\/div>\n\t\t<div class=\"elementor-element elementor-element-ef2b2fb e-con-full e-flex wpr-particle-no wpr-jarallax-no wpr-parallax-no wpr-sticky-section-no wpr-equal-height-no e-con e-parent\" data-id=\"ef2b2fb\" data-element_type=\"container\" data-e-type=\"container\" data-settings=\"{&quot;_ha_eqh_enable&quot;:false}\">\n\t\t<div class=\"elementor-element elementor-element-04e0526 e-con-full e-flex wpr-particle-no wpr-jarallax-no wpr-parallax-no wpr-sticky-section-no wpr-equal-height-no e-con e-child\" data-id=\"04e0526\" data-element_type=\"container\" data-e-type=\"container\" data-settings=\"{&quot;_ha_eqh_enable&quot;:false}\">\n\t\t\t\t<div class=\"elementor-element elementor-element-170fe17 elementor-widget__width-initial exad-sticky-section-no exad-glass-effect-no elementor-widget elementor-widget-image\" data-id=\"170fe17\" data-element_type=\"widget\" data-e-type=\"widget\" data-widget_type=\"image.default\">\n\t\t\t\t<div class=\"elementor-widget-container\">\n\t\t\t\t\t\t\t\t\t\t\t\t\t\t\t<img decoding=\"async\" src=\"https:\/\/saint-georges-sur-loire-patrimoine.fr\/wp-content\/uploads\/2024\/05\/eculard.jpg\" title=\"eculard\" alt=\"photographie de la demeure d&#039;\u00e9culard\" loading=\"lazy\" \/>\t\t\t\t\t\t\t\t\t\t\t\t\t\t\t<\/div>\n\t\t\t\t<\/div>\n\t\t\t\t<div class=\"elementor-element elementor-element-4be41f8 elementor-widget__width-initial exad-sticky-section-no exad-glass-effect-no elementor-widget elementor-widget-image\" data-id=\"4be41f8\" data-element_type=\"widget\" data-e-type=\"widget\" data-widget_type=\"image.default\">\n\t\t\t\t<div class=\"elementor-widget-container\">\n\t\t\t\t\t\t\t\t\t\t\t\t\t\t\t<img decoding=\"async\" src=\"https:\/\/saint-georges-sur-loire-patrimoine.fr\/wp-content\/uploads\/2024\/05\/eculard-2.jpg\" title=\"eculard 2\" alt=\"la maison d&#039;\u00e9culard avec en premier plan la fuie\" loading=\"lazy\" \/>\t\t\t\t\t\t\t\t\t\t\t\t\t\t\t<\/div>\n\t\t\t\t<\/div>\n\t\t\t\t<\/div>\n\t\t<div class=\"elementor-element elementor-element-6816544 e-con-full e-flex wpr-particle-no wpr-jarallax-no wpr-parallax-no wpr-sticky-section-no wpr-equal-height-no e-con e-child\" data-id=\"6816544\" data-element_type=\"container\" data-e-type=\"container\" data-settings=\"{&quot;_ha_eqh_enable&quot;:false}\">\n\t\t\t\t<div class=\"elementor-element elementor-element-f9785ec exad-sticky-section-no exad-glass-effect-no elementor-widget elementor-widget-text-editor\" data-id=\"f9785ec\" data-element_type=\"widget\" data-e-type=\"widget\" data-widget_type=\"text-editor.default\">\n\t\t\t\t<div class=\"elementor-widget-container\">\n\t\t\t\t\t\t\t\t\t<p>Cette gentilhommi\u00e8re du XVIII\u00e8me si\u00e8cle se dresse au-dessus de la vall\u00e9e. Sur sa fa\u00e7ade, on peut admirer ses portes orn\u00e9es de pilastres et frontons ronds. Elle poss\u00e9dait autrefois une cour, une terrasse, une chapelle, aujourd&rsquo;hui transform\u00e9e en servitude. Dans le jardin subsiste la tour ronde d&rsquo;une ancienne fuie d\u00e9couronn\u00e9e c&rsquo;est-\u00e0-dire un petit colombier. La futaie d&rsquo;alentour a \u00e9t\u00e9 abattue vers 1860.<\/p><p>Une tradition indique l\u00e0 l&#8217;emplacement d&rsquo;une \u00e9glise primitive, abandonn\u00e9e, dit-on, au profit de l&rsquo;\u00e9glise abbati<a href=\"https:\/\/saint-georges-sur-loire-patrimoine.fr\/index.php\/2024\/05\/22\/le-refectoire-des-moines\/\">ale<\/a>. La chapelle actuelle en art roman, date vraissemblablement du XII ou XIII\u00e8me si\u00e8cle. Le<span style=\"text-decoration: underline;\"><a href=\"https:\/\/saint-georges-sur-loire-patrimoine.fr\/index.php\/2024\/05\/22\/le-refectoire-des-moines\/\"> r\u00e9fectoire des moines<\/a><\/span>, aujourd&rsquo;hui identifi\u00e9 comme la premi\u00e8re \u00e9glise paroissiale est beaucoup plus ancien. Une possibilit\u00e9 qu&rsquo;il y ait eu une autre \u00e9glise \u00e0 Eculard.<\/p><p>A plusieurs reprises et encore en 1872, on y a trouv\u00e9 des cercueils en pierre entre la maison et le moulin Bachelot.<\/p><p>La terre appartenait au XVI\u00e8me si\u00e8cle \u00e0 la famille Jamelot dont l&rsquo;h\u00e9riti\u00e8re Marguerite \u00e9pousa le 2 f\u00e9vrier 1589 Guillon de la Vieuville. Celui-ci en vendit au moins une partie \u00e0 Ren\u00e9 Verdier le 6 avril 1600. A la R\u00e9volution, Edouard Walsh, fils d&rsquo;<span style=\"text-decoration: underline;\"><a href=\"https:\/\/saint-georges-sur-loire-patrimoine.fr\/index.php\/2024\/06\/26\/antoine-walsh\/\">Antoine Walsh<\/a><\/span>, propri\u00e9taire du <span style=\"text-decoration: underline;\"><a href=\"https:\/\/saint-georges-sur-loire-patrimoine.fr\/index.php\/2024\/05\/24\/le-chateau-de-serrant\/\">ch\u00e2teau de Serrant<\/a><\/span>, se r\u00e9fugie \u00e0 Eculard. <span style=\"text-decoration: underline;\"><a href=\"https:\/\/saint-georges-sur-loire-patrimoine.fr\/index.php\/2024\/06\/26\/serrant-durant-la-revolution\/\">Les tumultes r\u00e9volutionnaires<\/a> <\/span>pass\u00e9s, Edouard souhaite s&rsquo;installer au ch\u00e2teau mais le retour de son p\u00e8re, exil\u00e9 d\u00e8s les premi\u00e8res heures de la R\u00e9volution, va contrarier ses plans. Suite \u00e0 un proc\u00e8s, Antoine Walsh r\u00e9cup\u00e8re son ch\u00e2teau et Edouard finira sa vie \u00e0 Eculard.<\/p><p>La demeure a appartenu au d\u00e9but du XX\u00e8me si\u00e8cle au <span style=\"text-decoration: underline;\"><a href=\"https:\/\/saint-georges-sur-loire-patrimoine.fr\/index.php\/2024\/11\/08\/eugene-joseph-daviers\/\">docteur Daviers<\/a><\/span>, c\u00e9l\u00e8bre m\u00e9decin angevin.<\/p>\t\t\t\t\t\t\t\t<\/div>\n\t\t\t\t<\/div>\n\t\t\t\t<\/div>\n\t\t\t\t<\/div>\n\t\t<div class=\"elementor-element elementor-element-a404b41 e-con-full e-flex wpr-particle-no wpr-jarallax-no wpr-parallax-no wpr-sticky-section-no wpr-equal-height-no e-con e-parent\" data-id=\"a404b41\" data-element_type=\"container\" data-e-type=\"container\" data-settings=\"{&quot;_ha_eqh_enable&quot;:false}\">\n\t\t\t\t<\/div>\n\t\t<div class=\"elementor-element elementor-element-5f0ffd2 e-flex e-con-boxed wpr-particle-no wpr-jarallax-no wpr-parallax-no wpr-sticky-section-no wpr-equal-height-no e-con e-parent\" data-id=\"5f0ffd2\" data-element_type=\"container\" data-e-type=\"container\" data-settings=\"{&quot;_ha_eqh_enable&quot;:false}\">\n\t\t\t\t\t<div class=\"e-con-inner\">\n\t\t\t\t<div class=\"elementor-element elementor-element-a8efe78 elementor-widget__width-inherit exad-sticky-section-no exad-glass-effect-no elementor-widget elementor-widget-spacer\" data-id=\"a8efe78\" data-element_type=\"widget\" data-e-type=\"widget\" data-widget_type=\"spacer.default\">\n\t\t\t\t<div class=\"elementor-widget-container\">\n\t\t\t\t\t\t\t<div class=\"elementor-spacer\">\n\t\t\t<div class=\"elementor-spacer-inner\"><\/div>\n\t\t<\/div>\n\t\t\t\t\t\t<\/div>\n\t\t\t\t<\/div>\n\t\t\t\t\t<\/div>\n\t\t\t\t<\/div>\n\t\t\t\t<\/div>\n\t\t","protected":false},"excerpt":{"rendered":"<p>\u00c9culard Cette gentilhommi\u00e8re du XVIII\u00e8me si\u00e8cle se dresse au-dessus de la vall\u00e9e. Sur sa fa\u00e7ade, on peut admirer ses portes orn\u00e9es de pilastres et frontons ronds. Elle poss\u00e9dait autrefois une cour, une terrasse, une chapelle, aujourd&rsquo;hui transform\u00e9e en servitude. Dans le jardin subsiste la tour ronde d&rsquo;une ancienne fuie d\u00e9couronn\u00e9e c&rsquo;est-\u00e0-dire un petit colombier. La futaie d&rsquo;alentour a \u00e9t\u00e9 abattue vers 1860. Une tradition indique l\u00e0 l&#8217;emplacement d&rsquo;une \u00e9glise primitive, abandonn\u00e9e, dit-on, au profit de l&rsquo;\u00e9glise abbatiale. La chapelle actuelle en art roman, date vraissemblablement du XII ou XIII\u00e8me si\u00e8cle. Le r\u00e9fectoire des moines, aujourd&rsquo;hui identifi\u00e9 comme la premi\u00e8re \u00e9glise paroissiale est beaucoup plus ancien. Une possibilit\u00e9 qu&rsquo;il y ait eu une autre \u00e9glise \u00e0 Eculard. A plusieurs reprises et encore en 1872, on y a trouv\u00e9 des cercueils en pierre entre la maison et le moulin Bachelot. La terre appartenait au XVI\u00e8me si\u00e8cle \u00e0 la famille Jamelot dont l&rsquo;h\u00e9riti\u00e8re Marguerite \u00e9pousa le 2 f\u00e9vrier 1589 Guillon de la Vieuville. Celui-ci en vendit au moins une partie \u00e0 Ren\u00e9 Verdier le 6 avril 1600. A la R\u00e9volution, Edouard Walsh, fils d&rsquo;Antoine Walsh, propri\u00e9taire du ch\u00e2teau de Serrant, se r\u00e9fugie \u00e0 Eculard. Les tumultes r\u00e9volutionnaires pass\u00e9s, Edouard souhaite s&rsquo;installer au ch\u00e2teau mais le retour de son p\u00e8re, exil\u00e9 d\u00e8s les premi\u00e8res heures de la R\u00e9volution, va contrarier ses plans. Suite \u00e0 un proc\u00e8s, Antoine Walsh r\u00e9cup\u00e8re son ch\u00e2teau et Edouard finira sa vie \u00e0 Eculard. La demeure a appartenu au d\u00e9but du XX\u00e8me si\u00e8cle au docteur Daviers, c\u00e9l\u00e8bre m\u00e9decin angevin.<\/p>\n","protected":false},"author":1,"featured_media":0,"comment_status":"open","ping_status":"open","sticky":false,"template":"elementor_canvas","format":"standard","meta":{"_seopress_robots_primary_cat":"","_seopress_titles_title":"\u00c9culard - Saint Georges Patrimoine","_seopress_titles_desc":"Gentilhommi\u00e8re du XVIIIe. Eculard \u00e9tait peut-\u00eatre autrefois l'emplacement primitif de l'\u00e9glise paroissiale","_seopress_robots_index":"","_monsterinsights_skip_tracking":false,"_monsterinsights_sitenote_active":false,"_monsterinsights_sitenote_note":"","_monsterinsights_sitenote_category":0,"postBodyCss":"","postBodyMargin":[],"postBodyPadding":[],"postBodyBackground":{"backgroundType":"classic","gradient":""},"footnotes":""},"categories":[7],"tags":[],"class_list":["post-2831","post","type-post","status-publish","format-standard","hentry","category-sites-2"],"_links":{"self":[{"href":"https:\/\/saint-georges-sur-loire-patrimoine.fr\/index.php\/wp-json\/wp\/v2\/posts\/2831","targetHints":{"allow":["GET"]}}],"collection":[{"href":"https:\/\/saint-georges-sur-loire-patrimoine.fr\/index.php\/wp-json\/wp\/v2\/posts"}],"about":[{"href":"https:\/\/saint-georges-sur-loire-patrimoine.fr\/index.php\/wp-json\/wp\/v2\/types\/post"}],"author":[{"embeddable":true,"href":"https:\/\/saint-georges-sur-loire-patrimoine.fr\/index.php\/wp-json\/wp\/v2\/users\/1"}],"replies":[{"embeddable":true,"href":"https:\/\/saint-georges-sur-loire-patrimoine.fr\/index.php\/wp-json\/wp\/v2\/comments?post=2831"}],"version-history":[{"count":42,"href":"https:\/\/saint-georges-sur-loire-patrimoine.fr\/index.php\/wp-json\/wp\/v2\/posts\/2831\/revisions"}],"predecessor-version":[{"id":12232,"href":"https:\/\/saint-georges-sur-loire-patrimoine.fr\/index.php\/wp-json\/wp\/v2\/posts\/2831\/revisions\/12232"}],"wp:attachment":[{"href":"https:\/\/saint-georges-sur-loire-patrimoine.fr\/index.php\/wp-json\/wp\/v2\/media?parent=2831"}],"wp:term":[{"taxonomy":"category","embeddable":true,"href":"https:\/\/saint-georges-sur-loire-patrimoine.fr\/index.php\/wp-json\/wp\/v2\/categories?post=2831"},{"taxonomy":"post_tag","embeddable":true,"href":"https:\/\/saint-georges-sur-loire-patrimoine.fr\/index.php\/wp-json\/wp\/v2\/tags?post=2831"}],"curies":[{"name":"wp","href":"https:\/\/api.w.org\/{rel}","templated":true}]}}