{"id":2480,"date":"2024-05-28T14:50:53","date_gmt":"2024-05-28T12:50:53","guid":{"rendered":"https:\/\/saint-georges-sur-loire-patrimoine.fr\/?p=2480"},"modified":"2025-02-25T12:03:38","modified_gmt":"2025-02-25T11:03:38","slug":"les-fetes-religieuses-au-debut-du-xxeme-siecle","status":"publish","type":"post","link":"https:\/\/saint-georges-sur-loire-patrimoine.fr\/index.php\/2024\/05\/28\/les-fetes-religieuses-au-debut-du-xxeme-siecle\/","title":{"rendered":"Les f\u00eates religieuses au d\u00e9but du XX\u00e8me si\u00e8cle"},"content":{"rendered":"\t\t<div data-elementor-type=\"wp-post\" data-elementor-id=\"2480\" class=\"elementor elementor-2480\" data-elementor-settings=\"{&quot;ha_cmc_init_switcher&quot;:&quot;no&quot;}\">\n\t\t\t\t<div class=\"elementor-element elementor-element-9f35156 e-flex e-con-boxed wpr-particle-no wpr-jarallax-no wpr-parallax-no wpr-sticky-section-no wpr-equal-height-no e-con e-parent\" data-id=\"9f35156\" data-element_type=\"container\" data-e-type=\"container\" data-settings=\"{&quot;_ha_eqh_enable&quot;:false}\">\n\t\t\t\t\t<div class=\"e-con-inner\">\n\t\t\t\t<div class=\"elementor-element elementor-element-f62d062 exad-sticky-section-no exad-glass-effect-no elementor-widget elementor-widget-spacer\" data-id=\"f62d062\" data-element_type=\"widget\" data-e-type=\"widget\" data-widget_type=\"spacer.default\">\n\t\t\t\t<div class=\"elementor-widget-container\">\n\t\t\t\t\t\t\t<div class=\"elementor-spacer\">\n\t\t\t<div class=\"elementor-spacer-inner\"><\/div>\n\t\t<\/div>\n\t\t\t\t\t\t<\/div>\n\t\t\t\t<\/div>\n\t\t\t\t\t<\/div>\n\t\t\t\t<\/div>\n\t\t<div class=\"elementor-element elementor-element-67a16ce e-flex e-con-boxed wpr-particle-no wpr-jarallax-no wpr-parallax-no wpr-sticky-section-no wpr-equal-height-no e-con e-parent\" data-id=\"67a16ce\" data-element_type=\"container\" data-e-type=\"container\" data-settings=\"{&quot;background_background&quot;:&quot;gradient&quot;,&quot;_ha_eqh_enable&quot;:false}\">\n\t\t\t\t\t<div class=\"e-con-inner\">\n\t\t\t\t<div class=\"elementor-element elementor-element-9ca163f exad-sticky-section-no exad-glass-effect-no elementor-widget elementor-widget-spacer\" data-id=\"9ca163f\" data-element_type=\"widget\" data-e-type=\"widget\" data-widget_type=\"spacer.default\">\n\t\t\t\t<div class=\"elementor-widget-container\">\n\t\t\t\t\t\t\t<div class=\"elementor-spacer\">\n\t\t\t<div class=\"elementor-spacer-inner\"><\/div>\n\t\t<\/div>\n\t\t\t\t\t\t<\/div>\n\t\t\t\t<\/div>\n\t\t\t\t<div class=\"elementor-element elementor-element-875e89b exad-sticky-section-no exad-glass-effect-no elementor-widget elementor-widget-heading\" data-id=\"875e89b\" data-element_type=\"widget\" data-e-type=\"widget\" data-widget_type=\"heading.default\">\n\t\t\t\t<div class=\"elementor-widget-container\">\n\t\t\t\t\t<h1 class=\"elementor-heading-title elementor-size-default\">F\u00eates religieuses dans la premi\u00e8re moiti\u00e9 du XX\u00e8me si\u00e8cle<\/h1>\t\t\t\t<\/div>\n\t\t\t\t<\/div>\n\t\t\t\t<div class=\"elementor-element elementor-element-60b6ea7 exad-sticky-section-no exad-glass-effect-no elementor-widget elementor-widget-spacer\" data-id=\"60b6ea7\" data-element_type=\"widget\" data-e-type=\"widget\" data-widget_type=\"spacer.default\">\n\t\t\t\t<div class=\"elementor-widget-container\">\n\t\t\t\t\t\t\t<div class=\"elementor-spacer\">\n\t\t\t<div class=\"elementor-spacer-inner\"><\/div>\n\t\t<\/div>\n\t\t\t\t\t\t<\/div>\n\t\t\t\t<\/div>\n\t\t\t\t\t<\/div>\n\t\t\t\t<\/div>\n\t\t<div class=\"elementor-element elementor-element-ef2b2fb e-con-full e-flex wpr-particle-no wpr-jarallax-no wpr-parallax-no wpr-sticky-section-no wpr-equal-height-no e-con e-parent\" data-id=\"ef2b2fb\" data-element_type=\"container\" data-e-type=\"container\" data-settings=\"{&quot;background_background&quot;:&quot;classic&quot;,&quot;_ha_eqh_enable&quot;:false}\">\n\t\t<div class=\"elementor-element elementor-element-04e0526 e-con-full e-flex wpr-particle-no wpr-jarallax-no wpr-parallax-no wpr-sticky-section-no wpr-equal-height-no e-con e-child\" data-id=\"04e0526\" data-element_type=\"container\" data-e-type=\"container\" data-settings=\"{&quot;_ha_eqh_enable&quot;:false}\">\n\t\t\t\t<div class=\"elementor-element elementor-element-170fe17 elementor-widget__width-initial elementor-widget-tablet__width-initial exad-sticky-section-no exad-glass-effect-no elementor-widget elementor-widget-image\" data-id=\"170fe17\" data-element_type=\"widget\" data-e-type=\"widget\" data-widget_type=\"image.default\">\n\t\t\t\t<div class=\"elementor-widget-container\">\n\t\t\t\t\t\t\t\t\t\t\t\t\t\t\t<img decoding=\"async\" src=\"https:\/\/saint-georges-sur-loire-patrimoine.fr\/wp-content\/uploads\/2024\/05\/fete-de-Marie.jpg\" title=\"fete de Marie\" alt=\"Photographie d&#039;un autel au d\u00e9but du XX\u00e8me\" loading=\"lazy\" \/>\t\t\t\t\t\t\t\t\t\t\t\t\t\t\t<\/div>\n\t\t\t\t<\/div>\n\t\t\t\t<\/div>\n\t\t<div class=\"elementor-element elementor-element-6816544 e-con-full e-flex wpr-particle-no wpr-jarallax-no wpr-parallax-no wpr-sticky-section-no wpr-equal-height-no e-con e-child\" data-id=\"6816544\" data-element_type=\"container\" data-e-type=\"container\" data-settings=\"{&quot;_ha_eqh_enable&quot;:false}\">\n\t\t\t\t<div class=\"elementor-element elementor-element-f9785ec exad-sticky-section-no exad-glass-effect-no elementor-widget elementor-widget-text-editor\" data-id=\"f9785ec\" data-element_type=\"widget\" data-e-type=\"widget\" data-widget_type=\"text-editor.default\">\n\t\t\t\t<div class=\"elementor-widget-container\">\n\t\t\t\t\t\t\t\t\t<h3>Lors des f\u00eates religieuses, des processions d\u00e9filaient dans le village.<\/h3><p><strong>C\u00e9l\u00e9bration du mois de Marie\u00a0<\/strong> \u00e9tait une f\u00eate religieuse tr\u00e8s populaire, en l\u2019honneur\u00a0 de la Vierge. Au mois de mai, les habitants d\u2019un hameau se r\u00e9unissaient chez l\u2019un d\u2019entre eux, en pr\u00e9sence du cur\u00e9. La famille qui recevait avait pr\u00e9par\u00e9 un autel, d\u00e9cor\u00e9 avec soin, devant lequel \u00e9taient entonn\u00e9s des chants religieux et r\u00e9cit\u00e9s des chapelets. La fin de la soir\u00e9e se poursuivait en conversations, tr\u00e8s profanes, celles\u00a0 l\u00e0.<\/p>\t\t\t\t\t\t\t\t<\/div>\n\t\t\t\t<\/div>\n\t\t\t\t<\/div>\n\t\t\t\t<\/div>\n\t\t<div class=\"elementor-element elementor-element-fa8c6cf e-con-full e-flex wpr-particle-no wpr-jarallax-no wpr-parallax-no wpr-sticky-section-no wpr-equal-height-no e-con e-parent\" data-id=\"fa8c6cf\" data-element_type=\"container\" data-e-type=\"container\" data-settings=\"{&quot;background_background&quot;:&quot;classic&quot;,&quot;_ha_eqh_enable&quot;:false}\">\n\t\t<div class=\"elementor-element elementor-element-eb3934e e-con-full e-flex wpr-particle-no wpr-jarallax-no wpr-parallax-no wpr-sticky-section-no wpr-equal-height-no e-con e-child\" data-id=\"eb3934e\" data-element_type=\"container\" data-e-type=\"container\" data-settings=\"{&quot;_ha_eqh_enable&quot;:false}\">\n\t\t\t\t<div class=\"elementor-element elementor-element-9b06984 elementor-widget__width-initial elementor-widget-tablet__width-initial exad-sticky-section-no exad-glass-effect-no elementor-widget elementor-widget-image\" data-id=\"9b06984\" data-element_type=\"widget\" data-e-type=\"widget\" data-widget_type=\"image.default\">\n\t\t\t\t<div class=\"elementor-widget-container\">\n\t\t\t\t\t\t\t\t\t\t\t\t\t\t\t<img decoding=\"async\" src=\"https:\/\/saint-georges-sur-loire-patrimoine.fr\/wp-content\/uploads\/2024\/05\/jeanne-d-arc.png\" title=\"jeanne d arc\" alt=\"Carte postale d&#039;une procession en 1916\" loading=\"lazy\" \/>\t\t\t\t\t\t\t\t\t\t\t\t\t\t\t<\/div>\n\t\t\t\t<\/div>\n\t\t\t\t<\/div>\n\t\t<div class=\"elementor-element elementor-element-196d44a e-con-full e-flex wpr-particle-no wpr-jarallax-no wpr-parallax-no wpr-sticky-section-no wpr-equal-height-no e-con e-child\" data-id=\"196d44a\" data-element_type=\"container\" data-e-type=\"container\" data-settings=\"{&quot;_ha_eqh_enable&quot;:false}\">\n\t\t\t\t<div class=\"elementor-element elementor-element-928f8af elementor-widget__width-initial exad-sticky-section-no exad-glass-effect-no elementor-widget elementor-widget-text-editor\" data-id=\"928f8af\" data-element_type=\"widget\" data-e-type=\"widget\" data-widget_type=\"text-editor.default\">\n\t\t\t\t<div class=\"elementor-widget-container\">\n\t\t\t\t\t\t\t\t\t<p><strong>La<\/strong> <strong>F\u00eate de Jeanne d\u2019Arc<\/strong> avait lieu le deuxi\u00e8me dimanche de Mai. On c\u00e9l\u00e9brait avec des d\u00e9fil\u00e9s, des chars fleuris, une retraite aux flambeaux, et beaucoup de ferveur, \u00e0 la fois Jeanne la guerri\u00e8re qui avait vaincu l\u2019ennemi, et la catholique que l\u2019Eglise romaine avait reconnue comme sainte en 1920.<\/p>\t\t\t\t\t\t\t\t<\/div>\n\t\t\t\t<\/div>\n\t\t\t\t<div class=\"elementor-element elementor-element-1933961 elementor-widget__width-initial elementor-widget-tablet__width-initial exad-sticky-section-no exad-glass-effect-no elementor-widget elementor-widget-image\" data-id=\"1933961\" data-element_type=\"widget\" data-e-type=\"widget\" data-widget_type=\"image.default\">\n\t\t\t\t<div class=\"elementor-widget-container\">\n\t\t\t\t\t\t\t\t\t\t\t\t\t\t\t<img decoding=\"async\" src=\"https:\/\/saint-georges-sur-loire-patrimoine.fr\/wp-content\/uploads\/2024\/05\/IMG.jpg\" title=\"Fete de jeanne d&rsquo;arc\" alt=\"Carte postale d&#039;une procession dans le bourg en 1916\" loading=\"lazy\" \/>\t\t\t\t\t\t\t\t\t\t\t\t\t\t\t<\/div>\n\t\t\t\t<\/div>\n\t\t\t\t<\/div>\n\t\t\t\t<\/div>\n\t\t<div class=\"elementor-element elementor-element-adb9cc1 e-con-full e-flex wpr-particle-no wpr-jarallax-no wpr-parallax-no wpr-sticky-section-no wpr-equal-height-no e-con e-parent\" data-id=\"adb9cc1\" data-element_type=\"container\" data-e-type=\"container\" data-settings=\"{&quot;background_background&quot;:&quot;classic&quot;,&quot;_ha_eqh_enable&quot;:false}\">\n\t\t<div class=\"elementor-element elementor-element-3845d62 e-con-full e-flex wpr-particle-no wpr-jarallax-no wpr-parallax-no wpr-sticky-section-no wpr-equal-height-no e-con e-child\" data-id=\"3845d62\" data-element_type=\"container\" data-e-type=\"container\" data-settings=\"{&quot;_ha_eqh_enable&quot;:false}\">\n\t\t\t\t<div class=\"elementor-element elementor-element-034eac0 elementor-widget__width-initial elementor-widget-tablet__width-initial exad-sticky-section-no exad-glass-effect-no elementor-widget elementor-widget-image\" data-id=\"034eac0\" data-element_type=\"widget\" data-e-type=\"widget\" data-widget_type=\"image.default\">\n\t\t\t\t<div class=\"elementor-widget-container\">\n\t\t\t\t\t\t\t\t\t\t\t\t\t\t\t<img decoding=\"async\" src=\"https:\/\/saint-georges-sur-loire-patrimoine.fr\/wp-content\/uploads\/2024\/05\/calvaire.jpg\" title=\"calvaire\" alt=\"L&#039;installation du calvaire sur la place monprofit\" loading=\"lazy\" \/>\t\t\t\t\t\t\t\t\t\t\t\t\t\t\t<\/div>\n\t\t\t\t<\/div>\n\t\t\t\t<\/div>\n\t\t<div class=\"elementor-element elementor-element-df37685 e-con-full e-flex wpr-particle-no wpr-jarallax-no wpr-parallax-no wpr-sticky-section-no wpr-equal-height-no e-con e-child\" data-id=\"df37685\" data-element_type=\"container\" data-e-type=\"container\" data-settings=\"{&quot;_ha_eqh_enable&quot;:false}\">\n\t\t\t\t<div class=\"elementor-element elementor-element-7bdc484 elementor-widget__width-initial exad-sticky-section-no exad-glass-effect-no elementor-widget elementor-widget-text-editor\" data-id=\"7bdc484\" data-element_type=\"widget\" data-e-type=\"widget\" data-widget_type=\"text-editor.default\">\n\t\t\t\t<div class=\"elementor-widget-container\">\n\t\t\t\t\t\t\t\t\t<p><strong>Les processions de la F\u00eate-Dieu<\/strong>\u00a0: la procession partait de l\u2019\u00e9glise, empruntait la rue Nationale, la rue de Chalonnes et la rue Tuboeuf, pour atteindre le reposoir situ\u00e9 devant le calvaire, pr\u00e8s de la route d\u2019Angers. Les fa\u00e7ades des maisons \u00e9taient drap\u00e9es de tentures, orn\u00e9es de fleurs naturelles, ou de\u00a0 fleurs artificielles fabriqu\u00e9es avec du cr\u00e9pon, ainsi que de guirlandes de lierre, de houx ou de lauriers.<\/p><p>Sur le sol de la chauss\u00e9e, un chemin de fleurs \u00e9tait am\u00e9nag\u00e9 par les habitants du bourg, d\u00e9cor\u00e9 aussi par des motifs cr\u00e9\u00e9s avec de la sciure color\u00e9e.<\/p><p>En t\u00eate de la procession, derri\u00e8re la croix et les banni\u00e8res, venaient les enfants des \u00e9coles priv\u00e9es, dont certains, costum\u00e9s, figuraient les saints et les saintes les plus populaires. Suivaient les communiants et les communiantes en robe blanche, de l\u2019ann\u00e9e, l\u2019harmonie Saint Stanislas, et les chanteuses. Le dais prot\u00e9geant le pr\u00eatre tenant l\u2019ostensoir, \u00e9tait pr\u00e9c\u00e9d\u00e9 d\u2019une vingtaine d\u2019enfants tenant soit une corbeille de fleurs, soit un encensoir.<\/p><p>\u00a0<\/p><p><strong>Semaine avant P\u00e2ques<\/strong>. Pour le \u00ab\u00a0<strong>jeudi saint<\/strong>\u00a0\u00bb il \u00e9tait d\u2019usage que les bouchers pr\u00e9sentent, \u00e0 leur \u00e9tal, les animaux abattus et pr\u00e9par\u00e9s, mais pas encore d\u00e9pec\u00e9s, dont la viande devait \u00eatre vendue pour la f\u00eate de P\u00e2ques. En grand secret, ils pr\u00e9paraient un d\u00e9cor de verdure, de fleurs, de lumi\u00e8res, de bassins et cascades, dans lequel ils suspendaient les carcasses enrubann\u00e9es de b\u0153uf, de veau, de mouton, pour la plus grande joie des gens qui se pressaient devant les vitrines, \u00e0 la sortie de la c\u00e9r\u00e9monie religieuse du lavement des pieds, le soir du \u00ab\u00a0jeudi saint\u00a0\u00bb<\/p>\t\t\t\t\t\t\t\t<\/div>\n\t\t\t\t<\/div>\n\t\t\t\t<\/div>\n\t\t\t\t<\/div>\n\t\t<div class=\"elementor-element elementor-element-18e9cb0 e-flex e-con-boxed wpr-particle-no wpr-jarallax-no wpr-parallax-no wpr-sticky-section-no wpr-equal-height-no e-con e-parent\" data-id=\"18e9cb0\" data-element_type=\"container\" data-e-type=\"container\" data-settings=\"{&quot;_ha_eqh_enable&quot;:false}\">\n\t\t\t\t\t<div class=\"e-con-inner\">\n\t\t\t\t<div class=\"elementor-element elementor-element-5cfb4d7 exad-sticky-section-no exad-glass-effect-no elementor-widget elementor-widget-spacer\" data-id=\"5cfb4d7\" data-element_type=\"widget\" data-e-type=\"widget\" data-widget_type=\"spacer.default\">\n\t\t\t\t<div class=\"elementor-widget-container\">\n\t\t\t\t\t\t\t<div class=\"elementor-spacer\">\n\t\t\t<div class=\"elementor-spacer-inner\"><\/div>\n\t\t<\/div>\n\t\t\t\t\t\t<\/div>\n\t\t\t\t<\/div>\n\t\t\t\t\t<\/div>\n\t\t\t\t<\/div>\n\t\t\t\t<\/div>\n\t\t","protected":false},"excerpt":{"rendered":"<p>F\u00eates religieuses dans la premi\u00e8re moiti\u00e9 du XX\u00e8me si\u00e8cle Lors des f\u00eates religieuses, des processions d\u00e9filaient dans le village. C\u00e9l\u00e9bration du mois de Marie\u00a0 \u00e9tait une f\u00eate religieuse tr\u00e8s populaire, en l\u2019honneur\u00a0 de la Vierge. Au mois de mai, les habitants d\u2019un hameau se r\u00e9unissaient chez l\u2019un d\u2019entre eux, en pr\u00e9sence du cur\u00e9. La famille qui recevait avait pr\u00e9par\u00e9 un autel, d\u00e9cor\u00e9 avec soin, devant lequel \u00e9taient entonn\u00e9s des chants religieux et r\u00e9cit\u00e9s des chapelets. La fin de la soir\u00e9e se poursuivait en conversations, tr\u00e8s profanes, celles\u00a0 l\u00e0. La F\u00eate de Jeanne d\u2019Arc avait lieu le deuxi\u00e8me dimanche de Mai. On c\u00e9l\u00e9brait avec des d\u00e9fil\u00e9s, des chars fleuris, une retraite aux flambeaux, et beaucoup de ferveur, \u00e0 la fois Jeanne la guerri\u00e8re qui avait vaincu l\u2019ennemi, et la catholique que l\u2019Eglise romaine avait reconnue comme sainte en 1920. Les processions de la F\u00eate-Dieu\u00a0: la procession partait de l\u2019\u00e9glise, empruntait la rue Nationale, la rue de Chalonnes et la rue Tuboeuf, pour atteindre le reposoir situ\u00e9 devant le calvaire, pr\u00e8s de la route d\u2019Angers. Les fa\u00e7ades des maisons \u00e9taient drap\u00e9es de tentures, orn\u00e9es de fleurs naturelles, ou de\u00a0 fleurs artificielles fabriqu\u00e9es avec du cr\u00e9pon, ainsi que de guirlandes de lierre, de houx ou de lauriers. Sur le sol de la chauss\u00e9e, un chemin de fleurs \u00e9tait am\u00e9nag\u00e9 par les habitants du bourg, d\u00e9cor\u00e9 aussi par des motifs cr\u00e9\u00e9s avec de la sciure color\u00e9e. En t\u00eate de la procession, derri\u00e8re la croix et les banni\u00e8res, venaient les enfants des \u00e9coles priv\u00e9es, dont certains, costum\u00e9s, figuraient les saints et les saintes les plus populaires. Suivaient les communiants et les communiantes en robe blanche, de l\u2019ann\u00e9e, l\u2019harmonie Saint Stanislas, et les chanteuses. Le dais prot\u00e9geant le pr\u00eatre tenant l\u2019ostensoir, \u00e9tait pr\u00e9c\u00e9d\u00e9 d\u2019une vingtaine d\u2019enfants tenant soit une corbeille de fleurs, soit un encensoir. \u00a0 Semaine avant P\u00e2ques. Pour le \u00ab\u00a0jeudi saint\u00a0\u00bb il \u00e9tait d\u2019usage que les bouchers pr\u00e9sentent, \u00e0 leur \u00e9tal, les animaux abattus et pr\u00e9par\u00e9s, mais pas encore d\u00e9pec\u00e9s, dont la viande devait \u00eatre vendue pour la f\u00eate de P\u00e2ques. En grand secret, ils pr\u00e9paraient un d\u00e9cor de verdure, de fleurs, de lumi\u00e8res, de bassins et cascades, dans lequel ils suspendaient les carcasses enrubann\u00e9es de b\u0153uf, de veau, de mouton, pour la plus grande joie des gens qui se pressaient devant les vitrines, \u00e0 la sortie de la c\u00e9r\u00e9monie religieuse du lavement des pieds, le soir du \u00ab\u00a0jeudi saint\u00a0\u00bb<\/p>\n","protected":false},"author":1,"featured_media":0,"comment_status":"open","ping_status":"open","sticky":false,"template":"elementor_canvas","format":"standard","meta":{"_seopress_robots_primary_cat":"none","_seopress_titles_title":"F\u00eates religieuses du XX\u00e8me si\u00e8cle - Saint Georges Patrimoine","_seopress_titles_desc":"Lors des f\u00eates religieuses, des processions d\u00e9filaient au village. Le mois de Marie \u00e9tait tr\u00e8s populaire, en l\u2019honneur de la Vierge.","_seopress_robots_index":"","_monsterinsights_skip_tracking":false,"_monsterinsights_sitenote_active":false,"_monsterinsights_sitenote_note":"","_monsterinsights_sitenote_category":0,"postBodyCss":"","postBodyMargin":[],"postBodyPadding":[],"postBodyBackground":{"backgroundType":"classic","gradient":""},"footnotes":""},"categories":[10],"tags":[],"class_list":["post-2480","post","type-post","status-publish","format-standard","hentry","category-article"],"_links":{"self":[{"href":"https:\/\/saint-georges-sur-loire-patrimoine.fr\/index.php\/wp-json\/wp\/v2\/posts\/2480","targetHints":{"allow":["GET"]}}],"collection":[{"href":"https:\/\/saint-georges-sur-loire-patrimoine.fr\/index.php\/wp-json\/wp\/v2\/posts"}],"about":[{"href":"https:\/\/saint-georges-sur-loire-patrimoine.fr\/index.php\/wp-json\/wp\/v2\/types\/post"}],"author":[{"embeddable":true,"href":"https:\/\/saint-georges-sur-loire-patrimoine.fr\/index.php\/wp-json\/wp\/v2\/users\/1"}],"replies":[{"embeddable":true,"href":"https:\/\/saint-georges-sur-loire-patrimoine.fr\/index.php\/wp-json\/wp\/v2\/comments?post=2480"}],"version-history":[{"count":45,"href":"https:\/\/saint-georges-sur-loire-patrimoine.fr\/index.php\/wp-json\/wp\/v2\/posts\/2480\/revisions"}],"predecessor-version":[{"id":11700,"href":"https:\/\/saint-georges-sur-loire-patrimoine.fr\/index.php\/wp-json\/wp\/v2\/posts\/2480\/revisions\/11700"}],"wp:attachment":[{"href":"https:\/\/saint-georges-sur-loire-patrimoine.fr\/index.php\/wp-json\/wp\/v2\/media?parent=2480"}],"wp:term":[{"taxonomy":"category","embeddable":true,"href":"https:\/\/saint-georges-sur-loire-patrimoine.fr\/index.php\/wp-json\/wp\/v2\/categories?post=2480"},{"taxonomy":"post_tag","embeddable":true,"href":"https:\/\/saint-georges-sur-loire-patrimoine.fr\/index.php\/wp-json\/wp\/v2\/tags?post=2480"}],"curies":[{"name":"wp","href":"https:\/\/api.w.org\/{rel}","templated":true}]}}