{"id":11840,"date":"2025-03-21T11:20:51","date_gmt":"2025-03-21T10:20:51","guid":{"rendered":"https:\/\/saint-georges-sur-loire-patrimoine.fr\/?p=11840"},"modified":"2025-03-21T12:22:32","modified_gmt":"2025-03-21T11:22:32","slug":"ernest-faligan","status":"publish","type":"post","link":"https:\/\/saint-georges-sur-loire-patrimoine.fr\/index.php\/2025\/03\/21\/ernest-faligan\/","title":{"rendered":"Ernest Faligan"},"content":{"rendered":"\t\t<div data-elementor-type=\"wp-post\" data-elementor-id=\"11840\" class=\"elementor elementor-11840\" data-elementor-settings=\"{&quot;ha_cmc_init_switcher&quot;:&quot;no&quot;}\">\n\t\t\t\t<div class=\"elementor-element elementor-element-80c76fd e-flex e-con-boxed wpr-particle-no wpr-jarallax-no wpr-parallax-no wpr-sticky-section-no wpr-equal-height-no e-con e-parent\" data-id=\"80c76fd\" data-element_type=\"container\" data-e-type=\"container\" data-settings=\"{&quot;_ha_eqh_enable&quot;:false}\">\n\t\t\t\t\t<div class=\"e-con-inner\">\n\t\t\t\t<div class=\"elementor-element elementor-element-71782f5 exad-sticky-section-no exad-glass-effect-no elementor-widget elementor-widget-spacer\" data-id=\"71782f5\" data-element_type=\"widget\" data-e-type=\"widget\" data-widget_type=\"spacer.default\">\n\t\t\t\t<div class=\"elementor-widget-container\">\n\t\t\t\t\t\t\t<div class=\"elementor-spacer\">\n\t\t\t<div class=\"elementor-spacer-inner\"><\/div>\n\t\t<\/div>\n\t\t\t\t\t\t<\/div>\n\t\t\t\t<\/div>\n\t\t\t\t\t<\/div>\n\t\t\t\t<\/div>\n\t\t<div class=\"elementor-element elementor-element-67a16ce e-flex e-con-boxed wpr-particle-no wpr-jarallax-no wpr-parallax-no wpr-sticky-section-no wpr-equal-height-no e-con e-parent\" data-id=\"67a16ce\" data-element_type=\"container\" data-e-type=\"container\" data-settings=\"{&quot;background_background&quot;:&quot;gradient&quot;,&quot;_ha_eqh_enable&quot;:false}\">\n\t\t\t\t\t<div class=\"e-con-inner\">\n\t\t\t\t<div class=\"elementor-element elementor-element-9ca163f exad-sticky-section-no exad-glass-effect-no elementor-widget elementor-widget-spacer\" data-id=\"9ca163f\" data-element_type=\"widget\" data-e-type=\"widget\" data-widget_type=\"spacer.default\">\n\t\t\t\t<div class=\"elementor-widget-container\">\n\t\t\t\t\t\t\t<div class=\"elementor-spacer\">\n\t\t\t<div class=\"elementor-spacer-inner\"><\/div>\n\t\t<\/div>\n\t\t\t\t\t\t<\/div>\n\t\t\t\t<\/div>\n\t\t\t\t<div class=\"elementor-element elementor-element-875e89b exad-sticky-section-no exad-glass-effect-no elementor-widget elementor-widget-heading\" data-id=\"875e89b\" data-element_type=\"widget\" data-e-type=\"widget\" data-widget_type=\"heading.default\">\n\t\t\t\t<div class=\"elementor-widget-container\">\n\t\t\t\t\t<h1 class=\"elementor-heading-title elementor-size-default\">Ernest Faligan<\/h1>\t\t\t\t<\/div>\n\t\t\t\t<\/div>\n\t\t\t\t<div class=\"elementor-element elementor-element-7fb0f83 exad-sticky-section-no exad-glass-effect-no elementor-widget elementor-widget-heading\" data-id=\"7fb0f83\" data-element_type=\"widget\" data-e-type=\"widget\" data-widget_type=\"heading.default\">\n\t\t\t\t<div class=\"elementor-widget-container\">\n\t\t\t\t\t<h2 class=\"elementor-heading-title elementor-size-default\">1832-1890<\/h2>\t\t\t\t<\/div>\n\t\t\t\t<\/div>\n\t\t\t\t<div class=\"elementor-element elementor-element-60b6ea7 exad-sticky-section-no exad-glass-effect-no elementor-widget elementor-widget-spacer\" data-id=\"60b6ea7\" data-element_type=\"widget\" data-e-type=\"widget\" data-widget_type=\"spacer.default\">\n\t\t\t\t<div class=\"elementor-widget-container\">\n\t\t\t\t\t\t\t<div class=\"elementor-spacer\">\n\t\t\t<div class=\"elementor-spacer-inner\"><\/div>\n\t\t<\/div>\n\t\t\t\t\t\t<\/div>\n\t\t\t\t<\/div>\n\t\t\t\t\t<\/div>\n\t\t\t\t<\/div>\n\t\t<div class=\"elementor-element elementor-element-ef2b2fb e-con-full e-flex wpr-particle-no wpr-jarallax-no wpr-parallax-no wpr-sticky-section-no wpr-equal-height-no e-con e-parent\" data-id=\"ef2b2fb\" data-element_type=\"container\" data-e-type=\"container\" data-settings=\"{&quot;_ha_eqh_enable&quot;:false}\">\n\t\t<div class=\"elementor-element elementor-element-04e0526 e-con-full e-flex wpr-particle-no wpr-jarallax-no wpr-parallax-no wpr-sticky-section-no wpr-equal-height-no e-con e-child\" data-id=\"04e0526\" data-element_type=\"container\" data-e-type=\"container\" data-settings=\"{&quot;_ha_eqh_enable&quot;:false}\">\n\t\t\t\t<div class=\"elementor-element elementor-element-95e81bf elementor-widget__width-initial exad-sticky-section-no exad-glass-effect-no elementor-widget elementor-widget-image\" data-id=\"95e81bf\" data-element_type=\"widget\" data-e-type=\"widget\" data-widget_type=\"image.default\">\n\t\t\t\t<div class=\"elementor-widget-container\">\n\t\t\t\t\t\t\t\t\t\t\t\t\t\t\t<img decoding=\"async\" src=\"https:\/\/saint-georges-sur-loire-patrimoine.fr\/wp-content\/uploads\/2025\/03\/acte-de-naissance-ernest-faligan.png\" title=\"acte de naissance ernest faligan\" alt=\"acte de naissance d&#039;ernest faligan\" loading=\"lazy\" \/>\t\t\t\t\t\t\t\t\t\t\t\t\t\t\t<\/div>\n\t\t\t\t<\/div>\n\t\t\t\t<div class=\"elementor-element elementor-element-4e573e8 exad-sticky-section-no exad-glass-effect-no elementor-widget elementor-widget-text-editor\" data-id=\"4e573e8\" data-element_type=\"widget\" data-e-type=\"widget\" data-widget_type=\"text-editor.default\">\n\t\t\t\t<div class=\"elementor-widget-container\">\n\t\t\t\t\t\t\t\t\t<p>Acte de naissance d&rsquo;Ernest Faligan dans le registre de Saint Georges sur Loire (ADML)<\/p>\t\t\t\t\t\t\t\t<\/div>\n\t\t\t\t<\/div>\n\t\t\t\t<div class=\"elementor-element elementor-element-dba5617 elementor-widget__width-initial exad-sticky-section-no exad-glass-effect-no elementor-widget elementor-widget-image\" data-id=\"dba5617\" data-element_type=\"widget\" data-e-type=\"widget\" data-widget_type=\"image.default\">\n\t\t\t\t<div class=\"elementor-widget-container\">\n\t\t\t\t\t\t\t\t\t\t\t\t\t\t\t<img decoding=\"async\" src=\"https:\/\/saint-georges-sur-loire-patrimoine.fr\/wp-content\/uploads\/2025\/03\/charenton.jpg\" title=\"charenton\" alt=\"charenton\" loading=\"lazy\" \/>\t\t\t\t\t\t\t\t\t\t\t\t\t\t\t<\/div>\n\t\t\t\t<\/div>\n\t\t\t\t<div class=\"elementor-element elementor-element-5d24698 exad-sticky-section-no exad-glass-effect-no elementor-widget elementor-widget-text-editor\" data-id=\"5d24698\" data-element_type=\"widget\" data-e-type=\"widget\" data-widget_type=\"text-editor.default\">\n\t\t\t\t<div class=\"elementor-widget-container\">\n\t\t\t\t\t\t\t\t\t<p>Lamaison d&rsquo;ali\u00e9n\u00e9s de Charenton aujourd&rsquo;hui l&rsquo;hopital Esquirol<\/p>\t\t\t\t\t\t\t\t<\/div>\n\t\t\t\t<\/div>\n\t\t\t\t<\/div>\n\t\t<div class=\"elementor-element elementor-element-6816544 e-con-full e-flex wpr-particle-no wpr-jarallax-no wpr-parallax-no wpr-sticky-section-no wpr-equal-height-no e-con e-child\" data-id=\"6816544\" data-element_type=\"container\" data-e-type=\"container\" data-settings=\"{&quot;_ha_eqh_enable&quot;:false}\">\n\t\t\t\t<div class=\"elementor-element elementor-element-f9785ec exad-sticky-section-no exad-glass-effect-no elementor-widget elementor-widget-text-editor\" data-id=\"f9785ec\" data-element_type=\"widget\" data-e-type=\"widget\" data-widget_type=\"text-editor.default\">\n\t\t\t\t<div class=\"elementor-widget-container\">\n\t\t\t\t\t\t\t\t\t<p>Ernest Faligan na\u00eet dans le bourg de Saint Georges sur Loire le 24 novembre 1832. Son p\u00e8re est Hubert Faligan, greffier du juge de Paix. Sa m\u00e8re, Louise Thierry, est une cousine de <span style=\"text-decoration: underline;\"><a href=\"https:\/\/saint-georges-sur-loire-patrimoine.fr\/index.php\/2024\/05\/27\/charles-thierry\/\">Charles Thierry<\/a><\/span>, c\u00e9l\u00e8bre ma\u00eetre verrier.<\/p><p>Ernest fait ses \u00e9tudes au lyc\u00e9e David d\u2019Angers puis \u00e0 la facult\u00e9 de M\u00e9decine de Paris. Mais le jeune docteur a plus de go\u00fbt pour les lettres que pour la M\u00e9decine et, apr\u00e8s 8 ans dans les h\u00f4pitaux, il renonce \u00e0 exercer. Il reprend des \u00e9tudes de Lettres \u00e9crivant une th\u00e8se remarqu\u00e9e sur la L\u00e9gende de Faust qu\u2019il soutient seulement en 1887, \u00e0 plus de cinquante ans. Dans le m\u00eame temps, il publie des romans de cape et d\u2019\u00e9p\u00e9e et contribue \u00e0 diff\u00e9rents journaux comme L\u2019Union Economique, le Bulletin de la Soci\u00e9t\u00e9 des Gens de Lettres ou l\u2019Union de l\u2019Ouest et la Revue de l\u2019Anjou. Chroniques litt\u00e9raires, nouvelles, romans, articles, la liste des productions d\u2019Ernest Faligan est importante et sa plume est appr\u00e9ci\u00e9e. Ses romans \u00e0 \u00e9pisodes, publi\u00e9s dans les p\u00e9riodiques, regorgent d\u2019action et de rebondissements dramatiques. Ses travaux sur Jeanne d\u2019Arc ou sur Marlowe (r\u00e9dig\u00e9 en latin), montre sa grande \u00e9rudition. Assoiff\u00e9 de savoir, l\u2019homme passe une th\u00e8se de droit. Ecrivain populaire, universitaire qualifi\u00e9, Ernest Faligan vit son nom mis en avant non pas gr\u00e2ce \u00e0 son talent mais en raison d\u2019une sombre affaire dont il fut la victime.<\/p><p>Le 13 janvier 1873, \u00e0 10h du matin, \u00e0 son domicile de Passy, Ernest Faligan re\u00e7oit une lettre du commissaire de police, l\u2019invitant \u00e0 se pr\u00e9senter pour une affaire le concernant. L\u2019apr\u00e8s-midi-m\u00eame, il est interpel\u00e9 par deux agents et conduit \u00e0 la pr\u00e9fecture. Il est enferm\u00e9 dans une cellule. Deux m\u00e9decins l\u2019interrogent. Faligan ne parvient pas \u00e0 comprendre le motif de leur visite. Le lendemain, on le fait monter dans une voiture et il est conduit \u00e0 la maison d\u2019ali\u00e9n\u00e9s de Charenton o\u00f9 il est incarc\u00e9r\u00e9. Faligan vient de passer 15 jours dans sa famille \u00e0 Saint Georges. De retour \u00e0 Paris depuis une semaine, rien ne justifie \u00e0 ses yeux ce traitement. Il proteste mais le m\u00e9decin en chef de l\u2019\u00e9tablissement maintient son internement sans jamais r\u00e9pondre \u00e0 ses interrogations.<\/p><p>Si Ernest Faligan se retrouve ainsi prisonnier, c\u2019est \u00e0 la demande de son p\u00e8re. Faligan retrouvera en 1878, \u00e0 la mort de ce-dernier, les courriers par lesquels il d\u00e9clencha l\u2019incarc\u00e9ration de son propre fils. La loi du 30 juin 1838 permet en effet le placement volontaire et le placement d\u2019office qui offre la possibilit\u00e9 l\u00e9gale d\u2019interner quelqu\u2019un contre sa volont\u00e9 sur la demande d\u2019un tiers ou de l\u2019autorit\u00e9. Dans le registre de d\u00e9lib\u00e9rations du conseil municipal, on trouve plusieurs d\u00e9lib\u00e9rations demandant ainsi l\u2019internement d\u2019habitants de Saint Georges. Cette loi d\u00e9cri\u00e9e pour ses abus, substituait aux peines de prisons les internements \u00e0 vie pour des malades souffrant de troubles mentaux sans v\u00e9ritable objectif de soin. Elle restera valide jusqu\u2019en 1990.<\/p>\t\t\t\t\t\t\t\t<\/div>\n\t\t\t\t<\/div>\n\t\t\t\t<\/div>\n\t\t\t\t<\/div>\n\t\t<div class=\"elementor-element elementor-element-7bd0859 e-con-full e-flex wpr-particle-no wpr-jarallax-no wpr-parallax-no wpr-sticky-section-no wpr-equal-height-no e-con e-parent\" data-id=\"7bd0859\" data-element_type=\"container\" data-e-type=\"container\" data-settings=\"{&quot;_ha_eqh_enable&quot;:false}\">\n\t\t<div class=\"elementor-element elementor-element-3161393 e-con-full e-flex wpr-particle-no wpr-jarallax-no wpr-parallax-no wpr-sticky-section-no wpr-equal-height-no e-con e-child\" data-id=\"3161393\" data-element_type=\"container\" data-e-type=\"container\" data-settings=\"{&quot;_ha_eqh_enable&quot;:false}\">\n\t\t\t\t<div class=\"elementor-element elementor-element-787318d elementor-widget__width-initial exad-sticky-section-no exad-glass-effect-no elementor-widget elementor-widget-text-editor\" data-id=\"787318d\" data-element_type=\"widget\" data-e-type=\"widget\" data-widget_type=\"text-editor.default\">\n\t\t\t\t<div class=\"elementor-widget-container\">\n\t\t\t\t\t\t\t\t\t<p>Ernest Faligan n\u2019a que peu de liens avec ses parents, rest\u00e9s \u00e0 Saint Georges. Il est farouchement oppos\u00e9 \u00e0 son p\u00e8re qui souhaite le voir \u00e9pouser l\u2019une de ses cousines, Louise Thierry. Ernest \u00e0 40 ans, est employ\u00e9 \u00e0 la Biblioth\u00e8que Nationale depuis deux ans. C\u2019est une situation modeste mais qui lui convient et surtout, lui permet d\u2019assouvir son go\u00fbt pour les Lettres et lui laisse le temps pour ses travaux litt\u00e9raires. Mais ses parents ne sont pas satisfaits de cette existence et son p\u00e8re voit d\u2019un mauvais \u0153il, l\u2019autonomie grandissante de son fils qui commence \u00e0 publier des romans feuilletons dans les quotidiens. C\u2019est tout du moins le point de vue d\u2019Ernest.<\/p><p>La pression familiale et l\u2019\u00e9puisement d\u00fb \u00e0 un labeur continu p\u00e8sent sur la sant\u00e9 mentale de Faligan. D\u00e9veloppant une parano\u00efa, l\u2019homme se croit pers\u00e9cut\u00e9 par son p\u00e8re, victime d\u2019un complot auquel sont m\u00eal\u00e9s le directeur de la Biblioth\u00e8que Nationale et son unique ami, Faustin-Adolphe H\u00e9lie, juge au tribunal de la Seine. Ernest s\u2019imagine suivi par la police et intoxiqu\u00e9 par des drogues qui lui seraient administr\u00e9es secr\u00e8tement et qui joueraient sur son \u00e9tat d\u2019excitation. Le directeur de la biblioth\u00e8que alerte son p\u00e8re sur l\u2019agitation qui tourmente son fils. Le p\u00e8re arrive imm\u00e9diatement \u00e0 Paris. Il prend contact avec le juge H\u00e9lie et L\u00e9on, un cousin d\u2019Ernest, \u00e9galement dans la capitale. Il finit par convaincre son fils de retourner \u00e0 Saint Georges peu avant No\u00ebl. La vie tranquille de la campagne semble apaiser Ernest mais le 31 d\u00e9cembre, alors que son p\u00e8re \u00e9voque le mariage avec Louise, Ernest entre dans une violente crise de rage et dispara\u00eet. Quand il se rend \u00e0 Saint Georges, le 2 janvier 1873, il est arm\u00e9 et veut affronter son p\u00e8re. A son arriv\u00e9e, les gendarmes l\u2019attendent. Retenu, il re\u00e7oit la visite de <span style=\"text-decoration: underline;\"><a href=\"https:\/\/saint-georges-sur-loire-patrimoine.fr\/index.php\/2024\/06\/24\/marie-hylas-suaudeau\/\">Marie-Hylas Suaudeau<\/a><\/span>, le maire, \u00e0 qui il explique s\u2019\u00eatre emport\u00e9 et \u00e0 qui il promet de quitter Saint Georges et de ne jamais y revenir s\u2019il est lib\u00e9r\u00e9. La plaidoirie est sans succ\u00e8s. Les gendarmes le conduisent le lendemain \u00e0 la maison d\u2019ali\u00e9n\u00e9s de Sainte Gemmes. Mais, les m\u00e9decins qui l\u2019examinent, dont fait partie un de ses anciens camarades de la facult\u00e9 de m\u00e9decine, estiment que la s\u00e9questration n\u2019est en rien justifi\u00e9e. Faligan est lib\u00e9r\u00e9 sur ordre du pr\u00e9fet et il prend le train imm\u00e9diatement pour regagner Paris.<\/p><p>Faligan va rester huit mois et demi \u00e0 Charenton. Dans la maison d\u2019ali\u00e9n\u00e9s, les conditions sont particuli\u00e8rement difficiles. Les intern\u00e9s subissent outrages, violences et provocations. Faligan constate que nombre des intern\u00e9s sont l\u00e0 pour de mauvaises raisons : criminels \u00e0 qui on r\u00e9serve des ch\u00e2timents corporels, t\u00e9moins d\u2019actes ill\u00e9gaux que l\u2019on veut faire dispara\u00eetre, jeunes gens marginaux que leur famille cherche \u00e0 convaincre par la contrainte. Dans la deuxi\u00e8me moiti\u00e9 du XIX\u00e8me, certains comparent l\u2019institution psychiatrique \u00e0 une \u00ab Bastille moderne \u00bb, une nouvelle forme de prisons o\u00f9 toutes sortes d\u2019ind\u00e9sirables sont enferm\u00e9s sous le pr\u00e9texte d\u2019un traitement m\u00e9dical.<\/p>\t\t\t\t\t\t\t\t<\/div>\n\t\t\t\t<\/div>\n\t\t\t\t<\/div>\n\t\t<div class=\"elementor-element elementor-element-4e5b22b e-con-full e-flex wpr-particle-no wpr-jarallax-no wpr-parallax-no wpr-sticky-section-no wpr-equal-height-no e-con e-child\" data-id=\"4e5b22b\" data-element_type=\"container\" data-e-type=\"container\" data-settings=\"{&quot;_ha_eqh_enable&quot;:false}\">\n\t\t<div class=\"elementor-element elementor-element-643e2d4 e-flex e-con-boxed wpr-particle-no wpr-jarallax-no wpr-parallax-no wpr-sticky-section-no wpr-equal-height-no e-con e-child\" data-id=\"643e2d4\" data-element_type=\"container\" data-e-type=\"container\" data-settings=\"{&quot;_ha_eqh_enable&quot;:false}\">\n\t\t\t\t\t<div class=\"e-con-inner\">\n\t\t\t\t<div class=\"elementor-element elementor-element-3f3561c elementor-widget__width-initial elementor-widget-mobile__width-initial elementor-widget-tablet__width-initial exad-sticky-section-no exad-glass-effect-no elementor-widget elementor-widget-image\" data-id=\"3f3561c\" data-element_type=\"widget\" data-e-type=\"widget\" data-widget_type=\"image.default\">\n\t\t\t\t<div class=\"elementor-widget-container\">\n\t\t\t\t\t\t\t\t\t\t\t\t\t\t\t<img decoding=\"async\" src=\"https:\/\/saint-georges-sur-loire-patrimoine.fr\/wp-content\/uploads\/2025\/03\/baignoires.jpg\" title=\"baignoires\" alt=\"traitement de ali\u00e9n\u00e9s par baln\u00e9oth\u00e9rapie au XIX\u00e8\" loading=\"lazy\" \/>\t\t\t\t\t\t\t\t\t\t\t\t\t\t\t<\/div>\n\t\t\t\t<\/div>\n\t\t\t\t<div class=\"elementor-element elementor-element-70bc808 exad-sticky-section-no exad-glass-effect-no elementor-widget elementor-widget-text-editor\" data-id=\"70bc808\" data-element_type=\"widget\" data-e-type=\"widget\" data-widget_type=\"text-editor.default\">\n\t\t\t\t<div class=\"elementor-widget-container\">\n\t\t\t\t\t\t\t\t\t<p>Baln\u00e9oth\u00e9rapie au XIX\u00e8me<\/p>\t\t\t\t\t\t\t\t<\/div>\n\t\t\t\t<\/div>\n\t\t\t\t\t<\/div>\n\t\t\t\t<\/div>\n\t\t\t\t<\/div>\n\t\t\t\t<\/div>\n\t\t<div class=\"elementor-element elementor-element-5d274e9 e-con-full e-flex wpr-particle-no wpr-jarallax-no wpr-parallax-no wpr-sticky-section-no wpr-equal-height-no e-con e-parent\" data-id=\"5d274e9\" data-element_type=\"container\" data-e-type=\"container\" data-settings=\"{&quot;_ha_eqh_enable&quot;:false}\">\n\t\t<div class=\"elementor-element elementor-element-64cf0f6 e-con-full e-flex wpr-particle-no wpr-jarallax-no wpr-parallax-no wpr-sticky-section-no wpr-equal-height-no e-con e-child\" data-id=\"64cf0f6\" data-element_type=\"container\" data-e-type=\"container\" data-settings=\"{&quot;_ha_eqh_enable&quot;:false}\">\n\t\t\t\t<div class=\"elementor-element elementor-element-5e001cf elementor-widget__width-initial elementor-widget-tablet__width-initial exad-sticky-section-no exad-glass-effect-no elementor-widget elementor-widget-image\" data-id=\"5e001cf\" data-element_type=\"widget\" data-e-type=\"widget\" data-widget_type=\"image.default\">\n\t\t\t\t<div class=\"elementor-widget-container\">\n\t\t\t\t\t\t\t\t\t\t\t\t\t\t\t<img decoding=\"async\" src=\"https:\/\/saint-georges-sur-loire-patrimoine.fr\/wp-content\/uploads\/2025\/03\/douches.jpg\" title=\"douches\" alt=\"traitement des ali\u00e9n\u00e9s par hydroth\u00e9rapie au XIX\u00e8me\" loading=\"lazy\" \/>\t\t\t\t\t\t\t\t\t\t\t\t\t\t\t<\/div>\n\t\t\t\t<\/div>\n\t\t\t\t<div class=\"elementor-element elementor-element-9054adc exad-sticky-section-no exad-glass-effect-no elementor-widget elementor-widget-text-editor\" data-id=\"9054adc\" data-element_type=\"widget\" data-e-type=\"widget\" data-widget_type=\"text-editor.default\">\n\t\t\t\t<div class=\"elementor-widget-container\">\n\t\t\t\t\t\t\t\t\t<p>Traitement par hydroth\u00e9rapie au XIX\u00e8me<\/p>\t\t\t\t\t\t\t\t<\/div>\n\t\t\t\t<\/div>\n\t\t\t\t<div class=\"elementor-element elementor-element-63ece0d elementor-widget__width-initial elementor-widget-tablet__width-initial exad-sticky-section-no exad-glass-effect-no elementor-widget elementor-widget-image\" data-id=\"63ece0d\" data-element_type=\"widget\" data-e-type=\"widget\" data-widget_type=\"image.default\">\n\t\t\t\t<div class=\"elementor-widget-container\">\n\t\t\t\t\t\t\t\t\t\t\t\t\t\t\t<img decoding=\"async\" src=\"https:\/\/saint-georges-sur-loire-patrimoine.fr\/wp-content\/uploads\/2025\/03\/ostende-en-1890.jpg\" title=\"ostende en 1890\" alt=\"ostende en 1890\" loading=\"lazy\" \/>\t\t\t\t\t\t\t\t\t\t\t\t\t\t\t<\/div>\n\t\t\t\t<\/div>\n\t\t\t\t<div class=\"elementor-element elementor-element-3039a85 exad-sticky-section-no exad-glass-effect-no elementor-widget elementor-widget-text-editor\" data-id=\"3039a85\" data-element_type=\"widget\" data-e-type=\"widget\" data-widget_type=\"text-editor.default\">\n\t\t\t\t<div class=\"elementor-widget-container\">\n\t\t\t\t\t\t\t\t\t<p>Ostende en 1890, ville baln\u00e9aire de Belgique, c\u00e9l\u00e8bre pour ses h\u00f4tels et ses bains de mer, o\u00f9 Ernest Faligan finira sa vie<\/p>\t\t\t\t\t\t\t\t<\/div>\n\t\t\t\t<\/div>\n\t\t\t\t<\/div>\n\t\t<div class=\"elementor-element elementor-element-e48565f e-con-full e-flex wpr-particle-no wpr-jarallax-no wpr-parallax-no wpr-sticky-section-no wpr-equal-height-no e-con e-child\" data-id=\"e48565f\" data-element_type=\"container\" data-e-type=\"container\" data-settings=\"{&quot;_ha_eqh_enable&quot;:false}\">\n\t\t\t\t<div class=\"elementor-element elementor-element-0714a94 elementor-widget__width-initial exad-sticky-section-no exad-glass-effect-no elementor-widget elementor-widget-text-editor\" data-id=\"0714a94\" data-element_type=\"widget\" data-e-type=\"widget\" data-widget_type=\"text-editor.default\">\n\t\t\t\t<div class=\"elementor-widget-container\">\n\t\t\t\t\t\t\t\t\t<p>Faligan d\u00e9nonce l\u2019usage de drogues, de purgatifs, de substances qui agissent sur le mental mais qui provoquent \u00e9galement des effets secondaires physiques (taches sur la peau, blanchissement des cheveux\u2026) Les intern\u00e9s sont soumis \u00e0 un r\u00e9gime d\u2019ob\u00e9issance et tout refus est puni de ch\u00e2timents corporels\u00a0: des bains prolong\u00e9s jusqu\u2019\u00e0 l\u2019\u00e9puisement, des douches contondantes (l\u2019intern\u00e9 est plac\u00e9 sous un jet d\u2019eau \u00e0 haute pression qui lui est appliqu\u00e9 sur la colonne vert\u00e9brale), l\u2019application de la camisole de force\u2026 L\u2019hydroth\u00e9rapie est en effet une des th\u00e9rapeutiques privil\u00e9gi\u00e9es pour lutter contre les troubles de l\u2019esprit. Tous les \u00e9tablissements psychiatriques poss\u00e8dent une salle d\u00e9di\u00e9e, \u00e9quip\u00e9e de baignoires sur lesquelles on applique un couvercle pour \u00e9viter que l\u2019intern\u00e9 ne s\u2019\u00e9chappe, douches et syst\u00e8mes de jets multiples. La baln\u00e9oth\u00e9rapie fait d\u00e9bat notamment sur l\u2019impact de la temp\u00e9rature de l\u2019eau mais les sp\u00e9cialistes s\u2019accordent sur le fait que plus le malade reste dans le bain, plus fort sera son effet apaisant. Pour les patients tr\u00e8s agit\u00e9s, les \u00ab bains prolong\u00e9s \u00bb peuvent durer de trois \u00e0 quatre heures jusqu\u2019\u00e0 plusieurs jours, voire plusieurs semaines. Le docteur Bonnefou de Leyme prescrit ainsi des bains de 15 \u00e0 21 jours durant lesquels les malades mangent, dorment et d\u00e9f\u00e8quent dans leurs baignoires. Ernest Faligan restera immerg\u00e9 \u00ab\u00a0seulement\u00a0\u00bb plusieurs heures. Les criminels intern\u00e9s \u00e0 ses c\u00f4t\u00e9s sont, eux, victimes d\u2019actes encore plus violents qui entra\u00eenent parfois la mort, les gardiens r\u00e9pondant syst\u00e9matiquement par la violence aux crises de d\u00e9mence. Certains intern\u00e9s sont plong\u00e9s dans un \u00e9tat d\u2019h\u00e9b\u00e9tement et de paralysie.<\/p><p>Le p\u00e8re rend visite r\u00e9guli\u00e8rement \u00e0 son fils, insistant pour que ce dernier retourne \u00e0 Saint Georges quand il aura retrouver ses esprits. Cette id\u00e9e d\u00e9clenche de vives col\u00e8res chez Ernest qui y voit une man\u0153uvre pour le contraindre au mariage. Durant son internement, le p\u00e8re vend ses meubles, rend les clefs de son appartement, lui confisque son argent. Le 24 mai 1873, alors qu\u2019il est toujours intern\u00e9, Ernest Faligan perd officiellement son emploi \u00e0 la Biblioth\u00e8que Nationale. Fin septembre 1873, la pr\u00e9fecture de Police lui accorde de nouveau la libert\u00e9. Ernest Faligan est ruin\u00e9 : tout son argent a \u00e9t\u00e9 utilis\u00e9 pour payer son internement. Il n\u2019a plus de logement, plus de travail. Il n\u2019a d\u2019autre choix que de rentrer \u00e0 Saint Georges. Ce retour est v\u00e9cu comme un v\u00e9ritable supplice. Ernest n\u2019a qu\u2019un seul souhait : retourner \u00e0 Paris, loin de l\u2019influence de son p\u00e8re qu\u2019il juge coupable de tous ses malheurs. Contraint de rester dans le foyer parental, Ernest plonge de nouveau dans un d\u00e9lire : il pense que de la belladone a \u00e9t\u00e9 ajout\u00e9e \u00e0 son tabac, qu\u2019on lui impose un traitement aphrodisiaque pour provoquer des hallucinations \u00e9rotiques propres \u00e0 lui donner go\u00fbt au mariage. Probablement lass\u00e9e par cette confrontation incessante, sa famille finit par c\u00e9der et le laisse rejoindre Paris en juin 1874.<\/p><p>Ernest Faligan va construire durant des ann\u00e9es cette vision parano\u00efaque nourrie par des incidents r\u00e9guliers avec les forces de l\u2019ordre\u00a0: arrestation pour des provocations, des altercations, des bagarres\u2026 Ce sont l\u00e0 des preuves pour lui des agissements d\u2019une police secr\u00e8te \u0153uvrant pour un gouvernement occulte. Alors qu\u2019il est dans un m\u00eame temps en train de signer des th\u00e8ses et des articles remarquables, Ernest r\u00e9dige un pamphlet d\u2019une centaine de pages intitul\u00e9 le Gouvernement occulte de la France qu\u2019il adresse \u00e0 la Chambre en 1878 et dans une version augment\u00e9e au S\u00e9nat en 1879. Il y d\u00e9veloppe son histoire et d\u00e9clare avoir les preuves d\u2019un complot national visant \u00e0 contr\u00f4ler les personnes les plus vuln\u00e9rables et contraindre les volont\u00e9s rebelles gr\u00e2ce \u00e0 des poisons et des drogues manipulant les humeurs et les consciences. La p\u00e9tition est \u00e9tudi\u00e9e en commission le 29 mai 1879 et inscrite \u00e0 l\u2019ordre du jour. Le texte est pr\u00e9sent\u00e9 le 10 septembre 1879 au S\u00e9nat. Le ministre de l\u2019int\u00e9rieur et des cultes, Charles Lep\u00e8re, et son secr\u00e9taire d\u2019\u00e9tat, Ernest Constans, joignent \u00e0 leur r\u00e9ponse un rapport d\u2019expertise justifiant l\u2019internement d\u2019Ernest Faligan en raison d\u2019un d\u00e9lire de pers\u00e9cution. Alors qu\u2019il habite d\u00e9sormais Angers, ce dernier publie, le 24 f\u00e9vrier 1881, une r\u00e9ponse sous la forme d\u2019un livret d\u2019une trentaine pages\u00a0intitul\u00e9 La police, juge et parti, cherchant \u00e0 d\u00e9construire vainement l\u2019argumentaire des experts. L\u2019un d\u2019eux, Henri Legrand de Saulle, consid\u00e9r\u00e9 alors comme le sp\u00e9cialiste de la question du d\u00e9lire de pers\u00e9cution, avait pour avis que la r\u00e9volte de la Commune de Paris \u00e9tait due \u00e0 une maladie mentale dont avaient souffert les parisiens.<\/p><p>Il est aujourd\u2019hui bien difficile de conna\u00eetre la v\u00e9rit\u00e9 : Ernest Faligan souffrait-il d\u2019une grave maladie mentale ? Celle-ci, fut-elle d\u00e9clench\u00e9e par son internement ? Son p\u00e8re a-t-il \u0153uvr\u00e9 de son influence pour tenter de contraindre son fils au mariage ? Ou sont-ce l\u00e0 seulement les accusations d\u2019un malade ? Au XIX\u00e8me, il est av\u00e9r\u00e9 que d\u2019autres jeunes hommes issus de la bourgeoisie furent intern\u00e9s contre leur volont\u00e9 sur la demande de leur p\u00e8re qui usait de l\u2019institution psychiatrique comme moyen d\u2019obtenir la soumission de leur fils.<\/p><p>Ernest Faligan meurt \u00e0 Ostende en Belgique, le 19 juin 1890. Epuis\u00e9, il cherchait \u00e0 profiter de l\u2019air marin pour ranimer ses forces.<\/p><p><strong>Sources\u00a0<\/strong>:<\/p><p>C\u00e9lestin Port, Dictionnaire de Maine et Loire<\/p><p>Andr\u00e9 Joubert, Revue de l\u2019Anjou tome XXI, p105-106,1890<\/p><p>Ernest Faligan, <span style=\"text-decoration: underline;\"><a href=\"https:\/\/gallica.bnf.fr\/ark:\/12148\/bpt6k9600581f.texteImage\">Le gouvernement occulte de la France<\/a><\/span>, 1879,<span style=\"text-decoration: underline;\"><a href=\"https:\/\/gallica.bnf.fr\/ark:\/12148\/bpt6k9601204x.r=ernest%20faligan?rk=42918;4\"> La Police juge et parti<\/a><\/span>, 1881.<\/p><p>Jessie Hewitt, Institutionalizing gender-madness, the Family and psychiatric power in XIXth century in France, chapitre 4, 2014<\/p><p>Aude Fauvel, Les fous morts br\u00fbl\u00e9s. Cauchemar, fantasme et r\u00e9alit\u00e9 de la m\u00e9decine ali\u00e9niste, 2007<\/p>\t\t\t\t\t\t\t\t<\/div>\n\t\t\t\t<\/div>\n\t\t\t\t<\/div>\n\t\t\t\t<\/div>\n\t\t<div class=\"elementor-element elementor-element-3431ea4 e-flex e-con-boxed wpr-particle-no wpr-jarallax-no wpr-parallax-no wpr-sticky-section-no wpr-equal-height-no e-con e-parent\" data-id=\"3431ea4\" data-element_type=\"container\" data-e-type=\"container\" data-settings=\"{&quot;_ha_eqh_enable&quot;:false}\">\n\t\t\t\t\t<div class=\"e-con-inner\">\n\t\t\t\t<div class=\"elementor-element elementor-element-d024a3c exad-sticky-section-no exad-glass-effect-no elementor-widget elementor-widget-spacer\" data-id=\"d024a3c\" data-element_type=\"widget\" data-e-type=\"widget\" data-widget_type=\"spacer.default\">\n\t\t\t\t<div class=\"elementor-widget-container\">\n\t\t\t\t\t\t\t<div class=\"elementor-spacer\">\n\t\t\t<div class=\"elementor-spacer-inner\"><\/div>\n\t\t<\/div>\n\t\t\t\t\t\t<\/div>\n\t\t\t\t<\/div>\n\t\t\t\t\t<\/div>\n\t\t\t\t<\/div>\n\t\t<div class=\"elementor-element elementor-element-41482a4 e-flex e-con-boxed wpr-particle-no wpr-jarallax-no wpr-parallax-no wpr-sticky-section-no wpr-equal-height-no e-con e-parent\" data-id=\"41482a4\" data-element_type=\"container\" data-e-type=\"container\" data-settings=\"{&quot;_ha_eqh_enable&quot;:false}\">\n\t\t\t\t\t<div class=\"e-con-inner\">\n\t\t\t\t<div class=\"elementor-element elementor-element-95449b2 exad-sticky-section-no exad-glass-effect-no elementor-widget elementor-widget-heading\" data-id=\"95449b2\" data-element_type=\"widget\" data-e-type=\"widget\" data-widget_type=\"heading.default\">\n\t\t\t\t<div class=\"elementor-widget-container\">\n\t\t\t\t\t<h2 class=\"elementor-heading-title elementor-size-default\">Ajoutez votre titre ici<\/h2>\t\t\t\t<\/div>\n\t\t\t\t<\/div>\n\t\t\t\t\t<\/div>\n\t\t\t\t<\/div>\n\t\t\t\t<\/div>\n\t\t","protected":false},"excerpt":{"rendered":"<p>Ernest Faligan 1832-1890 Acte de naissance d&rsquo;Ernest Faligan dans le registre de Saint Georges sur Loire (ADML) Lamaison d&rsquo;ali\u00e9n\u00e9s de Charenton aujourd&rsquo;hui l&rsquo;hopital Esquirol Ernest Faligan na\u00eet dans le bourg de Saint Georges sur Loire le 24 novembre 1832. Son p\u00e8re est Hubert Faligan, greffier du juge de Paix. Sa m\u00e8re, Louise Thierry, est une cousine de Charles Thierry, c\u00e9l\u00e8bre ma\u00eetre verrier. Ernest fait ses \u00e9tudes au lyc\u00e9e David d\u2019Angers puis \u00e0 la facult\u00e9 de M\u00e9decine de Paris. Mais le jeune docteur a plus de go\u00fbt pour les lettres que pour la M\u00e9decine et, apr\u00e8s 8 ans dans les h\u00f4pitaux, il renonce \u00e0 exercer. Il reprend des \u00e9tudes de Lettres \u00e9crivant une th\u00e8se remarqu\u00e9e sur la L\u00e9gende de Faust qu\u2019il soutient seulement en 1887, \u00e0 plus de cinquante ans. Dans le m\u00eame temps, il publie des romans de cape et d\u2019\u00e9p\u00e9e et contribue \u00e0 diff\u00e9rents journaux comme L\u2019Union Economique, le Bulletin de la Soci\u00e9t\u00e9 des Gens de Lettres ou l\u2019Union de l\u2019Ouest et la Revue de l\u2019Anjou. Chroniques litt\u00e9raires, nouvelles, romans, articles, la liste des productions d\u2019Ernest Faligan est importante et sa plume est appr\u00e9ci\u00e9e. Ses romans \u00e0 \u00e9pisodes, publi\u00e9s dans les p\u00e9riodiques, regorgent d\u2019action et de rebondissements dramatiques. Ses travaux sur Jeanne d\u2019Arc ou sur Marlowe (r\u00e9dig\u00e9 en latin), montre sa grande \u00e9rudition. Assoiff\u00e9 de savoir, l\u2019homme passe une th\u00e8se de droit. Ecrivain populaire, universitaire qualifi\u00e9, Ernest Faligan vit son nom mis en avant non pas gr\u00e2ce \u00e0 son talent mais en raison d\u2019une sombre affaire dont il fut la victime. Le 13 janvier 1873, \u00e0 10h du matin, \u00e0 son domicile de Passy, Ernest Faligan re\u00e7oit une lettre du commissaire de police, l\u2019invitant \u00e0 se pr\u00e9senter pour une affaire le concernant. L\u2019apr\u00e8s-midi-m\u00eame, il est interpel\u00e9 par deux agents et conduit \u00e0 la pr\u00e9fecture. Il est enferm\u00e9 dans une cellule. Deux m\u00e9decins l\u2019interrogent. Faligan ne parvient pas \u00e0 comprendre le motif de leur visite. Le lendemain, on le fait monter dans une voiture et il est conduit \u00e0 la maison d\u2019ali\u00e9n\u00e9s de Charenton o\u00f9 il est incarc\u00e9r\u00e9. Faligan vient de passer 15 jours dans sa famille \u00e0 Saint Georges. De retour \u00e0 Paris depuis une semaine, rien ne justifie \u00e0 ses yeux ce traitement. Il proteste mais le m\u00e9decin en chef de l\u2019\u00e9tablissement maintient son internement sans jamais r\u00e9pondre \u00e0 ses interrogations. Si Ernest Faligan se retrouve ainsi prisonnier, c\u2019est \u00e0 la demande de son p\u00e8re. Faligan retrouvera en 1878, \u00e0 la mort de ce-dernier, les courriers par lesquels il d\u00e9clencha l\u2019incarc\u00e9ration de son propre fils. La loi du 30 juin 1838 permet en effet le placement volontaire et le placement d\u2019office qui offre la possibilit\u00e9 l\u00e9gale d\u2019interner quelqu\u2019un contre sa volont\u00e9 sur la demande d\u2019un tiers ou de l\u2019autorit\u00e9. Dans le registre de d\u00e9lib\u00e9rations du conseil municipal, on trouve plusieurs d\u00e9lib\u00e9rations demandant ainsi l\u2019internement d\u2019habitants de Saint Georges. Cette loi d\u00e9cri\u00e9e pour ses abus, substituait aux peines de prisons les internements \u00e0 vie pour des malades souffrant de troubles mentaux sans v\u00e9ritable objectif de soin. Elle restera valide jusqu\u2019en 1990. Ernest Faligan n\u2019a que peu de liens avec ses parents, rest\u00e9s \u00e0 Saint Georges. Il est farouchement oppos\u00e9 \u00e0 son p\u00e8re qui souhaite le voir \u00e9pouser l\u2019une de ses cousines, Louise Thierry. Ernest \u00e0 40 ans, est employ\u00e9 \u00e0 la Biblioth\u00e8que Nationale depuis deux ans. C\u2019est une situation modeste mais qui lui convient et surtout, lui permet d\u2019assouvir son go\u00fbt pour les Lettres et lui laisse le temps pour ses travaux litt\u00e9raires. Mais ses parents ne sont pas satisfaits de cette existence et son p\u00e8re voit d\u2019un mauvais \u0153il, l\u2019autonomie grandissante de son fils qui commence \u00e0 publier des romans feuilletons dans les quotidiens. C\u2019est tout du moins le point de vue d\u2019Ernest. La pression familiale et l\u2019\u00e9puisement d\u00fb \u00e0 un labeur continu p\u00e8sent sur la sant\u00e9 mentale de Faligan. D\u00e9veloppant une parano\u00efa, l\u2019homme se croit pers\u00e9cut\u00e9 par son p\u00e8re, victime d\u2019un complot auquel sont m\u00eal\u00e9s le directeur de la Biblioth\u00e8que Nationale et son unique ami, Faustin-Adolphe H\u00e9lie, juge au tribunal de la Seine. Ernest s\u2019imagine suivi par la police et intoxiqu\u00e9 par des drogues qui lui seraient administr\u00e9es secr\u00e8tement et qui joueraient sur son \u00e9tat d\u2019excitation. Le directeur de la biblioth\u00e8que alerte son p\u00e8re sur l\u2019agitation qui tourmente son fils. Le p\u00e8re arrive imm\u00e9diatement \u00e0 Paris. Il prend contact avec le juge H\u00e9lie et L\u00e9on, un cousin d\u2019Ernest, \u00e9galement dans la capitale. Il finit par convaincre son fils de retourner \u00e0 Saint Georges peu avant No\u00ebl. La vie tranquille de la campagne semble apaiser Ernest mais le 31 d\u00e9cembre, alors que son p\u00e8re \u00e9voque le mariage avec Louise, Ernest entre dans une violente crise de rage et dispara\u00eet. Quand il se rend \u00e0 Saint Georges, le 2 janvier 1873, il est arm\u00e9 et veut affronter son p\u00e8re. A son arriv\u00e9e, les gendarmes l\u2019attendent. Retenu, il re\u00e7oit la visite de Marie-Hylas Suaudeau, le maire, \u00e0 qui il explique s\u2019\u00eatre emport\u00e9 et \u00e0 qui il promet de quitter Saint Georges et de ne jamais y revenir s\u2019il est lib\u00e9r\u00e9. La plaidoirie est sans succ\u00e8s. Les gendarmes le conduisent le lendemain \u00e0 la maison d\u2019ali\u00e9n\u00e9s de Sainte Gemmes. Mais, les m\u00e9decins qui l\u2019examinent, dont fait partie un de ses anciens camarades de la facult\u00e9 de m\u00e9decine, estiment que la s\u00e9questration n\u2019est en rien justifi\u00e9e. Faligan est lib\u00e9r\u00e9 sur ordre du pr\u00e9fet et il prend le train imm\u00e9diatement pour regagner Paris. Faligan va rester huit mois et demi \u00e0 Charenton. Dans la maison d\u2019ali\u00e9n\u00e9s, les conditions sont particuli\u00e8rement difficiles. Les intern\u00e9s subissent outrages, violences et provocations. Faligan constate que nombre des intern\u00e9s sont l\u00e0 pour de mauvaises raisons : criminels \u00e0 qui on r\u00e9serve des ch\u00e2timents corporels, t\u00e9moins d\u2019actes ill\u00e9gaux que l\u2019on veut faire dispara\u00eetre, jeunes gens marginaux que leur famille cherche \u00e0 convaincre par la contrainte. Dans la deuxi\u00e8me moiti\u00e9 du XIX\u00e8me, certains comparent l\u2019institution psychiatrique \u00e0 une \u00ab Bastille moderne \u00bb, une nouvelle forme de prisons o\u00f9 toutes sortes d\u2019ind\u00e9sirables sont enferm\u00e9s sous le pr\u00e9texte d\u2019un traitement m\u00e9dical. Baln\u00e9oth\u00e9rapie au XIX\u00e8me Traitement par hydroth\u00e9rapie au XIX\u00e8me Ostende en<\/p>\n","protected":false},"author":1,"featured_media":0,"comment_status":"open","ping_status":"open","sticky":false,"template":"elementor_canvas","format":"standard","meta":{"_seopress_robots_primary_cat":"","_seopress_titles_title":"Ernest Faligan - Saint Georges Patrimoine","_seopress_titles_desc":"Journaliste et \u00e9crivain n\u00e9 \u00e0 Saint Georges au XIX\u00e8me. Il fut envoy\u00e9 envoy\u00e9 dans un h\u00f4pital psychiatrique contre son gr\u00e9 sur l'intervention de son p\u00e8re.","_seopress_robots_index":"","_monsterinsights_skip_tracking":false,"_monsterinsights_sitenote_active":false,"_monsterinsights_sitenote_note":"","_monsterinsights_sitenote_category":0,"postBodyCss":"","postBodyMargin":[],"postBodyPadding":[],"postBodyBackground":{"backgroundType":"classic","gradient":""},"footnotes":""},"categories":[5],"tags":[],"class_list":["post-11840","post","type-post","status-publish","format-standard","hentry","category-portraits"],"_links":{"self":[{"href":"https:\/\/saint-georges-sur-loire-patrimoine.fr\/index.php\/wp-json\/wp\/v2\/posts\/11840","targetHints":{"allow":["GET"]}}],"collection":[{"href":"https:\/\/saint-georges-sur-loire-patrimoine.fr\/index.php\/wp-json\/wp\/v2\/posts"}],"about":[{"href":"https:\/\/saint-georges-sur-loire-patrimoine.fr\/index.php\/wp-json\/wp\/v2\/types\/post"}],"author":[{"embeddable":true,"href":"https:\/\/saint-georges-sur-loire-patrimoine.fr\/index.php\/wp-json\/wp\/v2\/users\/1"}],"replies":[{"embeddable":true,"href":"https:\/\/saint-georges-sur-loire-patrimoine.fr\/index.php\/wp-json\/wp\/v2\/comments?post=11840"}],"version-history":[{"count":33,"href":"https:\/\/saint-georges-sur-loire-patrimoine.fr\/index.php\/wp-json\/wp\/v2\/posts\/11840\/revisions"}],"predecessor-version":[{"id":11891,"href":"https:\/\/saint-georges-sur-loire-patrimoine.fr\/index.php\/wp-json\/wp\/v2\/posts\/11840\/revisions\/11891"}],"wp:attachment":[{"href":"https:\/\/saint-georges-sur-loire-patrimoine.fr\/index.php\/wp-json\/wp\/v2\/media?parent=11840"}],"wp:term":[{"taxonomy":"category","embeddable":true,"href":"https:\/\/saint-georges-sur-loire-patrimoine.fr\/index.php\/wp-json\/wp\/v2\/categories?post=11840"},{"taxonomy":"post_tag","embeddable":true,"href":"https:\/\/saint-georges-sur-loire-patrimoine.fr\/index.php\/wp-json\/wp\/v2\/tags?post=11840"}],"curies":[{"name":"wp","href":"https:\/\/api.w.org\/{rel}","templated":true}]}}