{"id":11717,"date":"2025-02-27T10:39:43","date_gmt":"2025-02-27T09:39:43","guid":{"rendered":"https:\/\/saint-georges-sur-loire-patrimoine.fr\/?p=11717"},"modified":"2025-03-03T09:31:31","modified_gmt":"2025-03-03T08:31:31","slug":"serrant-durant-loccupation","status":"publish","type":"post","link":"https:\/\/saint-georges-sur-loire-patrimoine.fr\/index.php\/2025\/02\/27\/serrant-durant-loccupation\/","title":{"rendered":"Serrant durant l&rsquo;occupation"},"content":{"rendered":"\t\t<div data-elementor-type=\"wp-post\" data-elementor-id=\"11717\" class=\"elementor elementor-11717\" data-elementor-settings=\"{&quot;ha_cmc_init_switcher&quot;:&quot;no&quot;}\">\n\t\t\t\t<div class=\"elementor-element elementor-element-80c76fd e-flex e-con-boxed wpr-particle-no wpr-jarallax-no wpr-parallax-no wpr-sticky-section-no wpr-equal-height-no e-con e-parent\" data-id=\"80c76fd\" data-element_type=\"container\" data-e-type=\"container\" data-settings=\"{&quot;_ha_eqh_enable&quot;:false}\">\n\t\t\t\t\t<div class=\"e-con-inner\">\n\t\t\t\t<div class=\"elementor-element elementor-element-71782f5 exad-sticky-section-no exad-glass-effect-no elementor-widget elementor-widget-spacer\" data-id=\"71782f5\" data-element_type=\"widget\" data-e-type=\"widget\" data-widget_type=\"spacer.default\">\n\t\t\t\t<div class=\"elementor-widget-container\">\n\t\t\t\t\t\t\t<div class=\"elementor-spacer\">\n\t\t\t<div class=\"elementor-spacer-inner\"><\/div>\n\t\t<\/div>\n\t\t\t\t\t\t<\/div>\n\t\t\t\t<\/div>\n\t\t\t\t\t<\/div>\n\t\t\t\t<\/div>\n\t\t<div class=\"elementor-element elementor-element-67a16ce e-flex e-con-boxed wpr-particle-no wpr-jarallax-no wpr-parallax-no wpr-sticky-section-no wpr-equal-height-no e-con e-parent\" data-id=\"67a16ce\" data-element_type=\"container\" data-e-type=\"container\" data-settings=\"{&quot;background_background&quot;:&quot;gradient&quot;,&quot;_ha_eqh_enable&quot;:false}\">\n\t\t\t\t\t<div class=\"e-con-inner\">\n\t\t\t\t<div class=\"elementor-element elementor-element-9ca163f exad-sticky-section-no exad-glass-effect-no elementor-widget elementor-widget-spacer\" data-id=\"9ca163f\" data-element_type=\"widget\" data-e-type=\"widget\" data-widget_type=\"spacer.default\">\n\t\t\t\t<div class=\"elementor-widget-container\">\n\t\t\t\t\t\t\t<div class=\"elementor-spacer\">\n\t\t\t<div class=\"elementor-spacer-inner\"><\/div>\n\t\t<\/div>\n\t\t\t\t\t\t<\/div>\n\t\t\t\t<\/div>\n\t\t\t\t<div class=\"elementor-element elementor-element-875e89b exad-sticky-section-no exad-glass-effect-no elementor-widget elementor-widget-heading\" data-id=\"875e89b\" data-element_type=\"widget\" data-e-type=\"widget\" data-widget_type=\"heading.default\">\n\t\t\t\t<div class=\"elementor-widget-container\">\n\t\t\t\t\t<h1 class=\"elementor-heading-title elementor-size-default\">Le ch\u00e2teau de Serrant occup\u00e9 par les officiers allemands<\/h1>\t\t\t\t<\/div>\n\t\t\t\t<\/div>\n\t\t\t\t<div class=\"elementor-element elementor-element-7fb0f83 exad-sticky-section-no exad-glass-effect-no elementor-widget elementor-widget-heading\" data-id=\"7fb0f83\" data-element_type=\"widget\" data-e-type=\"widget\" data-widget_type=\"heading.default\">\n\t\t\t\t<div class=\"elementor-widget-container\">\n\t\t\t\t\t<h2 class=\"elementor-heading-title elementor-size-default\">1940-1944<\/h2>\t\t\t\t<\/div>\n\t\t\t\t<\/div>\n\t\t\t\t<div class=\"elementor-element elementor-element-60b6ea7 exad-sticky-section-no exad-glass-effect-no elementor-widget elementor-widget-spacer\" data-id=\"60b6ea7\" data-element_type=\"widget\" data-e-type=\"widget\" data-widget_type=\"spacer.default\">\n\t\t\t\t<div class=\"elementor-widget-container\">\n\t\t\t\t\t\t\t<div class=\"elementor-spacer\">\n\t\t\t<div class=\"elementor-spacer-inner\"><\/div>\n\t\t<\/div>\n\t\t\t\t\t\t<\/div>\n\t\t\t\t<\/div>\n\t\t\t\t\t<\/div>\n\t\t\t\t<\/div>\n\t\t<div class=\"elementor-element elementor-element-ef2b2fb e-con-full e-flex wpr-particle-no wpr-jarallax-no wpr-parallax-no wpr-sticky-section-no wpr-equal-height-no e-con e-parent\" data-id=\"ef2b2fb\" data-element_type=\"container\" data-e-type=\"container\" data-settings=\"{&quot;_ha_eqh_enable&quot;:false}\">\n\t\t<div class=\"elementor-element elementor-element-04e0526 e-con-full e-flex wpr-particle-no wpr-jarallax-no wpr-parallax-no wpr-sticky-section-no wpr-equal-height-no e-con e-child\" data-id=\"04e0526\" data-element_type=\"container\" data-e-type=\"container\" data-settings=\"{&quot;_ha_eqh_enable&quot;:false}\">\n\t\t\t\t<div class=\"elementor-element elementor-element-95e81bf elementor-widget__width-initial elementor-widget-tablet__width-initial exad-sticky-section-no exad-glass-effect-no elementor-widget elementor-widget-image\" data-id=\"95e81bf\" data-element_type=\"widget\" data-e-type=\"widget\" data-widget_type=\"image.default\">\n\t\t\t\t<div class=\"elementor-widget-container\">\n\t\t\t\t\t\t\t\t\t\t\t\t\t\t\t<img decoding=\"async\" src=\"https:\/\/saint-georges-sur-loire-patrimoine.fr\/wp-content\/uploads\/2024\/07\/occupation-serrant.jpg\" title=\"occupation serrant\" alt=\"d\u00e9fil\u00e9 militaire de troupes allemandes au ch\u00e2teau de serrant durant la deuxi\u00e8me guerre mondiale\" loading=\"lazy\" \/>\t\t\t\t\t\t\t\t\t\t\t\t\t\t\t<\/div>\n\t\t\t\t<\/div>\n\t\t\t\t<div class=\"elementor-element elementor-element-4e573e8 exad-sticky-section-no exad-glass-effect-no elementor-widget elementor-widget-text-editor\" data-id=\"4e573e8\" data-element_type=\"widget\" data-e-type=\"widget\" data-widget_type=\"text-editor.default\">\n\t\t\t\t<div class=\"elementor-widget-container\">\n\t\t\t\t\t\t\t\t\t<p>D\u00e9fil\u00e9 des troupes allemandes durant l&rsquo;occupation dans la cour du ch\u00e2teau (ADML)<\/p>\t\t\t\t\t\t\t\t<\/div>\n\t\t\t\t<\/div>\n\t\t\t\t<\/div>\n\t\t<div class=\"elementor-element elementor-element-6816544 e-con-full e-flex wpr-particle-no wpr-jarallax-no wpr-parallax-no wpr-sticky-section-no wpr-equal-height-no e-con e-child\" data-id=\"6816544\" data-element_type=\"container\" data-e-type=\"container\" data-settings=\"{&quot;_ha_eqh_enable&quot;:false}\">\n\t\t\t\t<div class=\"elementor-element elementor-element-f9785ec exad-sticky-section-no exad-glass-effect-no elementor-widget elementor-widget-text-editor\" data-id=\"f9785ec\" data-element_type=\"widget\" data-e-type=\"widget\" data-widget_type=\"text-editor.default\">\n\t\t\t\t<div class=\"elementor-widget-container\">\n\t\t\t\t\t\t\t\t\t<p>19 juin 1940, 9h30 au <a href=\"https:\/\/saint-georges-sur-loire-patrimoine.fr\/index.php\/2024\/05\/24\/le-chateau-de-serrant\/\"><span style=\"text-decoration: underline;\">ch\u00e2teau de Serrant<\/span><\/a><\/p><p>Le moteur p\u00e9taradant d\u2019un side-car vient rompre la qui\u00e9tude du parc. Le motard contourne le ch\u00e2teau, fait un arr\u00eat sur la terrasse sud entre le ch\u00e2teau et l\u2019\u00e9tang avant de faire demi-tour et de repartir. Depuis la chambre d\u2019apparat de la duchesse dans la tour sud, un homme observe le d\u00e9part du soldat allemand sans grande surprise. L\u2019avant-veille, Angers a \u00e9t\u00e9 bombard\u00e9e par la Luftwaffe. Les r\u00e9giments allemands sont sur le point d\u2019entrer dans la ville, d\u00e9sert\u00e9e : la moiti\u00e9 de ses habitants a quitt\u00e9 le centre-ville, franchissant la Loire en direction du sud. Si l\u2019agglom\u00e9ration n\u2019est pas encore occup\u00e9e, les troupes germaniques l\u2019ont d\u00e9j\u00e0 contourn\u00e9e et progressent vers l\u2019ouest. Aussi, la visite-\u00e9clair au ch\u00e2teau \u00e9tait attendue par celui qui y loge depuis d\u00e9j\u00e0 plusieurs mois.<\/p><p>La duchesse de la Tr\u00e9mo\u00eflle a quitt\u00e9 depuis longtemps sa propri\u00e9t\u00e9 pour une autre demeure dans le bordelais. En son absence, le locataire du ch\u00e2teau se nomme Ren\u00e9 Rabault. Le jeune angevin de trente ans est un homme de th\u00e9\u00e2tre. A\u00een\u00e9 d\u2019une famille de dix enfants, il d\u00e9bute \u00e0 13 ans, dans l\u2019atelier de de son p\u00e8re dont les d\u00e9cors de grandes qualit\u00e9s sont appr\u00e9ci\u00e9s de toutes les troupes de la r\u00e9gion. En 1931, Rabault profite de son service militaire \u00e0 Paris pour voir des pi\u00e8ces de th\u00e9\u00e2tre. En 1938, il d\u00e9cide de vivre sa passion et fonde la compagnie <em>Le Masque au gen\u00eat<\/em>. Cependant, le 2 septembre 1939, la mobilisation g\u00e9n\u00e9rale pour la seconde guerre mondiale met un frein \u00e0 sa carri\u00e8re.<\/p>\t\t\t\t\t\t\t\t<\/div>\n\t\t\t\t<\/div>\n\t\t\t\t<\/div>\n\t\t\t\t<\/div>\n\t\t<div class=\"elementor-element elementor-element-7bd0859 e-con-full e-flex wpr-particle-no wpr-jarallax-no wpr-parallax-no wpr-sticky-section-no wpr-equal-height-no e-con e-parent\" data-id=\"7bd0859\" data-element_type=\"container\" data-e-type=\"container\" data-settings=\"{&quot;_ha_eqh_enable&quot;:false}\">\n\t\t<div class=\"elementor-element elementor-element-3161393 e-con-full e-flex wpr-particle-no wpr-jarallax-no wpr-parallax-no wpr-sticky-section-no wpr-equal-height-no e-con e-child\" data-id=\"3161393\" data-element_type=\"container\" data-e-type=\"container\" data-settings=\"{&quot;_ha_eqh_enable&quot;:false}\">\n\t\t\t\t<div class=\"elementor-element elementor-element-787318d elementor-widget__width-initial exad-sticky-section-no exad-glass-effect-no elementor-widget elementor-widget-text-editor\" data-id=\"787318d\" data-element_type=\"widget\" data-e-type=\"widget\" data-widget_type=\"text-editor.default\">\n\t\t\t\t<div class=\"elementor-widget-container\">\n\t\t\t\t\t\t\t\t\t<p>Rabault n\u2019est pas longtemps mobilis\u00e9. P\u00e8re de famille nombreuse, il est renvoy\u00e9 dans son foyer, un mois plus tard. Les autorit\u00e9s pr\u00e9fectorales le nomment alors conservateur au ch\u00e2teau de Serrant. Au d\u00e9but du conflit, les boiseries de Versailles ont en effet \u00e9t\u00e9 d\u00e9mont\u00e9es et plac\u00e9es dans de longues caisses plates. Les tr\u00e9sors du mus\u00e9e de la Marine sont eux aussi, empaquet\u00e9s. Ce pr\u00e9cieux chargement est envoy\u00e9 par le minist\u00e8re des Beaux-Arts loin de Paris. Le ch\u00e2teau de Serrant est r\u00e9quisitionn\u00e9 : les caisses sont entrepos\u00e9es dans l\u2019antichambre et dans un hangar situ\u00e9 \u00e0 600 m\u00e8tres du ch\u00e2teau. Charg\u00e9 de leur surveillance, Ren\u00e9 Rabault s\u2019installe donc dans le pavillon contigu \u00e0 cet entrep\u00f4t et, en l\u2019absence de la duchesse, devient le seul responsable du ch\u00e2teau, de l\u2019Orangerie et du hangar qu\u2019il veille \u00e0 maintenir bien clos.<\/p><p>Quelques heures apr\u00e8s la ronde de reconnaissance du motard, la sonnette tinte. Devant la grille ferm\u00e9e du ch\u00e2teau, un jeune officier allemand attend. \u00ab Visite \u00bb, lance-t-il \u00e0 Rabault qui doit l\u2019accompagner d\u2019une pi\u00e8ce \u00e0 l\u2019autre. Une heure apr\u00e8s son d\u00e9part, dans les salons du ch\u00e2teau, r\u00e9sonnent les sons des bottes allemandes sur les parquets. Rabault, consid\u00e9r\u00e9 par les officiers comme l\u2019intendant du ch\u00e2teau, est convoqu\u00e9 par un jeune g\u00e9n\u00e9ral qui l\u2019interroge sur la nature des caisses entrepos\u00e9es. On lui demande alors de rassembler ses affaires personnelles et de quitter les lieux.<\/p><p>Rabault parlemente, tente de faire comprendre son r\u00f4le alors que les troupes commencent \u00e0 d\u00e9m\u00e9nager les caisses vers l\u2019ancien \u00e9v\u00each\u00e9 \u00e0 Angers. Il finit par obtenir d\u2019un officier de la Wehrmacht le rapatriement des caisses dans le hangar du ch\u00e2teau de Serrant o\u00f9 il va continuer de veiller \u00e0 leur s\u00e9curit\u00e9 durant toute la guerre.<\/p>\t\t\t\t\t\t\t\t<\/div>\n\t\t\t\t<\/div>\n\t\t\t\t<\/div>\n\t\t<div class=\"elementor-element elementor-element-4e5b22b e-con-full e-flex wpr-particle-no wpr-jarallax-no wpr-parallax-no wpr-sticky-section-no wpr-equal-height-no e-con e-child\" data-id=\"4e5b22b\" data-element_type=\"container\" data-e-type=\"container\" data-settings=\"{&quot;_ha_eqh_enable&quot;:false}\">\n\t\t<div class=\"elementor-element elementor-element-643e2d4 e-flex e-con-boxed wpr-particle-no wpr-jarallax-no wpr-parallax-no wpr-sticky-section-no wpr-equal-height-no e-con e-child\" data-id=\"643e2d4\" data-element_type=\"container\" data-e-type=\"container\" data-settings=\"{&quot;_ha_eqh_enable&quot;:false}\">\n\t\t\t\t\t<div class=\"e-con-inner\">\n\t\t\t\t<div class=\"elementor-element elementor-element-3f3561c elementor-widget__width-initial elementor-widget-mobile__width-initial elementor-widget-tablet__width-initial exad-sticky-section-no exad-glass-effect-no elementor-widget elementor-widget-image\" data-id=\"3f3561c\" data-element_type=\"widget\" data-e-type=\"widget\" data-widget_type=\"image.default\">\n\t\t\t\t<div class=\"elementor-widget-container\">\n\t\t\t\t\t\t\t\t\t\t\t\t\t\t\t<img decoding=\"async\" src=\"https:\/\/saint-georges-sur-loire-patrimoine.fr\/wp-content\/uploads\/2025\/02\/occupation-serrant-3.jpg\" title=\"occupation serrant 3\" alt=\"occupation serrant 3\" loading=\"lazy\" \/>\t\t\t\t\t\t\t\t\t\t\t\t\t\t\t<\/div>\n\t\t\t\t<\/div>\n\t\t\t\t<div class=\"elementor-element elementor-element-70bc808 exad-sticky-section-no exad-glass-effect-no elementor-widget elementor-widget-text-editor\" data-id=\"70bc808\" data-element_type=\"widget\" data-e-type=\"widget\" data-widget_type=\"text-editor.default\">\n\t\t\t\t<div class=\"elementor-widget-container\">\n\t\t\t\t\t\t\t\t\t<p>Le g\u00e9n\u00e9ral von Manstein au ch\u00e2teau de Serrant (ADML)<\/p>\t\t\t\t\t\t\t\t<\/div>\n\t\t\t\t<\/div>\n\t\t\t\t\t<\/div>\n\t\t\t\t<\/div>\n\t\t\t\t<\/div>\n\t\t\t\t<\/div>\n\t\t<div class=\"elementor-element elementor-element-5d274e9 e-con-full e-flex wpr-particle-no wpr-jarallax-no wpr-parallax-no wpr-sticky-section-no wpr-equal-height-no e-con e-parent\" data-id=\"5d274e9\" data-element_type=\"container\" data-e-type=\"container\" data-settings=\"{&quot;_ha_eqh_enable&quot;:false}\">\n\t\t<div class=\"elementor-element elementor-element-64cf0f6 e-con-full e-flex wpr-particle-no wpr-jarallax-no wpr-parallax-no wpr-sticky-section-no wpr-equal-height-no e-con e-child\" data-id=\"64cf0f6\" data-element_type=\"container\" data-e-type=\"container\" data-settings=\"{&quot;_ha_eqh_enable&quot;:false}\">\n\t\t\t\t<div class=\"elementor-element elementor-element-5e001cf elementor-widget__width-initial elementor-widget-tablet__width-initial elementor-widget-mobile__width-initial exad-sticky-section-no exad-glass-effect-no elementor-widget elementor-widget-image\" data-id=\"5e001cf\" data-element_type=\"widget\" data-e-type=\"widget\" data-widget_type=\"image.default\">\n\t\t\t\t<div class=\"elementor-widget-container\">\n\t\t\t\t\t\t\t\t\t\t\t\t\t\t\t<img decoding=\"async\" src=\"https:\/\/saint-georges-sur-loire-patrimoine.fr\/wp-content\/uploads\/2025\/02\/1940-serrant.jpg\" title=\"1940 serrant\" alt=\"1940 serrant\" loading=\"lazy\" \/>\t\t\t\t\t\t\t\t\t\t\t\t\t\t\t<\/div>\n\t\t\t\t<\/div>\n\t\t\t\t<div class=\"elementor-element elementor-element-d993086 exad-sticky-section-no exad-glass-effect-no elementor-widget elementor-widget-text-editor\" data-id=\"d993086\" data-element_type=\"widget\" data-e-type=\"widget\" data-widget_type=\"text-editor.default\">\n\t\t\t\t<div class=\"elementor-widget-container\">\n\t\t\t\t\t\t\t\t\t<p>Soldat allemand \u00e0 l&rsquo;entr\u00e9e du ch\u00e2teau de Serrant durant l&rsquo;occupation (L. Abellard)<\/p>\t\t\t\t\t\t\t\t<\/div>\n\t\t\t\t<\/div>\n\t\t\t\t<div class=\"elementor-element elementor-element-d6996c4 elementor-widget__width-initial elementor-widget-tablet__width-initial elementor-widget-mobile__width-initial exad-sticky-section-no exad-glass-effect-no elementor-widget elementor-widget-image\" data-id=\"d6996c4\" data-element_type=\"widget\" data-e-type=\"widget\" data-widget_type=\"image.default\">\n\t\t\t\t<div class=\"elementor-widget-container\">\n\t\t\t\t\t\t\t\t\t\t\t\t\t\t\t<img decoding=\"async\" src=\"https:\/\/saint-georges-sur-loire-patrimoine.fr\/wp-content\/uploads\/2025\/02\/rene-rabault.jpg\" title=\"rene rabault\" alt=\"portrait de ren\u00e9 rabault\" loading=\"lazy\" \/>\t\t\t\t\t\t\t\t\t\t\t\t\t\t\t<\/div>\n\t\t\t\t<\/div>\n\t\t\t\t<div class=\"elementor-element elementor-element-9054adc exad-sticky-section-no exad-glass-effect-no elementor-widget elementor-widget-text-editor\" data-id=\"9054adc\" data-element_type=\"widget\" data-e-type=\"widget\" data-widget_type=\"text-editor.default\">\n\t\t\t\t<div class=\"elementor-widget-container\">\n\t\t\t\t\t\t\t\t\t<p>Ren\u00e9 Rabault<\/p>\t\t\t\t\t\t\t\t<\/div>\n\t\t\t\t<\/div>\n\t\t\t\t<\/div>\n\t\t<div class=\"elementor-element elementor-element-e48565f e-con-full e-flex wpr-particle-no wpr-jarallax-no wpr-parallax-no wpr-sticky-section-no wpr-equal-height-no e-con e-child\" data-id=\"e48565f\" data-element_type=\"container\" data-e-type=\"container\" data-settings=\"{&quot;_ha_eqh_enable&quot;:false}\">\n\t\t\t\t<div class=\"elementor-element elementor-element-0714a94 elementor-widget__width-initial exad-sticky-section-no exad-glass-effect-no elementor-widget elementor-widget-text-editor\" data-id=\"0714a94\" data-element_type=\"widget\" data-e-type=\"widget\" data-widget_type=\"text-editor.default\">\n\t\t\t\t<div class=\"elementor-widget-container\">\n\t\t\t\t\t\t\t\t\t<p>C\u2019est le d\u00e9but de quatre ann\u00e9es d\u2019occupation du domaine. Le g\u00e9n\u00e9ral Erich von Manstein qui dirige la campagne de France y installe son \u00e9tat-major. Le ch\u00e2teau devient un lieu de repos pour les grad\u00e9s et les hauts-dignitaires du III\u00e8me Reich. Les officiers profitent de ce cadre remarquable pour organiser des festivit\u00e9s et des r\u00e9ceptions somptueuses.\u00a0 Fedor von Bock y c\u00e9l\u00e8bre sa promotion au rang de <em>Generalfeldmarschall <\/em>, le 19 juillet 1940, par Adolph Hitler. Walther von Brauchitsch, commandant en chef de l\u2019arm\u00e9e de terre et artisan de la guerre \u00e9clair dans l\u2019ouest, l\u2019amiral Karl D\u00f6nitz qu\u2019Adolph Hitler d\u00e9signa comme son successeur \u00e0 la t\u00eate du III\u00e8me Reich dans son testament, le g\u00e9n\u00e9ral Fredrich Paulus, charg\u00e9 du front russe, ou encore le g\u00e9n\u00e9ral Albert Kesselring, commandant des forces a\u00e9riennes puis du front M\u00e9diterran\u00e9en, s\u00e9journent au ch\u00e2teau.<\/p><p>Dans les cuisines, on peut toujours d\u00e9couvrir, sur les murs, des fresques peintes par des soldats allemands cherchant certainement \u00e0 occuper leur temps libre. Des soldats logent \u00e9galement dans le <a href=\"https:\/\/saint-georges-sur-loire-patrimoine.fr\/index.php\/2024\/05\/29\/le-logis-abbatial\/\"><span style=\"text-decoration: underline;\">logis abbatial<\/span><\/a>, dans le bourg du village. Les hommes y sont moins disciplin\u00e9s\u00a0: les d\u00e9g\u00e2ts sont importants. Angers est lib\u00e9r\u00e9e le 10 ao\u00fbt 1944\u00a0: Saint Georges sur Loire l\u2019est \u00e9galement quelques jours plus tard.<\/p>\t\t\t\t\t\t\t\t<\/div>\n\t\t\t\t<\/div>\n\t\t\t\t<div class=\"elementor-element elementor-element-e092a8a exad-sticky-section-no exad-glass-effect-no elementor-widget elementor-widget-image\" data-id=\"e092a8a\" data-element_type=\"widget\" data-e-type=\"widget\" data-widget_type=\"image.default\">\n\t\t\t\t<div class=\"elementor-widget-container\">\n\t\t\t\t\t\t\t\t\t\t\t\t\t\t\t<img fetchpriority=\"high\" decoding=\"async\" width=\"580\" height=\"240\" src=\"https:\/\/saint-georges-sur-loire-patrimoine.fr\/wp-content\/uploads\/2025\/02\/fresque-cuisine-serrant-1024x424.jpg\" class=\"attachment-large size-large wp-image-11723\" alt=\"fresque mural au ch\u00e2teau de serrant r\u00e9alis\u00e9e par les soldats allemands durant l&#039;occupation\" srcset=\"https:\/\/saint-georges-sur-loire-patrimoine.fr\/wp-content\/uploads\/2025\/02\/fresque-cuisine-serrant-1024x424.jpg 1024w, https:\/\/saint-georges-sur-loire-patrimoine.fr\/wp-content\/uploads\/2025\/02\/fresque-cuisine-serrant-300x124.jpg 300w, https:\/\/saint-georges-sur-loire-patrimoine.fr\/wp-content\/uploads\/2025\/02\/fresque-cuisine-serrant-768x318.jpg 768w, https:\/\/saint-georges-sur-loire-patrimoine.fr\/wp-content\/uploads\/2025\/02\/fresque-cuisine-serrant-1200x497.jpg 1200w, https:\/\/saint-georges-sur-loire-patrimoine.fr\/wp-content\/uploads\/2025\/02\/fresque-cuisine-serrant.jpg 1338w\" sizes=\"(max-width: 580px) 100vw, 580px\" \/>\t\t\t\t\t\t\t\t\t\t\t\t\t\t\t<\/div>\n\t\t\t\t<\/div>\n\t\t\t\t<div class=\"elementor-element elementor-element-a1ecb87 exad-sticky-section-no exad-glass-effect-no elementor-widget elementor-widget-text-editor\" data-id=\"a1ecb87\" data-element_type=\"widget\" data-e-type=\"widget\" data-widget_type=\"text-editor.default\">\n\t\t\t\t<div class=\"elementor-widget-container\">\n\t\t\t\t\t\t\t\t\t<p>Ren\u00e9 Rabault reprend ses activit\u00e9s th\u00e9\u00e2trales apr\u00e8s la guerre. Il monte le Chemin de Croix de Paul Claudel en 1947. Le 9 juin 1950, il cr\u00e9e \u00e0 la demande du pr\u00e9fet, le festival d\u2019Angers jouant avec sa troupe, Rom\u00e9o et Juliette de William Shakespeare devant le ch\u00e2teau de Brissac. Le Festival d\u2019Angers devient en 1975 le c\u00e9l\u00e8bre festival d\u2019Anjou. Ren\u00e9 Rabault quitte la sc\u00e8ne pour se consacrer \u00e0 l\u2019\u00e9criture dans les ann\u00e9es 1970. Il meurt en 1993 \u00e0 l\u2019\u00e2ge de 82 ans.<\/p><p><span style=\"text-decoration: underline;\">Sources<\/span>\u00a0:<\/p><p>Guy Bonnet, 1940 Batailles sur les ponts de la Loire, \u00e9ditions de la Nouvelle R\u00e9publique, p.173 et 174, 1990<\/p>\t\t\t\t\t\t\t\t<\/div>\n\t\t\t\t<\/div>\n\t\t\t\t<\/div>\n\t\t\t\t<\/div>\n\t\t<div class=\"elementor-element elementor-element-3431ea4 e-flex e-con-boxed wpr-particle-no wpr-jarallax-no wpr-parallax-no wpr-sticky-section-no wpr-equal-height-no e-con e-parent\" data-id=\"3431ea4\" data-element_type=\"container\" data-e-type=\"container\" data-settings=\"{&quot;_ha_eqh_enable&quot;:false}\">\n\t\t\t\t\t<div class=\"e-con-inner\">\n\t\t\t\t<div class=\"elementor-element elementor-element-d024a3c exad-sticky-section-no exad-glass-effect-no elementor-widget elementor-widget-spacer\" data-id=\"d024a3c\" data-element_type=\"widget\" data-e-type=\"widget\" data-widget_type=\"spacer.default\">\n\t\t\t\t<div class=\"elementor-widget-container\">\n\t\t\t\t\t\t\t<div class=\"elementor-spacer\">\n\t\t\t<div class=\"elementor-spacer-inner\"><\/div>\n\t\t<\/div>\n\t\t\t\t\t\t<\/div>\n\t\t\t\t<\/div>\n\t\t\t\t\t<\/div>\n\t\t\t\t<\/div>\n\t\t\t\t<\/div>\n\t\t","protected":false},"excerpt":{"rendered":"<p>Le ch\u00e2teau de Serrant occup\u00e9 par les officiers allemands 1940-1944 D\u00e9fil\u00e9 des troupes allemandes durant l&rsquo;occupation dans la cour du ch\u00e2teau (ADML) 19 juin 1940, 9h30 au ch\u00e2teau de Serrant Le moteur p\u00e9taradant d\u2019un side-car vient rompre la qui\u00e9tude du parc. Le motard contourne le ch\u00e2teau, fait un arr\u00eat sur la terrasse sud entre le ch\u00e2teau et l\u2019\u00e9tang avant de faire demi-tour et de repartir. Depuis la chambre d\u2019apparat de la duchesse dans la tour sud, un homme observe le d\u00e9part du soldat allemand sans grande surprise. L\u2019avant-veille, Angers a \u00e9t\u00e9 bombard\u00e9e par la Luftwaffe. Les r\u00e9giments allemands sont sur le point d\u2019entrer dans la ville, d\u00e9sert\u00e9e : la moiti\u00e9 de ses habitants a quitt\u00e9 le centre-ville, franchissant la Loire en direction du sud. Si l\u2019agglom\u00e9ration n\u2019est pas encore occup\u00e9e, les troupes germaniques l\u2019ont d\u00e9j\u00e0 contourn\u00e9e et progressent vers l\u2019ouest. Aussi, la visite-\u00e9clair au ch\u00e2teau \u00e9tait attendue par celui qui y loge depuis d\u00e9j\u00e0 plusieurs mois. La duchesse de la Tr\u00e9mo\u00eflle a quitt\u00e9 depuis longtemps sa propri\u00e9t\u00e9 pour une autre demeure dans le bordelais. En son absence, le locataire du ch\u00e2teau se nomme Ren\u00e9 Rabault. Le jeune angevin de trente ans est un homme de th\u00e9\u00e2tre. A\u00een\u00e9 d\u2019une famille de dix enfants, il d\u00e9bute \u00e0 13 ans, dans l\u2019atelier de de son p\u00e8re dont les d\u00e9cors de grandes qualit\u00e9s sont appr\u00e9ci\u00e9s de toutes les troupes de la r\u00e9gion. En 1931, Rabault profite de son service militaire \u00e0 Paris pour voir des pi\u00e8ces de th\u00e9\u00e2tre. En 1938, il d\u00e9cide de vivre sa passion et fonde la compagnie Le Masque au gen\u00eat. Cependant, le 2 septembre 1939, la mobilisation g\u00e9n\u00e9rale pour la seconde guerre mondiale met un frein \u00e0 sa carri\u00e8re. Rabault n\u2019est pas longtemps mobilis\u00e9. P\u00e8re de famille nombreuse, il est renvoy\u00e9 dans son foyer, un mois plus tard. Les autorit\u00e9s pr\u00e9fectorales le nomment alors conservateur au ch\u00e2teau de Serrant. Au d\u00e9but du conflit, les boiseries de Versailles ont en effet \u00e9t\u00e9 d\u00e9mont\u00e9es et plac\u00e9es dans de longues caisses plates. Les tr\u00e9sors du mus\u00e9e de la Marine sont eux aussi, empaquet\u00e9s. Ce pr\u00e9cieux chargement est envoy\u00e9 par le minist\u00e8re des Beaux-Arts loin de Paris. Le ch\u00e2teau de Serrant est r\u00e9quisitionn\u00e9 : les caisses sont entrepos\u00e9es dans l\u2019antichambre et dans un hangar situ\u00e9 \u00e0 600 m\u00e8tres du ch\u00e2teau. Charg\u00e9 de leur surveillance, Ren\u00e9 Rabault s\u2019installe donc dans le pavillon contigu \u00e0 cet entrep\u00f4t et, en l\u2019absence de la duchesse, devient le seul responsable du ch\u00e2teau, de l\u2019Orangerie et du hangar qu\u2019il veille \u00e0 maintenir bien clos. Quelques heures apr\u00e8s la ronde de reconnaissance du motard, la sonnette tinte. Devant la grille ferm\u00e9e du ch\u00e2teau, un jeune officier allemand attend. \u00ab Visite \u00bb, lance-t-il \u00e0 Rabault qui doit l\u2019accompagner d\u2019une pi\u00e8ce \u00e0 l\u2019autre. Une heure apr\u00e8s son d\u00e9part, dans les salons du ch\u00e2teau, r\u00e9sonnent les sons des bottes allemandes sur les parquets. Rabault, consid\u00e9r\u00e9 par les officiers comme l\u2019intendant du ch\u00e2teau, est convoqu\u00e9 par un jeune g\u00e9n\u00e9ral qui l\u2019interroge sur la nature des caisses entrepos\u00e9es. On lui demande alors de rassembler ses affaires personnelles et de quitter les lieux. Rabault parlemente, tente de faire comprendre son r\u00f4le alors que les troupes commencent \u00e0 d\u00e9m\u00e9nager les caisses vers l\u2019ancien \u00e9v\u00each\u00e9 \u00e0 Angers. Il finit par obtenir d\u2019un officier de la Wehrmacht le rapatriement des caisses dans le hangar du ch\u00e2teau de Serrant o\u00f9 il va continuer de veiller \u00e0 leur s\u00e9curit\u00e9 durant toute la guerre. Le g\u00e9n\u00e9ral von Manstein au ch\u00e2teau de Serrant (ADML) Soldat allemand \u00e0 l&rsquo;entr\u00e9e du ch\u00e2teau de Serrant durant l&rsquo;occupation (L. Abellard) Ren\u00e9 Rabault C\u2019est le d\u00e9but de quatre ann\u00e9es d\u2019occupation du domaine. Le g\u00e9n\u00e9ral Erich von Manstein qui dirige la campagne de France y installe son \u00e9tat-major. Le ch\u00e2teau devient un lieu de repos pour les grad\u00e9s et les hauts-dignitaires du III\u00e8me Reich. Les officiers profitent de ce cadre remarquable pour organiser des festivit\u00e9s et des r\u00e9ceptions somptueuses.\u00a0 Fedor von Bock y c\u00e9l\u00e8bre sa promotion au rang de Generalfeldmarschall , le 19 juillet 1940, par Adolph Hitler. Walther von Brauchitsch, commandant en chef de l\u2019arm\u00e9e de terre et artisan de la guerre \u00e9clair dans l\u2019ouest, l\u2019amiral Karl D\u00f6nitz qu\u2019Adolph Hitler d\u00e9signa comme son successeur \u00e0 la t\u00eate du III\u00e8me Reich dans son testament, le g\u00e9n\u00e9ral Fredrich Paulus, charg\u00e9 du front russe, ou encore le g\u00e9n\u00e9ral Albert Kesselring, commandant des forces a\u00e9riennes puis du front M\u00e9diterran\u00e9en, s\u00e9journent au ch\u00e2teau. Dans les cuisines, on peut toujours d\u00e9couvrir, sur les murs, des fresques peintes par des soldats allemands cherchant certainement \u00e0 occuper leur temps libre. Des soldats logent \u00e9galement dans le logis abbatial, dans le bourg du village. Les hommes y sont moins disciplin\u00e9s\u00a0: les d\u00e9g\u00e2ts sont importants. Angers est lib\u00e9r\u00e9e le 10 ao\u00fbt 1944\u00a0: Saint Georges sur Loire l\u2019est \u00e9galement quelques jours plus tard. Ren\u00e9 Rabault reprend ses activit\u00e9s th\u00e9\u00e2trales apr\u00e8s la guerre. Il monte le Chemin de Croix de Paul Claudel en 1947. Le 9 juin 1950, il cr\u00e9e \u00e0 la demande du pr\u00e9fet, le festival d\u2019Angers jouant avec sa troupe, Rom\u00e9o et Juliette de William Shakespeare devant le ch\u00e2teau de Brissac. Le Festival d\u2019Angers devient en 1975 le c\u00e9l\u00e8bre festival d\u2019Anjou. Ren\u00e9 Rabault quitte la sc\u00e8ne pour se consacrer \u00e0 l\u2019\u00e9criture dans les ann\u00e9es 1970. Il meurt en 1993 \u00e0 l\u2019\u00e2ge de 82 ans. Sources\u00a0: Guy Bonnet, 1940 Batailles sur les ponts de la Loire, \u00e9ditions de la Nouvelle R\u00e9publique, p.173 et 174, 1990<\/p>\n","protected":false},"author":1,"featured_media":0,"comment_status":"open","ping_status":"open","sticky":false,"template":"elementor_canvas","format":"standard","meta":{"_seopress_robots_primary_cat":"","_seopress_titles_title":"Le ch\u00e2teau de serrant durant l'occuation- Saint Georges Patrimoine","_seopress_titles_desc":"Le ch\u00e2teau de Serrant fut occup\u00e9 par les officiers de l'arm\u00e9e allemande de juin 1940 \u00e0 1944 alors qu'il servait d'entrep\u00f4t pour les boiseries de Versailles.","_seopress_robots_index":"","_monsterinsights_skip_tracking":false,"_monsterinsights_sitenote_active":false,"_monsterinsights_sitenote_note":"","_monsterinsights_sitenote_category":0,"postBodyCss":"","postBodyMargin":[],"postBodyPadding":[],"postBodyBackground":{"backgroundType":"classic","gradient":""},"footnotes":""},"categories":[10],"tags":[],"class_list":["post-11717","post","type-post","status-publish","format-standard","hentry","category-article"],"_links":{"self":[{"href":"https:\/\/saint-georges-sur-loire-patrimoine.fr\/index.php\/wp-json\/wp\/v2\/posts\/11717","targetHints":{"allow":["GET"]}}],"collection":[{"href":"https:\/\/saint-georges-sur-loire-patrimoine.fr\/index.php\/wp-json\/wp\/v2\/posts"}],"about":[{"href":"https:\/\/saint-georges-sur-loire-patrimoine.fr\/index.php\/wp-json\/wp\/v2\/types\/post"}],"author":[{"embeddable":true,"href":"https:\/\/saint-georges-sur-loire-patrimoine.fr\/index.php\/wp-json\/wp\/v2\/users\/1"}],"replies":[{"embeddable":true,"href":"https:\/\/saint-georges-sur-loire-patrimoine.fr\/index.php\/wp-json\/wp\/v2\/comments?post=11717"}],"version-history":[{"count":21,"href":"https:\/\/saint-georges-sur-loire-patrimoine.fr\/index.php\/wp-json\/wp\/v2\/posts\/11717\/revisions"}],"predecessor-version":[{"id":11754,"href":"https:\/\/saint-georges-sur-loire-patrimoine.fr\/index.php\/wp-json\/wp\/v2\/posts\/11717\/revisions\/11754"}],"wp:attachment":[{"href":"https:\/\/saint-georges-sur-loire-patrimoine.fr\/index.php\/wp-json\/wp\/v2\/media?parent=11717"}],"wp:term":[{"taxonomy":"category","embeddable":true,"href":"https:\/\/saint-georges-sur-loire-patrimoine.fr\/index.php\/wp-json\/wp\/v2\/categories?post=11717"},{"taxonomy":"post_tag","embeddable":true,"href":"https:\/\/saint-georges-sur-loire-patrimoine.fr\/index.php\/wp-json\/wp\/v2\/tags?post=11717"}],"curies":[{"name":"wp","href":"https:\/\/api.w.org\/{rel}","templated":true}]}}