{"id":11190,"date":"2025-02-11T14:10:35","date_gmt":"2025-02-11T13:10:35","guid":{"rendered":"https:\/\/saint-georges-sur-loire-patrimoine.fr\/?p=11190"},"modified":"2025-02-12T15:49:34","modified_gmt":"2025-02-12T14:49:34","slug":"travaux-des-annees-70","status":"publish","type":"post","link":"https:\/\/saint-georges-sur-loire-patrimoine.fr\/index.php\/2025\/02\/11\/travaux-des-annees-70\/","title":{"rendered":"Travaux des ann\u00e9es 70"},"content":{"rendered":"\t\t<div data-elementor-type=\"wp-post\" data-elementor-id=\"11190\" class=\"elementor elementor-11190\" data-elementor-settings=\"{&quot;ha_cmc_init_switcher&quot;:&quot;no&quot;}\">\n\t\t\t\t<div class=\"elementor-element elementor-element-80c76fd e-flex e-con-boxed wpr-particle-no wpr-jarallax-no wpr-parallax-no wpr-sticky-section-no wpr-equal-height-no e-con e-parent\" data-id=\"80c76fd\" data-element_type=\"container\" data-e-type=\"container\" data-settings=\"{&quot;_ha_eqh_enable&quot;:false}\">\n\t\t\t\t\t<div class=\"e-con-inner\">\n\t\t\t\t<div class=\"elementor-element elementor-element-71782f5 exad-sticky-section-no exad-glass-effect-no elementor-widget elementor-widget-spacer\" data-id=\"71782f5\" data-element_type=\"widget\" data-e-type=\"widget\" data-widget_type=\"spacer.default\">\n\t\t\t\t<div class=\"elementor-widget-container\">\n\t\t\t\t\t\t\t<div class=\"elementor-spacer\">\n\t\t\t<div class=\"elementor-spacer-inner\"><\/div>\n\t\t<\/div>\n\t\t\t\t\t\t<\/div>\n\t\t\t\t<\/div>\n\t\t\t\t\t<\/div>\n\t\t\t\t<\/div>\n\t\t<div class=\"elementor-element elementor-element-67a16ce e-flex e-con-boxed wpr-particle-no wpr-jarallax-no wpr-parallax-no wpr-sticky-section-no wpr-equal-height-no e-con e-parent\" data-id=\"67a16ce\" data-element_type=\"container\" data-e-type=\"container\" data-settings=\"{&quot;background_background&quot;:&quot;gradient&quot;,&quot;_ha_eqh_enable&quot;:false}\">\n\t\t\t\t\t<div class=\"e-con-inner\">\n\t\t\t\t<div class=\"elementor-element elementor-element-9ca163f exad-sticky-section-no exad-glass-effect-no elementor-widget elementor-widget-spacer\" data-id=\"9ca163f\" data-element_type=\"widget\" data-e-type=\"widget\" data-widget_type=\"spacer.default\">\n\t\t\t\t<div class=\"elementor-widget-container\">\n\t\t\t\t\t\t\t<div class=\"elementor-spacer\">\n\t\t\t<div class=\"elementor-spacer-inner\"><\/div>\n\t\t<\/div>\n\t\t\t\t\t\t<\/div>\n\t\t\t\t<\/div>\n\t\t\t\t<div class=\"elementor-element elementor-element-875e89b exad-sticky-section-no exad-glass-effect-no elementor-widget elementor-widget-heading\" data-id=\"875e89b\" data-element_type=\"widget\" data-e-type=\"widget\" data-widget_type=\"heading.default\">\n\t\t\t\t<div class=\"elementor-widget-container\">\n\t\t\t\t\t<h1 class=\"elementor-heading-title elementor-size-default\">De grands travaux<\/h1>\t\t\t\t<\/div>\n\t\t\t\t<\/div>\n\t\t\t\t<div class=\"elementor-element elementor-element-7fb0f83 exad-sticky-section-no exad-glass-effect-no elementor-widget elementor-widget-heading\" data-id=\"7fb0f83\" data-element_type=\"widget\" data-e-type=\"widget\" data-widget_type=\"heading.default\">\n\t\t\t\t<div class=\"elementor-widget-container\">\n\t\t\t\t\t<h2 class=\"elementor-heading-title elementor-size-default\">1970-1980<\/h2>\t\t\t\t<\/div>\n\t\t\t\t<\/div>\n\t\t\t\t<div class=\"elementor-element elementor-element-60b6ea7 exad-sticky-section-no exad-glass-effect-no elementor-widget elementor-widget-spacer\" data-id=\"60b6ea7\" data-element_type=\"widget\" data-e-type=\"widget\" data-widget_type=\"spacer.default\">\n\t\t\t\t<div class=\"elementor-widget-container\">\n\t\t\t\t\t\t\t<div class=\"elementor-spacer\">\n\t\t\t<div class=\"elementor-spacer-inner\"><\/div>\n\t\t<\/div>\n\t\t\t\t\t\t<\/div>\n\t\t\t\t<\/div>\n\t\t\t\t\t<\/div>\n\t\t\t\t<\/div>\n\t\t<div class=\"elementor-element elementor-element-ef2b2fb e-con-full e-flex wpr-particle-no wpr-jarallax-no wpr-parallax-no wpr-sticky-section-no wpr-equal-height-no e-con e-parent\" data-id=\"ef2b2fb\" data-element_type=\"container\" data-e-type=\"container\" data-settings=\"{&quot;_ha_eqh_enable&quot;:false}\">\n\t\t<div class=\"elementor-element elementor-element-04e0526 e-con-full e-flex wpr-particle-no wpr-jarallax-no wpr-parallax-no wpr-sticky-section-no wpr-equal-height-no e-con e-child\" data-id=\"04e0526\" data-element_type=\"container\" data-e-type=\"container\" data-settings=\"{&quot;_ha_eqh_enable&quot;:false}\">\n\t\t\t\t<div class=\"elementor-element elementor-element-95e81bf elementor-widget__width-initial elementor-widget-tablet__width-initial exad-sticky-section-no exad-glass-effect-no elementor-widget elementor-widget-image\" data-id=\"95e81bf\" data-element_type=\"widget\" data-e-type=\"widget\" data-widget_type=\"image.default\">\n\t\t\t\t<div class=\"elementor-widget-container\">\n\t\t\t\t\t\t\t\t\t\t\t\t\t\t\t<img decoding=\"async\" src=\"https:\/\/saint-georges-sur-loire-patrimoine.fr\/wp-content\/uploads\/2025\/02\/la-salle-scaled.jpg\" title=\"la salle\" alt=\"vue a\u00e9rienne du lotissement de la salle dans les ann\u00e9es 1970\" loading=\"lazy\" \/>\t\t\t\t\t\t\t\t\t\t\t\t\t\t\t<\/div>\n\t\t\t\t<\/div>\n\t\t\t\t<div class=\"elementor-element elementor-element-4e573e8 exad-sticky-section-no exad-glass-effect-no elementor-widget elementor-widget-text-editor\" data-id=\"4e573e8\" data-element_type=\"widget\" data-e-type=\"widget\" data-widget_type=\"text-editor.default\">\n\t\t\t\t<div class=\"elementor-widget-container\">\n\t\t\t\t\t\t\t\t\t<p>Vue a\u00e9rienne du lotissement de la Salle dans les ann\u00e9es 1970<\/p>\t\t\t\t\t\t\t\t<\/div>\n\t\t\t\t<\/div>\n\t\t\t\t<div class=\"elementor-element elementor-element-c870ef1 elementor-widget__width-initial elementor-widget-tablet__width-initial exad-sticky-section-no exad-glass-effect-no elementor-widget elementor-widget-image\" data-id=\"c870ef1\" data-element_type=\"widget\" data-e-type=\"widget\" data-widget_type=\"image.default\">\n\t\t\t\t<div class=\"elementor-widget-container\">\n\t\t\t\t\t\t\t\t\t\t\t\t\t\t\t<img decoding=\"async\" src=\"https:\/\/saint-georges-sur-loire-patrimoine.fr\/wp-content\/uploads\/2025\/02\/destruction-mairie-scaled.jpg\" title=\"destruction mairie\" alt=\"destruction de l&#039;ancienne mairie en 1970\" loading=\"lazy\" \/>\t\t\t\t\t\t\t\t\t\t\t\t\t\t\t<\/div>\n\t\t\t\t<\/div>\n\t\t\t\t<div class=\"elementor-element elementor-element-d32eb35 exad-sticky-section-no exad-glass-effect-no elementor-widget elementor-widget-text-editor\" data-id=\"d32eb35\" data-element_type=\"widget\" data-e-type=\"widget\" data-widget_type=\"text-editor.default\">\n\t\t\t\t<div class=\"elementor-widget-container\">\n\t\t\t\t\t\t\t\t\t<p>Destruction de l&rsquo;ancienne mairie en 1970<\/p>\t\t\t\t\t\t\t\t<\/div>\n\t\t\t\t<\/div>\n\t\t\t\t<\/div>\n\t\t<div class=\"elementor-element elementor-element-6816544 e-con-full e-flex wpr-particle-no wpr-jarallax-no wpr-parallax-no wpr-sticky-section-no wpr-equal-height-no e-con e-child\" data-id=\"6816544\" data-element_type=\"container\" data-e-type=\"container\" data-settings=\"{&quot;_ha_eqh_enable&quot;:false}\">\n\t\t\t\t<div class=\"elementor-element elementor-element-f9785ec exad-sticky-section-no exad-glass-effect-no elementor-widget elementor-widget-text-editor\" data-id=\"f9785ec\" data-element_type=\"widget\" data-e-type=\"widget\" data-widget_type=\"text-editor.default\">\n\t\t\t\t<div class=\"elementor-widget-container\">\n\t\t\t\t\t\t\t\t\t<p>Saint Georges sur Loire va conna\u00eetre en une d\u00e9cennie un d\u00e9veloppement sans commune mesure. Suivant la dynamique nationale, la commune qui avait peu \u00e9volu\u00e9 depuis le d\u00e9but du XX\u00e8me, va se moderniser avec la construction de nouveaux \u00e9quipements n\u00e9cessaires \u00e0 son expansion. De village rural en 1970, elle va devenir une petite ville \u00e0 l\u2019entr\u00e9e des ann\u00e9es 80. En 1970, seules 950 personnes sur les 2001 habitants vivent dans le bourg\u00a0: ce chiffre va plus que doubler en dix ans. De nombreux emm\u00e9nagements ont lieu. En 1980, la commune affiche 2854 habitants. Les saint-georgeois \u00ab\u00a0de souche\u00a0\u00bb ne repr\u00e9sentent plus qu\u2019une moiti\u00e9 de la population. C\u2019est un changement important dans la vie du village.<\/p><p>La commune s\u2019urbanise. L\u2019agriculture a toujours une place importante mais le nombre d\u2019exploitations passe de 110, en 1970, \u00e0 93 en 1980. Dans le m\u00eame temps, le nombre de professionnels et de soci\u00e9t\u00e9s augmentent de 48% passant de 81 \u00e0 120. La modernisation des techniques agricoles a transform\u00e9 en profondeur les exploitations qui n\u2019emploient presque plus de main-d\u2019\u0153uvre, l\u00e0 o\u00f9 dix ans plus t\u00f4t elles \u00e9taient le premier employeur de la commune. Des entreprises industrielles et artisanales ont pris le relais et sont d\u00e9sormais, cr\u00e9atrices d\u2019emplois. Saint Georges sur Loire, chef-lieu de canton, dont la vie \u00e9conomique \u00e9tait principalement li\u00e9e \u00e0 l\u2019agriculture, devient un p\u00f4le commercial avec notamment son march\u00e9. Si la zone industrielle d\u2019Arrou\u00ebt s\u2019est d\u00e9velopp\u00e9e modestement, de nombreux commerces se sont install\u00e9s\u00a0: coiffeurs, marchand et r\u00e9parateur de radio et t\u00e9l\u00e9vision, photographe, pl\u00e2triers, peintres, fleuristes, garagiste, taxi-ambulance, marchand et r\u00e9parateur de cycles, atelier de s\u00e9rigraphie, restaurant mais \u00e9galement deux banques. En novembre 1979, le centre commercial ouvre place Jumilly.<\/p><p>L\u2019acc\u00e8s aux soins est facilit\u00e9 avec l\u2019installation d\u2019un dentiste, d\u2019un kin\u00e9sith\u00e9rapeute et l\u2019ouverture d\u2019une maison m\u00e9dicale avec trois m\u00e9decins. Le centre de myopathie \u00ab La For\u00eat \u00bb est aussi act\u00e9 le 14 septembre 1974, la construction commence en 1978.<\/p><p>La construction de logements est importante avec 264 permis de construire d\u00e9livr\u00e9s en 10 ans\u00a0; \u00e0 titre de comparaison, il n\u2019y en avait eu que 51 entre 1935 et 1967 et 37 entre 1968 et 1970. Quatre lotissements sont achev\u00e9s en dix ans. Le lotissement de La Salle est achev\u00e9 en 1970 avec 12 maisons et l\u2019immeuble collectif de 14 logements, suivi par la construction d\u2019une deuxi\u00e8me tranche de 4 logements en 1973. Le lotissement des Fontaines et ses 58 logements sont livr\u00e9s entre 1973 et 1978. Enfin, c\u2019est le lotissement de Nisvelle qui sort de terre avec deux tranches de 75 et 69 logements respectivement en 1978 et 1979.<\/p>\t\t\t\t\t\t\t\t<\/div>\n\t\t\t\t<\/div>\n\t\t\t\t<\/div>\n\t\t\t\t<\/div>\n\t\t<div class=\"elementor-element elementor-element-7bd0859 e-con-full e-flex wpr-particle-no wpr-jarallax-no wpr-parallax-no wpr-sticky-section-no wpr-equal-height-no e-con e-parent\" data-id=\"7bd0859\" data-element_type=\"container\" data-e-type=\"container\" data-settings=\"{&quot;_ha_eqh_enable&quot;:false}\">\n\t\t<div class=\"elementor-element elementor-element-3161393 e-con-full e-flex wpr-particle-no wpr-jarallax-no wpr-parallax-no wpr-sticky-section-no wpr-equal-height-no e-con e-child\" data-id=\"3161393\" data-element_type=\"container\" data-e-type=\"container\" data-settings=\"{&quot;_ha_eqh_enable&quot;:false}\">\n\t\t\t\t<div class=\"elementor-element elementor-element-787318d elementor-widget__width-initial exad-sticky-section-no exad-glass-effect-no elementor-widget elementor-widget-text-editor\" data-id=\"787318d\" data-element_type=\"widget\" data-e-type=\"widget\" data-widget_type=\"text-editor.default\">\n\t\t\t\t<div class=\"elementor-widget-container\">\n\t\t\t\t\t\t\t\t\t<p>L\u2019arriv\u00e9e de nouveaux habitants s\u2019accompagne de nouveaux besoins et de nouvelles attentes. La commune entreprend de grands travaux sur les \u00e9quipements collectifs. En 1970, le t\u00e9l\u00e9phone ne comporte que 127 num\u00e9ros et deux cabines t\u00e9l\u00e9phoniques : en 1980, le service a 312 abonn\u00e9s et 6 autres cabines ont \u00e9t\u00e9 install\u00e9s. L\u2019\u00e9clairage public est \u00e9tendu \u00e0 tout le bourg en 1974 ; avant 1970, seule la rue nationale est \u00e9clair\u00e9e. On installe des feux de signalisation au croisement de la rue de Chalonnes et de la rue Nationale.<\/p><p>De grands travaux sont entrepris\u00a0: la mairie est d\u00e9plac\u00e9e dans <span style=\"text-decoration: underline;\"><a href=\"https:\/\/saint-georges-sur-loire-patrimoine.fr\/index.php\/2024\/05\/27\/labbaye\/\">l\u2019ancienne abbaye<\/a><\/span> le 13 mars 1970. L\u2019ancien b\u00e2timent, aile nord de l\u2019abbaye datant du XVIII\u00e8me est d\u00e9truit dans la foul\u00e9e. C\u2019est le d\u00e9but d\u2019un vaste chantier de r\u00e9novation de l\u2019abbaye : restauration des caveaux en 1971. <span style=\"text-decoration: underline;\"><a href=\"https:\/\/saint-georges-sur-loire-patrimoine.fr\/index.php\/2024\/05\/23\/leglise\/\">L\u2019\u00e9glise<\/a><\/span> fait aussi l\u2019objet de travaux de r\u00e9novation en 1978 ainsi que la Perception. Les constructions s\u2019encha\u00eenent. En 1972, c\u2019est l\u2019\u00e9cole Lully et la cantine, en 1973, le coll\u00e8ge, en 1976, le centre de secours et le service de M\u00e9decine, en 1978, le gymnase (salle Europe), le deuxi\u00e8me terrain de foot et le logement de fonction, en 1979, l\u2019\u00e9cole Maternelle Pr\u00e9vert.<\/p><p>Alors qu\u2019en 1970, l\u2019\u00e9cole publique ne compte que trois classes v\u00e9tustes avec 76 \u00e9l\u00e8ves et 180 coll\u00e9giens h\u00e9berg\u00e9s dans des b\u00e2timents provisoires dans la zone industrielle, ce sont des b\u00e2timents neufs qui accueillent les enfants en 1980. L\u2019\u00e9cole Lully compte cinq classes et 139 \u00e9l\u00e8ves, l\u2019\u00e9cole Maternelle Pr\u00e9vert, accueille 85 \u00e9l\u00e8ves r\u00e9partis dans trois classes. Quand au CES Jean Racine, il re\u00e7oit 415 coll\u00e9giens. Les deux \u00e9coles priv\u00e9es ont aussi r\u00e9nov\u00e9 leurs locaux et conservent environ 300 \u00e9l\u00e8ves.<\/p><p>La remise en \u00e9tat des routes et des chemins est n\u00e9cessaire avec l\u2019augmentation du trafic et en particulier celui des poids lourds. La r\u00e9fection de l\u2019enrob\u00e9 de la route nationale est r\u00e9alis\u00e9e en 1977 et 1978. \u00a0Les places sont r\u00e9am\u00e9nag\u00e9es : l\u2019abbaye et Jumilly en 1971, la place du 19 mars 1962 devant le coll\u00e8ge. Des parkings sont cr\u00e9\u00e9s dans le bourg. Les trottoirs sont construits. Les abords de <span style=\"text-decoration: underline;\"><a href=\"https:\/\/saint-georges-sur-loire-patrimoine.fr\/index.php\/2024\/05\/24\/letang-darrouet\/\">l\u2019\u00e9tang d\u2019Arrou\u00ebt<\/a><\/span> et des \u00e9tangs de la Salle sont am\u00e9nag\u00e9s.<\/p><p>Les besoins en eau potable ont consid\u00e9rablement augment\u00e9, le nombre d\u2019abonn\u00e9s passant de 492 en 1970 \u00e0 890 en 1979. Le volume consomm\u00e9 est multipli\u00e9 par 6. Pour faire face aux besoins, les canalisations ont d\u00fb \u00eatre doubl\u00e9es. La station d\u2019origine est \u00e9quip\u00e9e de nouvelles pompes et une nouvelle station est construite. Le r\u00e9seau d\u2019assainissement est \u00e9tendu \u00e0 tout le bourg et une station d\u2019\u00e9puration est construite en 1971. L\u2019installation est compl\u00e9t\u00e9e d\u2019une station de relevage en 1976 et d\u2019une station de lagunage en 1979.<\/p>\t\t\t\t\t\t\t\t<\/div>\n\t\t\t\t<\/div>\n\t\t\t\t<\/div>\n\t\t<div class=\"elementor-element elementor-element-4e5b22b e-con-full e-flex wpr-particle-no wpr-jarallax-no wpr-parallax-no wpr-sticky-section-no wpr-equal-height-no e-con e-child\" data-id=\"4e5b22b\" data-element_type=\"container\" data-e-type=\"container\" data-settings=\"{&quot;_ha_eqh_enable&quot;:false}\">\n\t\t<div class=\"elementor-element elementor-element-643e2d4 e-flex e-con-boxed wpr-particle-no wpr-jarallax-no wpr-parallax-no wpr-sticky-section-no wpr-equal-height-no e-con e-child\" data-id=\"643e2d4\" data-element_type=\"container\" data-e-type=\"container\" data-settings=\"{&quot;_ha_eqh_enable&quot;:false}\">\n\t\t\t\t\t<div class=\"e-con-inner\">\n\t\t\t\t<div class=\"elementor-element elementor-element-3f3561c elementor-widget__width-initial elementor-widget-mobile__width-initial elementor-widget-tablet__width-initial exad-sticky-section-no exad-glass-effect-no elementor-widget elementor-widget-image\" data-id=\"3f3561c\" data-element_type=\"widget\" data-e-type=\"widget\" data-widget_type=\"image.default\">\n\t\t\t\t<div class=\"elementor-widget-container\">\n\t\t\t\t\t\t\t\t\t\t\t\t\t\t\t<img decoding=\"async\" src=\"https:\/\/saint-georges-sur-loire-patrimoine.fr\/wp-content\/uploads\/2025\/02\/ecole-prevert-scaled.jpg\" title=\"ecole prevert\" alt=\"ecole prevert\" loading=\"lazy\" \/>\t\t\t\t\t\t\t\t\t\t\t\t\t\t\t<\/div>\n\t\t\t\t<\/div>\n\t\t\t\t<div class=\"elementor-element elementor-element-70bc808 exad-sticky-section-no exad-glass-effect-no elementor-widget elementor-widget-text-editor\" data-id=\"70bc808\" data-element_type=\"widget\" data-e-type=\"widget\" data-widget_type=\"text-editor.default\">\n\t\t\t\t<div class=\"elementor-widget-container\">\n\t\t\t\t\t\t\t\t\t<p>L&rsquo;\u00e9cole Jacques Pr\u00e9vert \u00e0 son ouverture \u00e0 la fin des ann\u00e9es 1970<\/p>\t\t\t\t\t\t\t\t<\/div>\n\t\t\t\t<\/div>\n\t\t\t\t<div class=\"elementor-element elementor-element-2a9c249 elementor-widget__width-initial elementor-widget-mobile__width-initial elementor-widget-tablet__width-initial exad-sticky-section-no exad-glass-effect-no elementor-widget elementor-widget-image\" data-id=\"2a9c249\" data-element_type=\"widget\" data-e-type=\"widget\" data-widget_type=\"image.default\">\n\t\t\t\t<div class=\"elementor-widget-container\">\n\t\t\t\t\t\t\t\t\t\t\t\t\t\t\t<img decoding=\"async\" src=\"https:\/\/saint-georges-sur-loire-patrimoine.fr\/wp-content\/uploads\/2025\/02\/Carrefour-annees-70.jpg\" title=\"Carrefour ann\u00e9es 70\" alt=\"carrefour central dans les ann\u00e9es 1970\" loading=\"lazy\" \/>\t\t\t\t\t\t\t\t\t\t\t\t\t\t\t<\/div>\n\t\t\t\t<\/div>\n\t\t\t\t<div class=\"elementor-element elementor-element-37628e3 exad-sticky-section-no exad-glass-effect-no elementor-widget elementor-widget-text-editor\" data-id=\"37628e3\" data-element_type=\"widget\" data-e-type=\"widget\" data-widget_type=\"text-editor.default\">\n\t\t\t\t<div class=\"elementor-widget-container\">\n\t\t\t\t\t\t\t\t\t<p>Le feu du carrefour central est install\u00e9 mais l&rsquo;enrob\u00e9 n&rsquo;est pas encore r\u00e9alis\u00e9<\/p>\t\t\t\t\t\t\t\t<\/div>\n\t\t\t\t<\/div>\n\t\t\t\t\t<\/div>\n\t\t\t\t<\/div>\n\t\t\t\t<\/div>\n\t\t\t\t<\/div>\n\t\t<div class=\"elementor-element elementor-element-5d274e9 e-con-full e-flex wpr-particle-no wpr-jarallax-no wpr-parallax-no wpr-sticky-section-no wpr-equal-height-no e-con e-parent\" data-id=\"5d274e9\" data-element_type=\"container\" data-e-type=\"container\" data-settings=\"{&quot;_ha_eqh_enable&quot;:false}\">\n\t\t<div class=\"elementor-element elementor-element-64cf0f6 e-con-full e-flex wpr-particle-no wpr-jarallax-no wpr-parallax-no wpr-sticky-section-no wpr-equal-height-no e-con e-child\" data-id=\"64cf0f6\" data-element_type=\"container\" data-e-type=\"container\" data-settings=\"{&quot;_ha_eqh_enable&quot;:false}\">\n\t\t\t\t<div class=\"elementor-element elementor-element-5e001cf elementor-widget__width-initial elementor-widget-tablet__width-initial elementor-widget-mobile__width-initial exad-sticky-section-no exad-glass-effect-no elementor-widget elementor-widget-image\" data-id=\"5e001cf\" data-element_type=\"widget\" data-e-type=\"widget\" data-widget_type=\"image.default\">\n\t\t\t\t<div class=\"elementor-widget-container\">\n\t\t\t\t\t\t\t\t\t\t\t\t\t\t\t<img decoding=\"async\" src=\"https:\/\/saint-georges-sur-loire-patrimoine.fr\/wp-content\/uploads\/2025\/02\/college-et-gymnase-scaled.jpg\" title=\"college et gymnase\" alt=\"college et gymnase\" loading=\"lazy\" \/>\t\t\t\t\t\t\t\t\t\t\t\t\t\t\t<\/div>\n\t\t\t\t<\/div>\n\t\t\t\t<div class=\"elementor-element elementor-element-9054adc exad-sticky-section-no exad-glass-effect-no elementor-widget elementor-widget-text-editor\" data-id=\"9054adc\" data-element_type=\"widget\" data-e-type=\"widget\" data-widget_type=\"text-editor.default\">\n\t\t\t\t<div class=\"elementor-widget-container\">\n\t\t\t\t\t\t\t\t\t<p>Le coll\u00e8ge et la salle de sport dans les ann\u00e9es 1970<\/p>\t\t\t\t\t\t\t\t<\/div>\n\t\t\t\t<\/div>\n\t\t\t\t<\/div>\n\t\t<div class=\"elementor-element elementor-element-e48565f e-con-full e-flex wpr-particle-no wpr-jarallax-no wpr-parallax-no wpr-sticky-section-no wpr-equal-height-no e-con e-child\" data-id=\"e48565f\" data-element_type=\"container\" data-e-type=\"container\" data-settings=\"{&quot;_ha_eqh_enable&quot;:false}\">\n\t\t\t\t<div class=\"elementor-element elementor-element-0714a94 elementor-widget__width-initial exad-sticky-section-no exad-glass-effect-no elementor-widget elementor-widget-text-editor\" data-id=\"0714a94\" data-element_type=\"widget\" data-e-type=\"widget\" data-widget_type=\"text-editor.default\">\n\t\t\t\t<div class=\"elementor-widget-container\">\n\t\t\t\t\t\t\t\t\t<p>Durant cette d\u00e9cennie, de nombreuses activit\u00e9s se d\u00e9veloppent sur la commune : le football et le basket prennent leur essor passant respectivement de 5 \u00e0 12 et 4 \u00e0 7 \u00e9quipes entre 1970 et 1980.D\u2019autres disciplines s\u2019ajoutent : le tennis, le judo, le volley-ball, la gymnastique. La natation est pratiqu\u00e9e par les \u00e9coliers et le foyer des Jeunes propose du Cano\u00eb Kayak. Le club de l\u2019amiti\u00e9 est cr\u00e9\u00e9 en 1974 et organise les premi\u00e8res sorties. Les associations proposent des rendez-vous culturels : expositions, conf\u00e9rence, concerts dont la venue de l\u2019orchestre des Pays de la Loire dans l\u2019\u00e9glise en 1971 ou encore du groupe breton, Tri Yann, sur les terrains du camping en 1976. L\u2019exposition \u00ab La vierge dans l\u2019art angevin \u00bb, organis\u00e9e dans la salle capitulaire accueille 5 000 visiteurs ainsi que monsieur le pr\u00e9fet. En ao\u00fbt 1976 ; <span style=\"text-decoration: underline;\"><a href=\"https:\/\/saint-georges-sur-loire-patrimoine.fr\/index.php\/2024\/05\/29\/stani-nitkowski\/\">Stani Nitkowski<\/a><\/span> expose dans les caveaux et fait dont d\u2019un <span style=\"text-decoration: underline;\"><a href=\"https:\/\/saint-georges-sur-loire-patrimoine.fr\/index.php\/2024\/06\/06\/le-chemin-de-croix\/\">chemin de croix<\/a><\/span> \u00e0 l\u2019\u00e9glise de Saint Georges.<\/p><p>Le conseil municipal men\u00e9 par son maire, Bernard Guitton, va conduire ces projets au pas de course. Bien s\u00fbr, les co\u00fbts sont tr\u00e8s importants. A titre d\u2019exemple, l\u2019assainissement aura co\u00fbt\u00e9 plus de 1 200 000 francs en dix ans. Le budget de fonctionnement de la commune passe de 703 050 francs en 1970 \u00e0 pr\u00e8s de 2 842 000 francs en 1979. Si l\u2019accroissement de la population apporte de nouvelles recettes, elles ne suffisent pas \u00e0 couvrir les d\u00e9penses. L\u2019imp\u00f4t par habitant qui regroupe taxe d\u2019habitation et taxe fonci\u00e8re, est multipli\u00e9 par 3 en dix ans. Les recettes des imp\u00f4ts locaux sont ainsi multipli\u00e9es par quatre entre 1970 et 1979.<\/p>\t\t\t\t\t\t\t\t<\/div>\n\t\t\t\t<\/div>\n\t\t\t\t<div class=\"elementor-element elementor-element-936aa79 elementor-widget__width-initial elementor-widget-mobile__width-initial elementor-widget-tablet__width-initial exad-sticky-section-no exad-glass-effect-no elementor-widget elementor-widget-image\" data-id=\"936aa79\" data-element_type=\"widget\" data-e-type=\"widget\" data-widget_type=\"image.default\">\n\t\t\t\t<div class=\"elementor-widget-container\">\n\t\t\t\t\t\t\t\t\t\t\t\t\t\t\t<img decoding=\"async\" src=\"https:\/\/saint-georges-sur-loire-patrimoine.fr\/wp-content\/uploads\/2025\/02\/impots-dans-les-annees-70-scaled.jpg\" title=\"impots dans les ann\u00e9es 70\" alt=\"impots dans les ann\u00e9es 70\" loading=\"lazy\" \/>\t\t\t\t\t\t\t\t\t\t\t\t\t\t\t<\/div>\n\t\t\t\t<\/div>\n\t\t\t\t<\/div>\n\t\t\t\t<\/div>\n\t\t<div class=\"elementor-element elementor-element-edaf989 e-con-full e-flex wpr-particle-no wpr-jarallax-no wpr-parallax-no wpr-sticky-section-no wpr-equal-height-no e-con e-parent\" data-id=\"edaf989\" data-element_type=\"container\" data-e-type=\"container\" data-settings=\"{&quot;_ha_eqh_enable&quot;:false}\">\n\t\t<div class=\"elementor-element elementor-element-86b626d e-con-full e-flex wpr-particle-no wpr-jarallax-no wpr-parallax-no wpr-sticky-section-no wpr-equal-height-no e-con e-child\" data-id=\"86b626d\" data-element_type=\"container\" data-e-type=\"container\" data-settings=\"{&quot;_ha_eqh_enable&quot;:false}\">\n\t\t\t\t<div class=\"elementor-element elementor-element-38737e8 elementor-widget__width-initial exad-sticky-section-no exad-glass-effect-no elementor-widget elementor-widget-text-editor\" data-id=\"38737e8\" data-element_type=\"widget\" data-e-type=\"widget\" data-widget_type=\"text-editor.default\">\n\t\t\t\t<div class=\"elementor-widget-container\">\n\t\t\t\t\t\t\t\t\t<p>En 1980, Bernard Guitton conclut un bulletin municipal qui a \u00e9t\u00e9 mis en place en 1977. C\u2019est un num\u00e9ro sp\u00e9cial, d\u00e9di\u00e9 \u00e0 la d\u00e9cennie pass\u00e9e. Voil\u00e0 les propos empreint de nostalgie de celui qui sera \u00e0 la t\u00eate de la commune pendant plus de vingt ans, de 1967 \u00e0 1989\u00a0:<\/p><p>\u00ab\u00a0<em>Il y a dix ans encore la Commune \u00e9tait constitu\u00e9e de deux grands familles : celle de la Campagne et celle de la Ville(\u2026) Il s\u2019y substitue maintenant de nouvelles cat\u00e9gories : (\u2026) les commer\u00e7ants, les artisans, les agriculteurs, les jeunes, les anciens, les sportifs (\u2026) Les uns et les autres, limit\u00e9s dans leurs objectifs ne m\u00e8nent pas toujours une action convergente (\u2026) L\u2019\u00e9mulation entre eux, voire m\u00eame la rivalit\u00e9 (\u2026) am\u00e8ne parfois \u00e0 faire oublier les limites, les moyens et l\u2019\u00e9chelle de notre Commune. C\u2019est tout cet ensemble qui par-del\u00e0 les hommes et les femmes, constitue aujourd\u2019hui notre collectivit\u00e9. (\u2026) 1970-1980 dix ann\u00e9es d\u2019\u00e9volution irr\u00e9versible qui feront que Saint Georges sur Loire ne sera jamais plus comme avant. C\u2019est le fait marquant de cette d\u00e9cennie et c\u2019est en fin de compte le seul.\u00a0<\/em>\u00bb<\/p><p>Sources\u00a0:<\/p><p>Bulletin municipal de Saint Georges sur Loire n\u00b012, avril 1980<\/p>\t\t\t\t\t\t\t\t<\/div>\n\t\t\t\t<\/div>\n\t\t\t\t<\/div>\n\t\t<div class=\"elementor-element elementor-element-1e5b697 e-con-full e-flex wpr-particle-no wpr-jarallax-no wpr-parallax-no wpr-sticky-section-no wpr-equal-height-no e-con e-child\" data-id=\"1e5b697\" data-element_type=\"container\" data-e-type=\"container\" data-settings=\"{&quot;_ha_eqh_enable&quot;:false}\">\n\t\t\t\t<div class=\"elementor-element elementor-element-52d1cd9 elementor-widget__width-initial elementor-widget-tablet__width-initial exad-sticky-section-no exad-glass-effect-no elementor-widget elementor-widget-image\" data-id=\"52d1cd9\" data-element_type=\"widget\" data-e-type=\"widget\" data-widget_type=\"image.default\">\n\t\t\t\t<div class=\"elementor-widget-container\">\n\t\t\t\t\t\t\t\t\t\t\t\t\t\t\t<img decoding=\"async\" src=\"https:\/\/saint-georges-sur-loire-patrimoine.fr\/wp-content\/uploads\/2025\/02\/guitton.jpg\" title=\"guitton\" alt=\"guitton\" loading=\"lazy\" \/>\t\t\t\t\t\t\t\t\t\t\t\t\t\t\t<\/div>\n\t\t\t\t<\/div>\n\t\t\t\t<div class=\"elementor-element elementor-element-c43ff14 exad-sticky-section-no exad-glass-effect-no elementor-widget elementor-widget-text-editor\" data-id=\"c43ff14\" data-element_type=\"widget\" data-e-type=\"widget\" data-widget_type=\"text-editor.default\">\n\t\t\t\t<div class=\"elementor-widget-container\">\n\t\t\t\t\t\t\t\t\t<p>Bernard Guitton<\/p><p>Maire de Saint Georges sur Loire de 1967 \u00e0 1989<\/p>\t\t\t\t\t\t\t\t<\/div>\n\t\t\t\t<\/div>\n\t\t\t\t<\/div>\n\t\t\t\t<\/div>\n\t\t<div class=\"elementor-element elementor-element-3431ea4 e-flex e-con-boxed wpr-particle-no wpr-jarallax-no wpr-parallax-no wpr-sticky-section-no wpr-equal-height-no e-con e-parent\" data-id=\"3431ea4\" data-element_type=\"container\" data-e-type=\"container\" data-settings=\"{&quot;_ha_eqh_enable&quot;:false}\">\n\t\t\t\t\t<div class=\"e-con-inner\">\n\t\t\t\t<div class=\"elementor-element elementor-element-d024a3c exad-sticky-section-no exad-glass-effect-no elementor-widget elementor-widget-spacer\" data-id=\"d024a3c\" data-element_type=\"widget\" data-e-type=\"widget\" data-widget_type=\"spacer.default\">\n\t\t\t\t<div class=\"elementor-widget-container\">\n\t\t\t\t\t\t\t<div class=\"elementor-spacer\">\n\t\t\t<div class=\"elementor-spacer-inner\"><\/div>\n\t\t<\/div>\n\t\t\t\t\t\t<\/div>\n\t\t\t\t<\/div>\n\t\t\t\t\t<\/div>\n\t\t\t\t<\/div>\n\t\t\t\t<\/div>\n\t\t","protected":false},"excerpt":{"rendered":"<p>De grands travaux 1970-1980 Vue a\u00e9rienne du lotissement de la Salle dans les ann\u00e9es 1970 Destruction de l&rsquo;ancienne mairie en 1970 Saint Georges sur Loire va conna\u00eetre en une d\u00e9cennie un d\u00e9veloppement sans commune mesure. Suivant la dynamique nationale, la commune qui avait peu \u00e9volu\u00e9 depuis le d\u00e9but du XX\u00e8me, va se moderniser avec la construction de nouveaux \u00e9quipements n\u00e9cessaires \u00e0 son expansion. De village rural en 1970, elle va devenir une petite ville \u00e0 l\u2019entr\u00e9e des ann\u00e9es 80. En 1970, seules 950 personnes sur les 2001 habitants vivent dans le bourg\u00a0: ce chiffre va plus que doubler en dix ans. De nombreux emm\u00e9nagements ont lieu. En 1980, la commune affiche 2854 habitants. Les saint-georgeois \u00ab\u00a0de souche\u00a0\u00bb ne repr\u00e9sentent plus qu\u2019une moiti\u00e9 de la population. C\u2019est un changement important dans la vie du village. La commune s\u2019urbanise. L\u2019agriculture a toujours une place importante mais le nombre d\u2019exploitations passe de 110, en 1970, \u00e0 93 en 1980. Dans le m\u00eame temps, le nombre de professionnels et de soci\u00e9t\u00e9s augmentent de 48% passant de 81 \u00e0 120. La modernisation des techniques agricoles a transform\u00e9 en profondeur les exploitations qui n\u2019emploient presque plus de main-d\u2019\u0153uvre, l\u00e0 o\u00f9 dix ans plus t\u00f4t elles \u00e9taient le premier employeur de la commune. Des entreprises industrielles et artisanales ont pris le relais et sont d\u00e9sormais, cr\u00e9atrices d\u2019emplois. Saint Georges sur Loire, chef-lieu de canton, dont la vie \u00e9conomique \u00e9tait principalement li\u00e9e \u00e0 l\u2019agriculture, devient un p\u00f4le commercial avec notamment son march\u00e9. Si la zone industrielle d\u2019Arrou\u00ebt s\u2019est d\u00e9velopp\u00e9e modestement, de nombreux commerces se sont install\u00e9s\u00a0: coiffeurs, marchand et r\u00e9parateur de radio et t\u00e9l\u00e9vision, photographe, pl\u00e2triers, peintres, fleuristes, garagiste, taxi-ambulance, marchand et r\u00e9parateur de cycles, atelier de s\u00e9rigraphie, restaurant mais \u00e9galement deux banques. En novembre 1979, le centre commercial ouvre place Jumilly. L\u2019acc\u00e8s aux soins est facilit\u00e9 avec l\u2019installation d\u2019un dentiste, d\u2019un kin\u00e9sith\u00e9rapeute et l\u2019ouverture d\u2019une maison m\u00e9dicale avec trois m\u00e9decins. Le centre de myopathie \u00ab La For\u00eat \u00bb est aussi act\u00e9 le 14 septembre 1974, la construction commence en 1978. La construction de logements est importante avec 264 permis de construire d\u00e9livr\u00e9s en 10 ans\u00a0; \u00e0 titre de comparaison, il n\u2019y en avait eu que 51 entre 1935 et 1967 et 37 entre 1968 et 1970. Quatre lotissements sont achev\u00e9s en dix ans. Le lotissement de La Salle est achev\u00e9 en 1970 avec 12 maisons et l\u2019immeuble collectif de 14 logements, suivi par la construction d\u2019une deuxi\u00e8me tranche de 4 logements en 1973. Le lotissement des Fontaines et ses 58 logements sont livr\u00e9s entre 1973 et 1978. Enfin, c\u2019est le lotissement de Nisvelle qui sort de terre avec deux tranches de 75 et 69 logements respectivement en 1978 et 1979. L\u2019arriv\u00e9e de nouveaux habitants s\u2019accompagne de nouveaux besoins et de nouvelles attentes. La commune entreprend de grands travaux sur les \u00e9quipements collectifs. En 1970, le t\u00e9l\u00e9phone ne comporte que 127 num\u00e9ros et deux cabines t\u00e9l\u00e9phoniques : en 1980, le service a 312 abonn\u00e9s et 6 autres cabines ont \u00e9t\u00e9 install\u00e9s. L\u2019\u00e9clairage public est \u00e9tendu \u00e0 tout le bourg en 1974 ; avant 1970, seule la rue nationale est \u00e9clair\u00e9e. On installe des feux de signalisation au croisement de la rue de Chalonnes et de la rue Nationale. De grands travaux sont entrepris\u00a0: la mairie est d\u00e9plac\u00e9e dans l\u2019ancienne abbaye le 13 mars 1970. L\u2019ancien b\u00e2timent, aile nord de l\u2019abbaye datant du XVIII\u00e8me est d\u00e9truit dans la foul\u00e9e. C\u2019est le d\u00e9but d\u2019un vaste chantier de r\u00e9novation de l\u2019abbaye : restauration des caveaux en 1971. L\u2019\u00e9glise fait aussi l\u2019objet de travaux de r\u00e9novation en 1978 ainsi que la Perception. Les constructions s\u2019encha\u00eenent. En 1972, c\u2019est l\u2019\u00e9cole Lully et la cantine, en 1973, le coll\u00e8ge, en 1976, le centre de secours et le service de M\u00e9decine, en 1978, le gymnase (salle Europe), le deuxi\u00e8me terrain de foot et le logement de fonction, en 1979, l\u2019\u00e9cole Maternelle Pr\u00e9vert. Alors qu\u2019en 1970, l\u2019\u00e9cole publique ne compte que trois classes v\u00e9tustes avec 76 \u00e9l\u00e8ves et 180 coll\u00e9giens h\u00e9berg\u00e9s dans des b\u00e2timents provisoires dans la zone industrielle, ce sont des b\u00e2timents neufs qui accueillent les enfants en 1980. L\u2019\u00e9cole Lully compte cinq classes et 139 \u00e9l\u00e8ves, l\u2019\u00e9cole Maternelle Pr\u00e9vert, accueille 85 \u00e9l\u00e8ves r\u00e9partis dans trois classes. Quand au CES Jean Racine, il re\u00e7oit 415 coll\u00e9giens. Les deux \u00e9coles priv\u00e9es ont aussi r\u00e9nov\u00e9 leurs locaux et conservent environ 300 \u00e9l\u00e8ves. La remise en \u00e9tat des routes et des chemins est n\u00e9cessaire avec l\u2019augmentation du trafic et en particulier celui des poids lourds. La r\u00e9fection de l\u2019enrob\u00e9 de la route nationale est r\u00e9alis\u00e9e en 1977 et 1978. \u00a0Les places sont r\u00e9am\u00e9nag\u00e9es : l\u2019abbaye et Jumilly en 1971, la place du 19 mars 1962 devant le coll\u00e8ge. Des parkings sont cr\u00e9\u00e9s dans le bourg. Les trottoirs sont construits. Les abords de l\u2019\u00e9tang d\u2019Arrou\u00ebt et des \u00e9tangs de la Salle sont am\u00e9nag\u00e9s. Les besoins en eau potable ont consid\u00e9rablement augment\u00e9, le nombre d\u2019abonn\u00e9s passant de 492 en 1970 \u00e0 890 en 1979. Le volume consomm\u00e9 est multipli\u00e9 par 6. Pour faire face aux besoins, les canalisations ont d\u00fb \u00eatre doubl\u00e9es. La station d\u2019origine est \u00e9quip\u00e9e de nouvelles pompes et une nouvelle station est construite. Le r\u00e9seau d\u2019assainissement est \u00e9tendu \u00e0 tout le bourg et une station d\u2019\u00e9puration est construite en 1971. L\u2019installation est compl\u00e9t\u00e9e d\u2019une station de relevage en 1976 et d\u2019une station de lagunage en 1979. L&rsquo;\u00e9cole Jacques Pr\u00e9vert \u00e0 son ouverture \u00e0 la fin des ann\u00e9es 1970 Le feu du carrefour central est install\u00e9 mais l&rsquo;enrob\u00e9 n&rsquo;est pas encore r\u00e9alis\u00e9 Le coll\u00e8ge et la salle de sport dans les ann\u00e9es 1970 Durant cette d\u00e9cennie, de nombreuses activit\u00e9s se d\u00e9veloppent sur la commune : le football et le basket prennent leur essor passant respectivement de 5 \u00e0 12 et 4 \u00e0 7 \u00e9quipes entre 1970 et 1980.D\u2019autres disciplines s\u2019ajoutent : le tennis, le judo, le volley-ball, la gymnastique. La natation est pratiqu\u00e9e par les \u00e9coliers et le foyer des Jeunes propose du Cano\u00eb Kayak. Le club de l\u2019amiti\u00e9 est cr\u00e9\u00e9 en 1974 et organise les premi\u00e8res sorties. Les associations proposent des rendez-vous culturels : expositions, conf\u00e9rence,<\/p>\n","protected":false},"author":1,"featured_media":0,"comment_status":"open","ping_status":"open","sticky":false,"template":"elementor_canvas","format":"standard","meta":{"_seopress_robots_primary_cat":"","_seopress_titles_title":"Les grands travaux des ann\u00e9es 70 - Saint Georges Patrimoine","_seopress_titles_desc":"Durant les ann\u00e9es 70, de nombreux logements et de nouveaux \u00e9quipements sont construits dans la modernisation du bourg.","_seopress_robots_index":"","_monsterinsights_skip_tracking":false,"_monsterinsights_sitenote_active":false,"_monsterinsights_sitenote_note":"","_monsterinsights_sitenote_category":0,"postBodyCss":"","postBodyMargin":[],"postBodyPadding":[],"postBodyBackground":{"backgroundType":"classic","gradient":""},"footnotes":""},"categories":[10],"tags":[],"class_list":["post-11190","post","type-post","status-publish","format-standard","hentry","category-article"],"_links":{"self":[{"href":"https:\/\/saint-georges-sur-loire-patrimoine.fr\/index.php\/wp-json\/wp\/v2\/posts\/11190","targetHints":{"allow":["GET"]}}],"collection":[{"href":"https:\/\/saint-georges-sur-loire-patrimoine.fr\/index.php\/wp-json\/wp\/v2\/posts"}],"about":[{"href":"https:\/\/saint-georges-sur-loire-patrimoine.fr\/index.php\/wp-json\/wp\/v2\/types\/post"}],"author":[{"embeddable":true,"href":"https:\/\/saint-georges-sur-loire-patrimoine.fr\/index.php\/wp-json\/wp\/v2\/users\/1"}],"replies":[{"embeddable":true,"href":"https:\/\/saint-georges-sur-loire-patrimoine.fr\/index.php\/wp-json\/wp\/v2\/comments?post=11190"}],"version-history":[{"count":29,"href":"https:\/\/saint-georges-sur-loire-patrimoine.fr\/index.php\/wp-json\/wp\/v2\/posts\/11190\/revisions"}],"predecessor-version":[{"id":11479,"href":"https:\/\/saint-georges-sur-loire-patrimoine.fr\/index.php\/wp-json\/wp\/v2\/posts\/11190\/revisions\/11479"}],"wp:attachment":[{"href":"https:\/\/saint-georges-sur-loire-patrimoine.fr\/index.php\/wp-json\/wp\/v2\/media?parent=11190"}],"wp:term":[{"taxonomy":"category","embeddable":true,"href":"https:\/\/saint-georges-sur-loire-patrimoine.fr\/index.php\/wp-json\/wp\/v2\/categories?post=11190"},{"taxonomy":"post_tag","embeddable":true,"href":"https:\/\/saint-georges-sur-loire-patrimoine.fr\/index.php\/wp-json\/wp\/v2\/tags?post=11190"}],"curies":[{"name":"wp","href":"https:\/\/api.w.org\/{rel}","templated":true}]}}