{"id":10448,"date":"2024-11-15T10:47:27","date_gmt":"2024-11-15T09:47:27","guid":{"rendered":"https:\/\/saint-georges-sur-loire-patrimoine.fr\/?p=10448"},"modified":"2024-11-22T15:37:03","modified_gmt":"2024-11-22T14:37:03","slug":"restauration-de-serrant","status":"publish","type":"post","link":"https:\/\/saint-georges-sur-loire-patrimoine.fr\/index.php\/2024\/11\/15\/restauration-de-serrant\/","title":{"rendered":"Restauration de Serrant"},"content":{"rendered":"\t\t<div data-elementor-type=\"wp-post\" data-elementor-id=\"10448\" class=\"elementor elementor-10448\" data-elementor-settings=\"{&quot;ha_cmc_init_switcher&quot;:&quot;no&quot;}\">\n\t\t\t\t<div class=\"elementor-element elementor-element-80c76fd e-flex e-con-boxed wpr-particle-no wpr-jarallax-no wpr-parallax-no wpr-sticky-section-no wpr-equal-height-no e-con e-parent\" data-id=\"80c76fd\" data-element_type=\"container\" data-e-type=\"container\" data-settings=\"{&quot;_ha_eqh_enable&quot;:false}\">\n\t\t\t\t\t<div class=\"e-con-inner\">\n\t\t\t\t<div class=\"elementor-element elementor-element-71782f5 exad-sticky-section-no exad-glass-effect-no elementor-widget elementor-widget-spacer\" data-id=\"71782f5\" data-element_type=\"widget\" data-e-type=\"widget\" data-widget_type=\"spacer.default\">\n\t\t\t\t<div class=\"elementor-widget-container\">\n\t\t\t\t\t\t\t<div class=\"elementor-spacer\">\n\t\t\t<div class=\"elementor-spacer-inner\"><\/div>\n\t\t<\/div>\n\t\t\t\t\t\t<\/div>\n\t\t\t\t<\/div>\n\t\t\t\t\t<\/div>\n\t\t\t\t<\/div>\n\t\t<div class=\"elementor-element elementor-element-67a16ce e-flex e-con-boxed wpr-particle-no wpr-jarallax-no wpr-parallax-no wpr-sticky-section-no wpr-equal-height-no e-con e-parent\" data-id=\"67a16ce\" data-element_type=\"container\" data-e-type=\"container\" data-settings=\"{&quot;background_background&quot;:&quot;gradient&quot;,&quot;_ha_eqh_enable&quot;:false}\">\n\t\t\t\t\t<div class=\"e-con-inner\">\n\t\t\t\t<div class=\"elementor-element elementor-element-9ca163f exad-sticky-section-no exad-glass-effect-no elementor-widget elementor-widget-spacer\" data-id=\"9ca163f\" data-element_type=\"widget\" data-e-type=\"widget\" data-widget_type=\"spacer.default\">\n\t\t\t\t<div class=\"elementor-widget-container\">\n\t\t\t\t\t\t\t<div class=\"elementor-spacer\">\n\t\t\t<div class=\"elementor-spacer-inner\"><\/div>\n\t\t<\/div>\n\t\t\t\t\t\t<\/div>\n\t\t\t\t<\/div>\n\t\t\t\t<div class=\"elementor-element elementor-element-875e89b exad-sticky-section-no exad-glass-effect-no elementor-widget elementor-widget-heading\" data-id=\"875e89b\" data-element_type=\"widget\" data-e-type=\"widget\" data-widget_type=\"heading.default\">\n\t\t\t\t<div class=\"elementor-widget-container\">\n\t\t\t\t\t<h1 class=\"elementor-heading-title elementor-size-default\">La restauration du ch\u00e2teau de Serrant \u00e0 la fin du XIX\u00e8me<\/h1>\t\t\t\t<\/div>\n\t\t\t\t<\/div>\n\t\t\t\t<div class=\"elementor-element elementor-element-7edfb58 exad-sticky-section-no exad-glass-effect-no elementor-widget elementor-widget-heading\" data-id=\"7edfb58\" data-element_type=\"widget\" data-e-type=\"widget\" data-widget_type=\"heading.default\">\n\t\t\t\t<div class=\"elementor-widget-container\">\n\t\t\t\t\t<h2 class=\"elementor-heading-title elementor-size-default\">1894-1898<\/h2>\t\t\t\t<\/div>\n\t\t\t\t<\/div>\n\t\t\t\t<div class=\"elementor-element elementor-element-60b6ea7 exad-sticky-section-no exad-glass-effect-no elementor-widget elementor-widget-spacer\" data-id=\"60b6ea7\" data-element_type=\"widget\" data-e-type=\"widget\" data-widget_type=\"spacer.default\">\n\t\t\t\t<div class=\"elementor-widget-container\">\n\t\t\t\t\t\t\t<div class=\"elementor-spacer\">\n\t\t\t<div class=\"elementor-spacer-inner\"><\/div>\n\t\t<\/div>\n\t\t\t\t\t\t<\/div>\n\t\t\t\t<\/div>\n\t\t\t\t\t<\/div>\n\t\t\t\t<\/div>\n\t\t<div class=\"elementor-element elementor-element-37a7211 e-flex e-con-boxed wpr-particle-no wpr-jarallax-no wpr-parallax-no wpr-sticky-section-no wpr-equal-height-no e-con e-parent\" data-id=\"37a7211\" data-element_type=\"container\" data-e-type=\"container\" data-settings=\"{&quot;_ha_eqh_enable&quot;:false}\">\n\t\t\t\t\t<div class=\"e-con-inner\">\n\t\t<div class=\"elementor-element elementor-element-e6dc08f e-con-full e-flex wpr-particle-no wpr-jarallax-no wpr-parallax-no wpr-sticky-section-no wpr-equal-height-no e-con e-child\" data-id=\"e6dc08f\" data-element_type=\"container\" data-e-type=\"container\" data-settings=\"{&quot;_ha_eqh_enable&quot;:false}\">\n\t\t\t\t<div class=\"elementor-element elementor-element-170fe17 elementor-widget__width-initial elementor-widget-tablet__width-initial exad-sticky-section-no exad-glass-effect-no elementor-widget elementor-widget-image\" data-id=\"170fe17\" data-element_type=\"widget\" data-e-type=\"widget\" data-widget_type=\"image.default\">\n\t\t\t\t<div class=\"elementor-widget-container\">\n\t\t\t\t\t\t\t\t\t\t\t\t\t\t\t<img decoding=\"async\" src=\"https:\/\/saint-georges-sur-loire-patrimoine.fr\/wp-content\/uploads\/2024\/07\/louis-charles-de-la-tremoille.jpg\" title=\"louis charles de la tremoille\" alt=\"Photographie de Louis Charles de la Tr\u00e9moille\" loading=\"lazy\" \/>\t\t\t\t\t\t\t\t\t\t\t\t\t\t\t<\/div>\n\t\t\t\t<\/div>\n\t\t\t\t<div class=\"elementor-element elementor-element-0d36d83 exad-sticky-section-no exad-glass-effect-no elementor-widget elementor-widget-text-editor\" data-id=\"0d36d83\" data-element_type=\"widget\" data-e-type=\"widget\" data-widget_type=\"text-editor.default\">\n\t\t\t\t<div class=\"elementor-widget-container\">\n\t\t\t\t\t\t\t\t\t<p>Louis Charles de la Tr\u00e9mo\u00eflle<\/p>\t\t\t\t\t\t\t\t<\/div>\n\t\t\t\t<\/div>\n\t\t\t\t<\/div>\n\t\t<div class=\"elementor-element elementor-element-9746db0 e-con-full e-flex wpr-particle-no wpr-jarallax-no wpr-parallax-no wpr-sticky-section-no wpr-equal-height-no e-con e-child\" data-id=\"9746db0\" data-element_type=\"container\" data-e-type=\"container\" data-settings=\"{&quot;_ha_eqh_enable&quot;:false}\">\n\t\t\t\t<div class=\"elementor-element elementor-element-f9785ec elementor-widget__width-initial exad-sticky-section-no exad-glass-effect-no elementor-widget elementor-widget-text-editor\" data-id=\"f9785ec\" data-element_type=\"widget\" data-e-type=\"widget\" data-widget_type=\"text-editor.default\">\n\t\t\t\t<div class=\"elementor-widget-container\">\n\t\t\t\t\t\t\t\t\t<p>Depuis son ach\u00e8vement au tout d\u00e9but du XVIIIe si\u00e8cle, <span style=\"text-decoration: underline;\"><a href=\"https:\/\/saint-georges-sur-loire-patrimoine.fr\/index.php\/2024\/05\/24\/le-chateau-de-serrant\/\">le ch\u00e2teau<\/a><\/span> a connu de nombreux travaux d\u2019entretien et d\u2019am\u00e9liorations.\u00a0<span style=\"text-decoration: underline;\"><a href=\"https:\/\/saint-georges-sur-loire-patrimoine.fr\/index.php\/2024\/07\/18\/louis-charles-de-la-tremoille\/\"> Louis-Charles de La Tr\u00e9mo\u00eflle<\/a><\/span> h\u00e9rite de Serrant en 1894 \u00e0 la mort de son cousin germain Ludovic Walsh, comte de Serrant.<\/p><p>\u00c0 partir de 1894, le duc et la duchesse de La Tr\u00e9mo\u00eflle, Marguerite Duch\u00e2tel, entreprennent donc de tr\u00e8s grands travaux pour transformer le ch\u00e2teau en demeure confortable et moderne. Ils font appel \u00e0 l\u2019architecte<span style=\"text-decoration: underline;\"><a href=\"https:\/\/saint-georges-sur-loire-patrimoine.fr\/index.php\/2024\/11\/22\/lucien-magne\/\"> Lucien Magne<\/a><\/span> pour coordonner les travaux ; Magne est connu pour ses restaurations d\u2019\u00e9difices, notamment l\u2019abbaye de Fontevraud, le logis Pinc\u00e9 ou l\u2019abbaye Saint Serge d\u2019Angers. Le duc souhaite rendre \u00e0 Serrant son faste Renaissance, tout en int\u00e9grant les derni\u00e8res avanc\u00e9es technologiques. Il est difficile de savoir qui de l\u2019architecte ou du duc a donn\u00e9 l\u2019impulsion historiciste des travaux, mais le choix de Magne indique sans aucun doute la volont\u00e9 de recr\u00e9er un ch\u00e2teau Renaissance id\u00e9al, en gommant les ajouts du XVIIe si\u00e8cle et en incluant des \u00e9l\u00e9ments d\u00e9coratifs qui n\u2019ont probablement jamais exist\u00e9 \u00e0 l\u2019origine.<\/p><p>Pendant quatre ans, le ch\u00e2teau n\u2019est qu\u2019un vaste chantier : toitures, fa\u00e7ades, pavillons, distribution des salles, d\u00e9coration, jardins\u00a0: tout est remani\u00e9.<\/p>\t\t\t\t\t\t\t\t<\/div>\n\t\t\t\t<\/div>\n\t\t\t\t<\/div>\n\t\t<div class=\"elementor-element elementor-element-14fafe4 e-con-full e-flex wpr-particle-no wpr-jarallax-no wpr-parallax-no wpr-sticky-section-no wpr-equal-height-no e-con e-child\" data-id=\"14fafe4\" data-element_type=\"container\" data-e-type=\"container\" data-settings=\"{&quot;_ha_eqh_enable&quot;:false}\">\n\t\t\t\t<div class=\"elementor-element elementor-element-5a1f09a elementor-widget__width-initial exad-sticky-section-no exad-glass-effect-no elementor-widget elementor-widget-image\" data-id=\"5a1f09a\" data-element_type=\"widget\" data-e-type=\"widget\" data-widget_type=\"image.default\">\n\t\t\t\t<div class=\"elementor-widget-container\">\n\t\t\t\t\t\t\t\t\t\t\t\t\t\t\t<img fetchpriority=\"high\" decoding=\"async\" width=\"350\" height=\"613\" src=\"https:\/\/saint-georges-sur-loire-patrimoine.fr\/wp-content\/uploads\/2024\/07\/Marguerite-Duchatel.png\" class=\"attachment-large size-large wp-image-7506\" alt=\"Photographie de MArguerite Duch\u00e2tel\" srcset=\"https:\/\/saint-georges-sur-loire-patrimoine.fr\/wp-content\/uploads\/2024\/07\/Marguerite-Duchatel.png 350w, https:\/\/saint-georges-sur-loire-patrimoine.fr\/wp-content\/uploads\/2024\/07\/Marguerite-Duchatel-171x300.png 171w\" sizes=\"(max-width: 350px) 100vw, 350px\" \/>\t\t\t\t\t\t\t\t\t\t\t\t\t\t\t<\/div>\n\t\t\t\t<\/div>\n\t\t\t\t<div class=\"elementor-element elementor-element-9672a96 exad-sticky-section-no exad-glass-effect-no elementor-widget elementor-widget-text-editor\" data-id=\"9672a96\" data-element_type=\"widget\" data-e-type=\"widget\" data-widget_type=\"text-editor.default\">\n\t\t\t\t<div class=\"elementor-widget-container\">\n\t\t\t\t\t\t\t\t\t<p>Marguerite Duch\u00e2tel<\/p>\t\t\t\t\t\t\t\t<\/div>\n\t\t\t\t<\/div>\n\t\t\t\t<\/div>\n\t\t\t\t\t<\/div>\n\t\t\t\t<\/div>\n\t\t<div class=\"elementor-element elementor-element-7bd0859 e-con-full e-flex wpr-particle-no wpr-jarallax-no wpr-parallax-no wpr-sticky-section-no wpr-equal-height-no e-con e-parent\" data-id=\"7bd0859\" data-element_type=\"container\" data-e-type=\"container\" data-settings=\"{&quot;_ha_eqh_enable&quot;:false}\">\n\t\t<div class=\"elementor-element elementor-element-3161393 e-con-full e-flex wpr-particle-no wpr-jarallax-no wpr-parallax-no wpr-sticky-section-no wpr-equal-height-no e-con e-child\" data-id=\"3161393\" data-element_type=\"container\" data-e-type=\"container\" data-settings=\"{&quot;_ha_eqh_enable&quot;:false}\">\n\t\t\t\t<div class=\"elementor-element elementor-element-787318d elementor-widget__width-initial exad-sticky-section-no exad-glass-effect-no elementor-widget elementor-widget-text-editor\" data-id=\"787318d\" data-element_type=\"widget\" data-e-type=\"widget\" data-widget_type=\"text-editor.default\">\n\t\t\t\t<div class=\"elementor-widget-container\">\n\t\t\t\t\t\t\t\t\t<p>Pour l\u2019ext\u00e9rieur, Magne reprend le parti pris des premiers b\u00e2tisseurs, la famille <span style=\"text-decoration: underline;\"><a href=\"https:\/\/saint-georges-sur-loire-patrimoine.fr\/index.php\/2024\/07\/16\/les-de-brie\/\">de Brie<\/a><\/span>, au XVIe si\u00e8cle : la balustrade supprim\u00e9e au XVIIe si\u00e8cle est r\u00e9tablie sur la corniche sup\u00e9rieure, et la toiture est abaiss\u00e9e afin de cr\u00e9er des lucarnes au deuxi\u00e8me \u00e9tage, comme cela pouvait l\u2019\u00eatre au XVIe si\u00e8cle sur la partie centrale. Les tours sont coiff\u00e9es de lanternons ajour\u00e9s et la base des d\u00f4mes en ardoises est remani\u00e9e pour leur donner une silhouette plus gracieuse. Les crois\u00e9es des fen\u00eatres, supprim\u00e9es par les <span style=\"text-decoration: underline;\"><a href=\"https:\/\/saint-georges-sur-loire-patrimoine.fr\/index.php\/2024\/04\/29\/guillaume-bautru\/\">Bautru<\/a><\/span> et les <span style=\"text-decoration: underline;\"><a href=\"https:\/\/saint-georges-sur-loire-patrimoine.fr\/index.php\/2024\/07\/17\/francois-jacques-walsh\/\">Walsh<\/a><\/span>, sont r\u00e9tablies, et la devise de la famille, \u00ab <em>Jamais hors de l\u2019orni\u00e8re<\/em> \u00bb, vient orner la fa\u00e7ade principale. Fid\u00e8le \u00e0 sa passion pour l\u2019histoire, le duc souhaite s\u2019inscrire dans une continuit\u00e9 qui l\u00e9gitime sa pr\u00e9sence \u00e0 Serrant : il ajoute ainsi les armoiries des Brie et des Bautru sur les fa\u00e7ades des ailes lat\u00e9rales, et conserve celles des Walsh sur le grand portail de la cour.<\/p><p>Pour aller avec les fa\u00e7ades Renaissance de son ch\u00e2teau, le duc demande \u00e0 son architecte d\u2019am\u00e9nager des jardins \u00e0 la fran\u00e7aises sous les fen\u00eatres, tout en conservant les pi\u00e8ces d\u2019eau pittoresques du <span style=\"text-decoration: underline;\"><a href=\"https:\/\/saint-georges-sur-loire-patrimoine.fr\/index.php\/2024\/11\/14\/parc-de-serrant\/\">parc paysager<\/a><\/span>. La fin du XIXe si\u00e8cle voit le retour d\u2019une mode de jardins r\u00e9guliers, sous l\u2019\u00e9gide de paysagistes comme Achille Duch\u00eane. Magne dessine donc un grand parterre \u00e0 la fran\u00e7aise devant la fa\u00e7ade arri\u00e8re, d\u00e9limit\u00e9 par une balustrade en pierre qui l\u2019isole du jardin paysager et de l\u2019\u00e9tang. Pour rejoindre ce jardin depuis le ch\u00e2teau, l\u2019architecte con\u00e7oit un monumental escalier enjambant les douves depuis le premier \u00e9tage. De grands parterres de broderies sont \u00e9galement pr\u00e9vus devant le ch\u00e2teau vers la route nationale mais jamais r\u00e9alis\u00e9s.<\/p>\t\t\t\t\t\t\t\t<\/div>\n\t\t\t\t<\/div>\n\t\t\t\t<\/div>\n\t\t<div class=\"elementor-element elementor-element-4e5b22b e-con-full e-flex wpr-particle-no wpr-jarallax-no wpr-parallax-no wpr-sticky-section-no wpr-equal-height-no e-con e-child\" data-id=\"4e5b22b\" data-element_type=\"container\" data-e-type=\"container\" data-settings=\"{&quot;_ha_eqh_enable&quot;:false}\">\n\t\t<div class=\"elementor-element elementor-element-643e2d4 e-flex e-con-boxed wpr-particle-no wpr-jarallax-no wpr-parallax-no wpr-sticky-section-no wpr-equal-height-no e-con e-child\" data-id=\"643e2d4\" data-element_type=\"container\" data-e-type=\"container\" data-settings=\"{&quot;_ha_eqh_enable&quot;:false}\">\n\t\t\t\t\t<div class=\"e-con-inner\">\n\t\t\t\t<div class=\"elementor-element elementor-element-e0c2ccb exad-sticky-section-no exad-glass-effect-no elementor-widget elementor-widget-image\" data-id=\"e0c2ccb\" data-element_type=\"widget\" data-e-type=\"widget\" data-widget_type=\"image.default\">\n\t\t\t\t<div class=\"elementor-widget-container\">\n\t\t\t\t\t\t\t\t\t\t\t\t\t\t\t<img decoding=\"async\" width=\"580\" height=\"332\" src=\"https:\/\/saint-georges-sur-loire-patrimoine.fr\/wp-content\/uploads\/2024\/11\/parc-de-serrant-debut-20eme.jpg\" class=\"attachment-large size-large wp-image-10369\" alt=\"parterre du ch\u00e2teau de serrant au d\u00e9but du 20\u00e8me si\u00e8cle\" srcset=\"https:\/\/saint-georges-sur-loire-patrimoine.fr\/wp-content\/uploads\/2024\/11\/parc-de-serrant-debut-20eme.jpg 615w, https:\/\/saint-georges-sur-loire-patrimoine.fr\/wp-content\/uploads\/2024\/11\/parc-de-serrant-debut-20eme-300x172.jpg 300w\" sizes=\"(max-width: 580px) 100vw, 580px\" \/>\t\t\t\t\t\t\t\t\t\t\t\t\t\t\t<\/div>\n\t\t\t\t<\/div>\n\t\t\t\t<div class=\"elementor-element elementor-element-70bc808 exad-sticky-section-no exad-glass-effect-no elementor-widget elementor-widget-text-editor\" data-id=\"70bc808\" data-element_type=\"widget\" data-e-type=\"widget\" data-widget_type=\"text-editor.default\">\n\t\t\t\t<div class=\"elementor-widget-container\">\n\t\t\t\t\t\t\t\t\t<p>Le parterre et la balustrade am\u00e9nag\u00e9 par Lucien Magne<\/p>\t\t\t\t\t\t\t\t<\/div>\n\t\t\t\t<\/div>\n\t\t\t\t\t<\/div>\n\t\t\t\t<\/div>\n\t\t\t\t<\/div>\n\t\t\t\t<\/div>\n\t\t<div class=\"elementor-element elementor-element-a1f37b5 e-flex e-con-boxed wpr-particle-no wpr-jarallax-no wpr-parallax-no wpr-sticky-section-no wpr-equal-height-no e-con e-parent\" data-id=\"a1f37b5\" data-element_type=\"container\" data-e-type=\"container\" data-settings=\"{&quot;_ha_eqh_enable&quot;:false}\">\n\t\t\t\t\t<div class=\"e-con-inner\">\n\t\t<div class=\"elementor-element elementor-element-cb0b51b e-con-full e-flex wpr-particle-no wpr-jarallax-no wpr-parallax-no wpr-sticky-section-no wpr-equal-height-no e-con e-child\" data-id=\"cb0b51b\" data-element_type=\"container\" data-e-type=\"container\" data-settings=\"{&quot;_ha_eqh_enable&quot;:false}\">\n\t\t\t\t<div class=\"elementor-element elementor-element-d904f97 elementor-widget__width-initial exad-sticky-section-no exad-glass-effect-no elementor-widget elementor-widget-text-editor\" data-id=\"d904f97\" data-element_type=\"widget\" data-e-type=\"widget\" data-widget_type=\"text-editor.default\">\n\t\t\t\t<div class=\"elementor-widget-container\">\n\t\t\t\t\t\t\t\t\t<p>\u00c0 l\u2019int\u00e9rieur, le duc fait r\u00e9tablir la distribution d\u2019origine : le premier \u00e9tage accueille les salles de r\u00e9ception (salon et biblioth\u00e8que), tandis que le rez-de-chauss\u00e9e accueille des chambres. N\u00e9anmoins, en v\u00e9ritable homme du XIXe si\u00e8cle, il ajoute des salles nouvelles : vestibule au rez-de-chauss\u00e9e \u00e0 gauche de l\u2019entr\u00e9e, salle \u00e0 manger spacieuse \u00e0 droite avec office et monte-plats depuis les cuisines au sous-sol, corridors permettant de distribuer les chambres en \u00e9vitant les enfilades de pi\u00e8ces, et cr\u00e9ation de salles de bains dans chaque chambre. Le deuxi\u00e8me \u00e9tage est enti\u00e8rement repens\u00e9 : des appartements compos\u00e9s de chambres jumelles et de leurs salles de bains respectives sont cr\u00e9\u00e9s pour accueillir des invit\u00e9s, le tout desservi par d\u2019immenses couloirs.<\/p><p>Les espaces domestiques re\u00e7oivent une attention particuli\u00e8re : des escaliers d\u00e9rob\u00e9s distribuent les \u00e9tages, des entresols sont cr\u00e9\u00e9s pour loger le personnel de chambre, les combles sont am\u00e9nag\u00e9s pour le reste des domestiques. Les sous-sols accueillent les espaces de travail : cuisines, boulangerie, boucherie, caves, etc\u2026 Comble de la modernit\u00e9, un monte-charge est install\u00e9, permettant aux domestiques de monter les bagages et le bois de chauffage dans les chambres.<\/p><p>Lucien Magne fait installer le chauffage central : deux \u00e9normes chaudi\u00e8res \u00e0 charbon sont mises en place dans les sous-sols et permettent de chauffer toutes les salles du ch\u00e2teau, y compris les couloirs des combles. L\u2019\u00e9lectricit\u00e9 est install\u00e9e dans les ann\u00e9es 1900 : un g\u00e9n\u00e9rateur Diesel alimente le ch\u00e2teau et les communs ; d\u00e8s lors, tout le syst\u00e8me d\u2019\u00e9clairage et d\u2019appel des domestiques est repens\u00e9 en int\u00e9grant cette nouvelle technologie. L\u2019eau courante est install\u00e9e pendant les grands travaux : gr\u00e2ce \u00e0 une pompe manuelle, l\u2019eau du puits situ\u00e9 dans les sous-sols est mont\u00e9e dans des cuves en fonte install\u00e9es sous les d\u00f4mes des tours. Suivant le principe des ch\u00e2teaux d\u2019eau, l\u2019eau s\u2019\u00e9coule ensuite par gravitation jusqu\u2019aux nombreuses salles de bains du ch\u00e2teau.<\/p>\t\t\t\t\t\t\t\t<\/div>\n\t\t\t\t<\/div>\n\t\t\t\t<\/div>\n\t\t<div class=\"elementor-element elementor-element-bd9660c e-con-full e-flex wpr-particle-no wpr-jarallax-no wpr-parallax-no wpr-sticky-section-no wpr-equal-height-no e-con e-child\" data-id=\"bd9660c\" data-element_type=\"container\" data-e-type=\"container\" data-settings=\"{&quot;_ha_eqh_enable&quot;:false}\">\n\t\t\t\t<div class=\"elementor-element elementor-element-a6748e0 exad-sticky-section-no exad-glass-effect-no elementor-widget elementor-widget-image\" data-id=\"a6748e0\" data-element_type=\"widget\" data-e-type=\"widget\" data-widget_type=\"image.default\">\n\t\t\t\t<div class=\"elementor-widget-container\">\n\t\t\t\t\t\t\t\t\t\t\t\t\t\t\t<img decoding=\"async\" width=\"580\" height=\"430\" src=\"https:\/\/saint-georges-sur-loire-patrimoine.fr\/wp-content\/uploads\/2024\/11\/escalier-exterieur-de-serrant.jpg\" class=\"attachment-large size-large wp-image-10370\" alt=\"l&#039;escalier ext\u00e9rieur au desssus des douves du ch\u00e2teau de serrant au d\u00e9but du 20\u00e8me si\u00e8cle\" srcset=\"https:\/\/saint-georges-sur-loire-patrimoine.fr\/wp-content\/uploads\/2024\/11\/escalier-exterieur-de-serrant.jpg 673w, https:\/\/saint-georges-sur-loire-patrimoine.fr\/wp-content\/uploads\/2024\/11\/escalier-exterieur-de-serrant-300x222.jpg 300w\" sizes=\"(max-width: 580px) 100vw, 580px\" \/>\t\t\t\t\t\t\t\t\t\t\t\t\t\t\t<\/div>\n\t\t\t\t<\/div>\n\t\t\t\t<div class=\"elementor-element elementor-element-8e703f6 exad-sticky-section-no exad-glass-effect-no elementor-widget elementor-widget-text-editor\" data-id=\"8e703f6\" data-element_type=\"widget\" data-e-type=\"widget\" data-widget_type=\"text-editor.default\">\n\t\t\t\t<div class=\"elementor-widget-container\">\n\t\t\t\t\t\t\t\t\t<p>Escalier ext\u00e9rieur au dessus de la douve construit par Lucien Magne (aujourd&rsquo;hui d\u00e9truit)<\/p>\t\t\t\t\t\t\t\t<\/div>\n\t\t\t\t<\/div>\n\t\t\t\t<\/div>\n\t\t\t\t\t<\/div>\n\t\t\t\t<\/div>\n\t\t<div class=\"elementor-element elementor-element-396d492 e-con-full e-flex wpr-particle-no wpr-jarallax-no wpr-parallax-no wpr-sticky-section-no wpr-equal-height-no e-con e-parent\" data-id=\"396d492\" data-element_type=\"container\" data-e-type=\"container\" data-settings=\"{&quot;_ha_eqh_enable&quot;:false}\">\n\t\t<div class=\"elementor-element elementor-element-8487792 e-con-full e-flex wpr-particle-no wpr-jarallax-no wpr-parallax-no wpr-sticky-section-no wpr-equal-height-no e-con e-child\" data-id=\"8487792\" data-element_type=\"container\" data-e-type=\"container\" data-settings=\"{&quot;_ha_eqh_enable&quot;:false}\">\n\t\t\t\t<div class=\"elementor-element elementor-element-77af9ec elementor-widget__width-initial exad-sticky-section-no exad-glass-effect-no elementor-widget elementor-widget-text-editor\" data-id=\"77af9ec\" data-element_type=\"widget\" data-e-type=\"widget\" data-widget_type=\"text-editor.default\">\n\t\t\t\t<div class=\"elementor-widget-container\">\n\t\t\t\t\t\t\t\t\t<p>Sur le plan d\u00e9coratif, le duc et la duchesse souhaitent conserver un maximum d\u2019\u00e9l\u00e9ments existants\u00a0mais afin de les adapter aux nouvelles salles cr\u00e9\u00e9es, un grand travail de r\u00e9emploi a \u00e9t\u00e9 men\u00e9es. Les boiseries d\u2019\u00e9poque Louis XV et Louis XVI des salons am\u00e9nag\u00e9s par les Walsh au XVIIIe si\u00e8cle sont ainsi d\u00e9mont\u00e9es et remont\u00e9es dans les nouvelles chambres. Pour la salle \u00e0 manger, le duc demande \u00e0 son menuisier de reprendre le mod\u00e8le de pilastres existant dans l\u2019escalier Renaissance. Les tapisseries d\u00e9j\u00e0 pr\u00e9sentes dans les collections sont conserv\u00e9es et int\u00e9gr\u00e9es dans les boiseries de la salle \u00e0 manger et du salon. La nouvelle biblioth\u00e8que conserve l\u2019immense chemin\u00e9e avec le portrait d\u2019Antoine Walsh et du prince d\u2019Ecosse am\u00e9nag\u00e9e au milieu du XVIIIe si\u00e8cle pour la grande salle de r\u00e9ception du ch\u00e2teau.<\/p><p>Seul le grand salon fait l\u2019objet d\u2019une cr\u00e9ation totale\u00a0dans un esprit n\u00e9o-Renaissance \u00e0 la mode\u00a0: Lucien Magne fait abattre un \u00e9pais mur du XVIe si\u00e8cle pour cr\u00e9er une grande salle de 170m\u00b2, une cinqui\u00e8me fen\u00eatre est perc\u00e9e c\u00f4t\u00e9 jardin. Un syst\u00e8me de poutres en acier permet de renforcer la structure du b\u00e2timent, habilement camoufl\u00e9 par un superbe plafond \u00e0 caissons de bois inspir\u00e9 des palais italiens du XVIe si\u00e8cle. Une immense chemin\u00e9e en tuffeau d\u2019inspiration Renaissance est construite, avec la statue \u00e9questre de Louis II de La Tr\u00e9mo\u00eflle, valeureux chevalier qui mena les arm\u00e9es royales pendant les guerres d\u2019Italie. La statue, inspir\u00e9e de celle du mausol\u00e9e de Louis de Br\u00e9z\u00e9 \u00e0 la cath\u00e9drale de Rouen, a \u00e9t\u00e9 retir\u00e9e quelques ann\u00e9es plus tard pour \u00eatre remplac\u00e9e par les armoiries de la famille.<\/p>\t\t\t\t\t\t\t\t<\/div>\n\t\t\t\t<\/div>\n\t\t\t\t<\/div>\n\t\t<div class=\"elementor-element elementor-element-669db0c e-con-full e-flex wpr-particle-no wpr-jarallax-no wpr-parallax-no wpr-sticky-section-no wpr-equal-height-no e-con e-child\" data-id=\"669db0c\" data-element_type=\"container\" data-e-type=\"container\" data-settings=\"{&quot;_ha_eqh_enable&quot;:false}\">\n\t\t\t\t<div class=\"elementor-element elementor-element-85c1f18 elementor-widget__width-initial elementor-widget-tablet__width-initial exad-sticky-section-no exad-glass-effect-no elementor-widget elementor-widget-image\" data-id=\"85c1f18\" data-element_type=\"widget\" data-e-type=\"widget\" data-widget_type=\"image.default\">\n\t\t\t\t<div class=\"elementor-widget-container\">\n\t\t\t\t\t\t\t\t\t\t\t\t\t\t\t<img loading=\"lazy\" decoding=\"async\" width=\"580\" height=\"418\" src=\"https:\/\/saint-georges-sur-loire-patrimoine.fr\/wp-content\/uploads\/2024\/11\/Travaux-de-restauration-de-Serrant-1024x738.jpg\" class=\"attachment-large size-large wp-image-10452\" alt=\"travaux au ch\u00e2teau de serrant \u00e0 la fin du 19\u00e8me si\u00e8cle\" srcset=\"https:\/\/saint-georges-sur-loire-patrimoine.fr\/wp-content\/uploads\/2024\/11\/Travaux-de-restauration-de-Serrant-1024x738.jpg 1024w, https:\/\/saint-georges-sur-loire-patrimoine.fr\/wp-content\/uploads\/2024\/11\/Travaux-de-restauration-de-Serrant-300x216.jpg 300w, https:\/\/saint-georges-sur-loire-patrimoine.fr\/wp-content\/uploads\/2024\/11\/Travaux-de-restauration-de-Serrant-768x554.jpg 768w, https:\/\/saint-georges-sur-loire-patrimoine.fr\/wp-content\/uploads\/2024\/11\/Travaux-de-restauration-de-Serrant-1536x1107.jpg 1536w, https:\/\/saint-georges-sur-loire-patrimoine.fr\/wp-content\/uploads\/2024\/11\/Travaux-de-restauration-de-Serrant-2048x1476.jpg 2048w, https:\/\/saint-georges-sur-loire-patrimoine.fr\/wp-content\/uploads\/2024\/11\/Travaux-de-restauration-de-Serrant-1200x865.jpg 1200w, https:\/\/saint-georges-sur-loire-patrimoine.fr\/wp-content\/uploads\/2024\/11\/Travaux-de-restauration-de-Serrant-1980x1427.jpg 1980w\" sizes=\"(max-width: 580px) 100vw, 580px\" \/>\t\t\t\t\t\t\t\t\t\t\t\t\t\t\t<\/div>\n\t\t\t\t<\/div>\n\t\t\t\t<div class=\"elementor-element elementor-element-00b029a exad-sticky-section-no exad-glass-effect-no elementor-widget elementor-widget-text-editor\" data-id=\"00b029a\" data-element_type=\"widget\" data-e-type=\"widget\" data-widget_type=\"text-editor.default\">\n\t\t\t\t<div class=\"elementor-widget-container\">\n\t\t\t\t\t\t\t\t\t<p>Les travaux dans la cour d&rsquo;honneur (Archive du ch\u00e2teau de Serrant)<\/p>\t\t\t\t\t\t\t\t<\/div>\n\t\t\t\t<\/div>\n\t\t\t\t<div class=\"elementor-element elementor-element-2fea321 elementor-widget__width-initial elementor-widget-tablet__width-initial exad-sticky-section-no exad-glass-effect-no elementor-widget elementor-widget-image\" data-id=\"2fea321\" data-element_type=\"widget\" data-e-type=\"widget\" data-widget_type=\"image.default\">\n\t\t\t\t<div class=\"elementor-widget-container\">\n\t\t\t\t\t\t\t\t\t\t\t\t\t\t\t<img loading=\"lazy\" decoding=\"async\" width=\"580\" height=\"396\" src=\"https:\/\/saint-georges-sur-loire-patrimoine.fr\/wp-content\/uploads\/2024\/11\/grand-salon-de-serrant-vers-1900-1024x700.jpg\" class=\"attachment-large size-large wp-image-10455\" alt=\"Grand Salon du ch\u00e2teau de Serrant vers 1900\" srcset=\"https:\/\/saint-georges-sur-loire-patrimoine.fr\/wp-content\/uploads\/2024\/11\/grand-salon-de-serrant-vers-1900-1024x700.jpg 1024w, https:\/\/saint-georges-sur-loire-patrimoine.fr\/wp-content\/uploads\/2024\/11\/grand-salon-de-serrant-vers-1900-300x205.jpg 300w, https:\/\/saint-georges-sur-loire-patrimoine.fr\/wp-content\/uploads\/2024\/11\/grand-salon-de-serrant-vers-1900-768x525.jpg 768w, https:\/\/saint-georges-sur-loire-patrimoine.fr\/wp-content\/uploads\/2024\/11\/grand-salon-de-serrant-vers-1900-1200x820.jpg 1200w, https:\/\/saint-georges-sur-loire-patrimoine.fr\/wp-content\/uploads\/2024\/11\/grand-salon-de-serrant-vers-1900.jpg 1329w\" sizes=\"(max-width: 580px) 100vw, 580px\" \/>\t\t\t\t\t\t\t\t\t\t\t\t\t\t\t<\/div>\n\t\t\t\t<\/div>\n\t\t\t\t<div class=\"elementor-element elementor-element-dc430f0 exad-sticky-section-no exad-glass-effect-no elementor-widget elementor-widget-text-editor\" data-id=\"dc430f0\" data-element_type=\"widget\" data-e-type=\"widget\" data-widget_type=\"text-editor.default\">\n\t\t\t\t<div class=\"elementor-widget-container\">\n\t\t\t\t\t\t\t\t\t<p>Le Grand Salon vers 1900 (archive du ch\u00e2teau)<\/p>\t\t\t\t\t\t\t\t<\/div>\n\t\t\t\t<\/div>\n\t\t\t\t<\/div>\n\t\t\t\t<\/div>\n\t\t<div class=\"elementor-element elementor-element-8fb9adc e-flex e-con-boxed wpr-particle-no wpr-jarallax-no wpr-parallax-no wpr-sticky-section-no wpr-equal-height-no e-con e-parent\" data-id=\"8fb9adc\" data-element_type=\"container\" data-e-type=\"container\" data-settings=\"{&quot;_ha_eqh_enable&quot;:false}\">\n\t\t\t\t\t<div class=\"e-con-inner\">\n\t\t<div class=\"elementor-element elementor-element-845d2ac e-con-full e-flex wpr-particle-no wpr-jarallax-no wpr-parallax-no wpr-sticky-section-no wpr-equal-height-no e-con e-child\" data-id=\"845d2ac\" data-element_type=\"container\" data-e-type=\"container\" data-settings=\"{&quot;_ha_eqh_enable&quot;:false}\">\n\t\t\t\t<div class=\"elementor-element elementor-element-2bda21e elementor-widget__width-initial exad-sticky-section-no exad-glass-effect-no elementor-widget elementor-widget-text-editor\" data-id=\"2bda21e\" data-element_type=\"widget\" data-e-type=\"widget\" data-widget_type=\"text-editor.default\">\n\t\t\t\t<div class=\"elementor-widget-container\">\n\t\t\t\t\t\t\t\t\t<p>Le duc et la duchesse se font am\u00e9nager de magnifiques appartements dans l\u2019aile Sud : pour chacun d\u2019eux, une chambre, un salon priv\u00e9 et une salle de bains sont cr\u00e9\u00e9s, reproduisant ainsi le mod\u00e8le des h\u00f4tels particuliers parisiens de l\u2019\u00e9poque. La duchesse souhaite r\u00e9employer d\u2019anciennes boiseries d\u2019\u00e9poque Louis XVI datant des Walsh et ajoute une pi\u00e8ce remarquable\u00a0: une rare tapisserie en laine et soie du XVIIIe si\u00e8cle \u00e0 motif asiatique.<\/p><p>Le couple ducal pr\u00e9voit \u00e9galement un appartement ind\u00e9pendant d\u00e9di\u00e9 \u00e0 leur fils ain\u00e9, prince de Tarente, et sa famille\u00a0au rez-de-chauss\u00e9e\u00a0: une chambre pour le prince avec une curieuse salle de bains dans un placard, une chambre pour son \u00e9pouse et surtout une suite de pi\u00e8ces pour leurs enfants\u00a0: chambre, salon de jeux et chambre de gouvernante.<\/p><p>A l\u2019issue des quatre ann\u00e9es de travaux, le duc et la duchesse peuvent s\u2019installer \u00e0 Serrant avec leur famille. Ils viennent p\u00e9riodiquement au ch\u00e2teau, principalement \u00e0 l\u2019automne et au printemps, mais entretiennent un fort attachement \u00e0 toutes les personnes qui travaillent de pr\u00e8s ou de loin sur le domaine\u00a0: r\u00e9gisseur, m\u00e9tayers, jardiniers, etc\u2026 Lorsqu\u2019elle n\u2019est pas \u00e0 Serrant, la duchesse se fait envoyer par le train des caisses de fleurs et l\u00e9gumes frais du potager de son ch\u00e2teau angevin.<\/p><p>Aujourd\u2019hui, le fruit de ces grands travaux est \u00e0 admirer lors d\u2019une visite du ch\u00e2teau\u00a0: l\u2019am\u00e9nagement g\u00e9n\u00e9ral des int\u00e9rieurs, le d\u00e9cor des salles, le mobilier et les \u0153uvres d\u2019arts plac\u00e9s par la duchesse de La Tr\u00e9mo\u00eflle n\u2019ont quasiment pas boug\u00e9 depuis 120 ans, pr\u00e9cieusement entretenus par les descendants, le prince et la princesse de Ligne puis aujourd\u2019hui le prince et la princesse de Merode. Comme une reconnaissance du travail men\u00e9s par les g\u00e9n\u00e9rations successives, l\u2019ensemble du mobilier est class\u00e9 Monument Historique en 2001, illustrant la raret\u00e9 de cette collection unique dans la r\u00e9gion.<\/p><p>Source :<\/p><p>La restauration du ch\u00e2teau de Serrant entre 1894 et 1898 par le duc et la duchesse de La Tr\u00e9mo\u00eflle de Geoffrey Chevalier<\/p>\t\t\t\t\t\t\t\t<\/div>\n\t\t\t\t<\/div>\n\t\t\t\t<\/div>\n\t\t<div class=\"elementor-element elementor-element-46475f7 e-con-full e-flex wpr-particle-no wpr-jarallax-no wpr-parallax-no wpr-sticky-section-no wpr-equal-height-no e-con e-child\" data-id=\"46475f7\" data-element_type=\"container\" data-e-type=\"container\" data-settings=\"{&quot;_ha_eqh_enable&quot;:false}\">\n\t\t\t\t<div class=\"elementor-element elementor-element-b1a4e78 elementor-widget__width-initial elementor-widget-tablet__width-initial exad-sticky-section-no exad-glass-effect-no elementor-widget elementor-widget-image\" data-id=\"b1a4e78\" data-element_type=\"widget\" data-e-type=\"widget\" data-widget_type=\"image.default\">\n\t\t\t\t<div class=\"elementor-widget-container\">\n\t\t\t\t\t\t\t\t\t\t\t\t\t\t\t<img loading=\"lazy\" decoding=\"async\" width=\"580\" height=\"339\" src=\"https:\/\/saint-georges-sur-loire-patrimoine.fr\/wp-content\/uploads\/2024\/11\/projet-de-magne-pour-avant-cour.jpg\" class=\"attachment-large size-large wp-image-10371\" alt=\"Dessin du projet d&#039;am\u00e9nagement de l&#039;avant cour du chateau de serrant par lucien magne en 1901\" srcset=\"https:\/\/saint-georges-sur-loire-patrimoine.fr\/wp-content\/uploads\/2024\/11\/projet-de-magne-pour-avant-cour.jpg 630w, https:\/\/saint-georges-sur-loire-patrimoine.fr\/wp-content\/uploads\/2024\/11\/projet-de-magne-pour-avant-cour-300x175.jpg 300w\" sizes=\"(max-width: 580px) 100vw, 580px\" \/>\t\t\t\t\t\t\t\t\t\t\t\t\t\t\t<\/div>\n\t\t\t\t<\/div>\n\t\t\t\t<div class=\"elementor-element elementor-element-f2de041 exad-sticky-section-no exad-glass-effect-no elementor-widget elementor-widget-text-editor\" data-id=\"f2de041\" data-element_type=\"widget\" data-e-type=\"widget\" data-widget_type=\"text-editor.default\">\n\t\t\t\t<div class=\"elementor-widget-container\">\n\t\t\t\t\t\t\t\t\t<p>Projet d&rsquo;am\u00e9nagement de l&rsquo;avant cour par Lucien Magne en 1901<\/p>\t\t\t\t\t\t\t\t<\/div>\n\t\t\t\t<\/div>\n\t\t\t\t<div class=\"elementor-element elementor-element-d2cda4e elementor-widget__width-initial exad-sticky-section-no exad-glass-effect-no elementor-widget elementor-widget-image\" data-id=\"d2cda4e\" data-element_type=\"widget\" data-e-type=\"widget\" data-widget_type=\"image.default\">\n\t\t\t\t<div class=\"elementor-widget-container\">\n\t\t\t\t\t\t\t\t\t\t\t\t\t\t\t<img loading=\"lazy\" decoding=\"async\" width=\"580\" height=\"359\" src=\"https:\/\/saint-georges-sur-loire-patrimoine.fr\/wp-content\/uploads\/2024\/11\/CP-Serrant-facade-sur-parc-1024x634.jpg\" class=\"attachment-large size-large wp-image-10456\" alt=\"carte postale\" srcset=\"https:\/\/saint-georges-sur-loire-patrimoine.fr\/wp-content\/uploads\/2024\/11\/CP-Serrant-facade-sur-parc-1024x634.jpg 1024w, https:\/\/saint-georges-sur-loire-patrimoine.fr\/wp-content\/uploads\/2024\/11\/CP-Serrant-facade-sur-parc-300x186.jpg 300w, https:\/\/saint-georges-sur-loire-patrimoine.fr\/wp-content\/uploads\/2024\/11\/CP-Serrant-facade-sur-parc-768x475.jpg 768w, https:\/\/saint-georges-sur-loire-patrimoine.fr\/wp-content\/uploads\/2024\/11\/CP-Serrant-facade-sur-parc-1536x951.jpg 1536w, https:\/\/saint-georges-sur-loire-patrimoine.fr\/wp-content\/uploads\/2024\/11\/CP-Serrant-facade-sur-parc-1200x743.jpg 1200w, https:\/\/saint-georges-sur-loire-patrimoine.fr\/wp-content\/uploads\/2024\/11\/CP-Serrant-facade-sur-parc.jpg 1659w\" sizes=\"(max-width: 580px) 100vw, 580px\" \/>\t\t\t\t\t\t\t\t\t\t\t\t\t\t\t<\/div>\n\t\t\t\t<\/div>\n\t\t\t\t<div class=\"elementor-element elementor-element-d80d493 exad-sticky-section-no exad-glass-effect-no elementor-widget elementor-widget-text-editor\" data-id=\"d80d493\" data-element_type=\"widget\" data-e-type=\"widget\" data-widget_type=\"text-editor.default\">\n\t\t\t\t<div class=\"elementor-widget-container\">\n\t\t\t\t\t\t\t\t\t<p>L&rsquo;avant cour au d\u00e9but du XX\u00e8me si\u00e8cle<\/p>\t\t\t\t\t\t\t\t<\/div>\n\t\t\t\t<\/div>\n\t\t\t\t<\/div>\n\t\t\t\t\t<\/div>\n\t\t\t\t<\/div>\n\t\t<div class=\"elementor-element elementor-element-5f0ffd2 e-flex e-con-boxed wpr-particle-no wpr-jarallax-no wpr-parallax-no wpr-sticky-section-no wpr-equal-height-no e-con e-parent\" data-id=\"5f0ffd2\" data-element_type=\"container\" data-e-type=\"container\" data-settings=\"{&quot;_ha_eqh_enable&quot;:false}\">\n\t\t\t\t\t<div class=\"e-con-inner\">\n\t\t\t\t<div class=\"elementor-element elementor-element-50618b5 elementor-widget__width-inherit exad-sticky-section-no exad-glass-effect-no elementor-widget elementor-widget-spacer\" data-id=\"50618b5\" data-element_type=\"widget\" data-e-type=\"widget\" data-widget_type=\"spacer.default\">\n\t\t\t\t<div class=\"elementor-widget-container\">\n\t\t\t\t\t\t\t<div class=\"elementor-spacer\">\n\t\t\t<div class=\"elementor-spacer-inner\"><\/div>\n\t\t<\/div>\n\t\t\t\t\t\t<\/div>\n\t\t\t\t<\/div>\n\t\t\t\t\t<\/div>\n\t\t\t\t<\/div>\n\t\t\t\t<\/div>\n\t\t","protected":false},"excerpt":{"rendered":"<p>La restauration du ch\u00e2teau de Serrant \u00e0 la fin du XIX\u00e8me 1894-1898 Louis Charles de la Tr\u00e9mo\u00eflle Depuis son ach\u00e8vement au tout d\u00e9but du XVIIIe si\u00e8cle, le ch\u00e2teau a connu de nombreux travaux d\u2019entretien et d\u2019am\u00e9liorations.\u00a0 Louis-Charles de La Tr\u00e9mo\u00eflle h\u00e9rite de Serrant en 1894 \u00e0 la mort de son cousin germain Ludovic Walsh, comte de Serrant. \u00c0 partir de 1894, le duc et la duchesse de La Tr\u00e9mo\u00eflle, Marguerite Duch\u00e2tel, entreprennent donc de tr\u00e8s grands travaux pour transformer le ch\u00e2teau en demeure confortable et moderne. Ils font appel \u00e0 l\u2019architecte Lucien Magne pour coordonner les travaux ; Magne est connu pour ses restaurations d\u2019\u00e9difices, notamment l\u2019abbaye de Fontevraud, le logis Pinc\u00e9 ou l\u2019abbaye Saint Serge d\u2019Angers. Le duc souhaite rendre \u00e0 Serrant son faste Renaissance, tout en int\u00e9grant les derni\u00e8res avanc\u00e9es technologiques. Il est difficile de savoir qui de l\u2019architecte ou du duc a donn\u00e9 l\u2019impulsion historiciste des travaux, mais le choix de Magne indique sans aucun doute la volont\u00e9 de recr\u00e9er un ch\u00e2teau Renaissance id\u00e9al, en gommant les ajouts du XVIIe si\u00e8cle et en incluant des \u00e9l\u00e9ments d\u00e9coratifs qui n\u2019ont probablement jamais exist\u00e9 \u00e0 l\u2019origine. Pendant quatre ans, le ch\u00e2teau n\u2019est qu\u2019un vaste chantier : toitures, fa\u00e7ades, pavillons, distribution des salles, d\u00e9coration, jardins\u00a0: tout est remani\u00e9. Marguerite Duch\u00e2tel Pour l\u2019ext\u00e9rieur, Magne reprend le parti pris des premiers b\u00e2tisseurs, la famille de Brie, au XVIe si\u00e8cle : la balustrade supprim\u00e9e au XVIIe si\u00e8cle est r\u00e9tablie sur la corniche sup\u00e9rieure, et la toiture est abaiss\u00e9e afin de cr\u00e9er des lucarnes au deuxi\u00e8me \u00e9tage, comme cela pouvait l\u2019\u00eatre au XVIe si\u00e8cle sur la partie centrale. Les tours sont coiff\u00e9es de lanternons ajour\u00e9s et la base des d\u00f4mes en ardoises est remani\u00e9e pour leur donner une silhouette plus gracieuse. Les crois\u00e9es des fen\u00eatres, supprim\u00e9es par les Bautru et les Walsh, sont r\u00e9tablies, et la devise de la famille, \u00ab Jamais hors de l\u2019orni\u00e8re \u00bb, vient orner la fa\u00e7ade principale. Fid\u00e8le \u00e0 sa passion pour l\u2019histoire, le duc souhaite s\u2019inscrire dans une continuit\u00e9 qui l\u00e9gitime sa pr\u00e9sence \u00e0 Serrant : il ajoute ainsi les armoiries des Brie et des Bautru sur les fa\u00e7ades des ailes lat\u00e9rales, et conserve celles des Walsh sur le grand portail de la cour. Pour aller avec les fa\u00e7ades Renaissance de son ch\u00e2teau, le duc demande \u00e0 son architecte d\u2019am\u00e9nager des jardins \u00e0 la fran\u00e7aises sous les fen\u00eatres, tout en conservant les pi\u00e8ces d\u2019eau pittoresques du parc paysager. La fin du XIXe si\u00e8cle voit le retour d\u2019une mode de jardins r\u00e9guliers, sous l\u2019\u00e9gide de paysagistes comme Achille Duch\u00eane. Magne dessine donc un grand parterre \u00e0 la fran\u00e7aise devant la fa\u00e7ade arri\u00e8re, d\u00e9limit\u00e9 par une balustrade en pierre qui l\u2019isole du jardin paysager et de l\u2019\u00e9tang. Pour rejoindre ce jardin depuis le ch\u00e2teau, l\u2019architecte con\u00e7oit un monumental escalier enjambant les douves depuis le premier \u00e9tage. De grands parterres de broderies sont \u00e9galement pr\u00e9vus devant le ch\u00e2teau vers la route nationale mais jamais r\u00e9alis\u00e9s. Le parterre et la balustrade am\u00e9nag\u00e9 par Lucien Magne \u00c0 l\u2019int\u00e9rieur, le duc fait r\u00e9tablir la distribution d\u2019origine : le premier \u00e9tage accueille les salles de r\u00e9ception (salon et biblioth\u00e8que), tandis que le rez-de-chauss\u00e9e accueille des chambres. N\u00e9anmoins, en v\u00e9ritable homme du XIXe si\u00e8cle, il ajoute des salles nouvelles : vestibule au rez-de-chauss\u00e9e \u00e0 gauche de l\u2019entr\u00e9e, salle \u00e0 manger spacieuse \u00e0 droite avec office et monte-plats depuis les cuisines au sous-sol, corridors permettant de distribuer les chambres en \u00e9vitant les enfilades de pi\u00e8ces, et cr\u00e9ation de salles de bains dans chaque chambre. Le deuxi\u00e8me \u00e9tage est enti\u00e8rement repens\u00e9 : des appartements compos\u00e9s de chambres jumelles et de leurs salles de bains respectives sont cr\u00e9\u00e9s pour accueillir des invit\u00e9s, le tout desservi par d\u2019immenses couloirs. Les espaces domestiques re\u00e7oivent une attention particuli\u00e8re : des escaliers d\u00e9rob\u00e9s distribuent les \u00e9tages, des entresols sont cr\u00e9\u00e9s pour loger le personnel de chambre, les combles sont am\u00e9nag\u00e9s pour le reste des domestiques. Les sous-sols accueillent les espaces de travail : cuisines, boulangerie, boucherie, caves, etc\u2026 Comble de la modernit\u00e9, un monte-charge est install\u00e9, permettant aux domestiques de monter les bagages et le bois de chauffage dans les chambres. Lucien Magne fait installer le chauffage central : deux \u00e9normes chaudi\u00e8res \u00e0 charbon sont mises en place dans les sous-sols et permettent de chauffer toutes les salles du ch\u00e2teau, y compris les couloirs des combles. L\u2019\u00e9lectricit\u00e9 est install\u00e9e dans les ann\u00e9es 1900 : un g\u00e9n\u00e9rateur Diesel alimente le ch\u00e2teau et les communs ; d\u00e8s lors, tout le syst\u00e8me d\u2019\u00e9clairage et d\u2019appel des domestiques est repens\u00e9 en int\u00e9grant cette nouvelle technologie. L\u2019eau courante est install\u00e9e pendant les grands travaux : gr\u00e2ce \u00e0 une pompe manuelle, l\u2019eau du puits situ\u00e9 dans les sous-sols est mont\u00e9e dans des cuves en fonte install\u00e9es sous les d\u00f4mes des tours. Suivant le principe des ch\u00e2teaux d\u2019eau, l\u2019eau s\u2019\u00e9coule ensuite par gravitation jusqu\u2019aux nombreuses salles de bains du ch\u00e2teau. Escalier ext\u00e9rieur au dessus de la douve construit par Lucien Magne (aujourd&rsquo;hui d\u00e9truit) Sur le plan d\u00e9coratif, le duc et la duchesse souhaitent conserver un maximum d\u2019\u00e9l\u00e9ments existants\u00a0mais afin de les adapter aux nouvelles salles cr\u00e9\u00e9es, un grand travail de r\u00e9emploi a \u00e9t\u00e9 men\u00e9es. Les boiseries d\u2019\u00e9poque Louis XV et Louis XVI des salons am\u00e9nag\u00e9s par les Walsh au XVIIIe si\u00e8cle sont ainsi d\u00e9mont\u00e9es et remont\u00e9es dans les nouvelles chambres. Pour la salle \u00e0 manger, le duc demande \u00e0 son menuisier de reprendre le mod\u00e8le de pilastres existant dans l\u2019escalier Renaissance. Les tapisseries d\u00e9j\u00e0 pr\u00e9sentes dans les collections sont conserv\u00e9es et int\u00e9gr\u00e9es dans les boiseries de la salle \u00e0 manger et du salon. La nouvelle biblioth\u00e8que conserve l\u2019immense chemin\u00e9e avec le portrait d\u2019Antoine Walsh et du prince d\u2019Ecosse am\u00e9nag\u00e9e au milieu du XVIIIe si\u00e8cle pour la grande salle de r\u00e9ception du ch\u00e2teau. Seul le grand salon fait l\u2019objet d\u2019une cr\u00e9ation totale\u00a0dans un esprit n\u00e9o-Renaissance \u00e0 la mode\u00a0: Lucien Magne fait abattre un \u00e9pais mur du XVIe si\u00e8cle pour cr\u00e9er une grande salle de 170m\u00b2, une cinqui\u00e8me fen\u00eatre est perc\u00e9e c\u00f4t\u00e9 jardin. Un syst\u00e8me de poutres en acier permet de renforcer la structure du b\u00e2timent, habilement camoufl\u00e9 par un superbe plafond<\/p>\n","protected":false},"author":1,"featured_media":0,"comment_status":"open","ping_status":"open","sticky":false,"template":"elementor_canvas","format":"standard","meta":{"_seopress_robots_primary_cat":"","_seopress_titles_title":"Restauration de Serrant au XIX\u00e8me - Saint Georges Patrimoine","_seopress_titles_desc":"Louis Charles de La Tr\u00e9mo\u00eflle entreprend de grands travaux de r\u00e9novation du ch\u00e2teau de Serrant de 1894 \u00e0 1898 sous la conduite de Lucien Magne.","_seopress_robots_index":"","_monsterinsights_skip_tracking":false,"_monsterinsights_sitenote_active":false,"_monsterinsights_sitenote_note":"","_monsterinsights_sitenote_category":0,"postBodyCss":"","postBodyMargin":[],"postBodyPadding":[],"postBodyBackground":{"backgroundType":"classic","gradient":""},"footnotes":""},"categories":[10],"tags":[],"class_list":["post-10448","post","type-post","status-publish","format-standard","hentry","category-article"],"_links":{"self":[{"href":"https:\/\/saint-georges-sur-loire-patrimoine.fr\/index.php\/wp-json\/wp\/v2\/posts\/10448","targetHints":{"allow":["GET"]}}],"collection":[{"href":"https:\/\/saint-georges-sur-loire-patrimoine.fr\/index.php\/wp-json\/wp\/v2\/posts"}],"about":[{"href":"https:\/\/saint-georges-sur-loire-patrimoine.fr\/index.php\/wp-json\/wp\/v2\/types\/post"}],"author":[{"embeddable":true,"href":"https:\/\/saint-georges-sur-loire-patrimoine.fr\/index.php\/wp-json\/wp\/v2\/users\/1"}],"replies":[{"embeddable":true,"href":"https:\/\/saint-georges-sur-loire-patrimoine.fr\/index.php\/wp-json\/wp\/v2\/comments?post=10448"}],"version-history":[{"count":23,"href":"https:\/\/saint-georges-sur-loire-patrimoine.fr\/index.php\/wp-json\/wp\/v2\/posts\/10448\/revisions"}],"predecessor-version":[{"id":10529,"href":"https:\/\/saint-georges-sur-loire-patrimoine.fr\/index.php\/wp-json\/wp\/v2\/posts\/10448\/revisions\/10529"}],"wp:attachment":[{"href":"https:\/\/saint-georges-sur-loire-patrimoine.fr\/index.php\/wp-json\/wp\/v2\/media?parent=10448"}],"wp:term":[{"taxonomy":"category","embeddable":true,"href":"https:\/\/saint-georges-sur-loire-patrimoine.fr\/index.php\/wp-json\/wp\/v2\/categories?post=10448"},{"taxonomy":"post_tag","embeddable":true,"href":"https:\/\/saint-georges-sur-loire-patrimoine.fr\/index.php\/wp-json\/wp\/v2\/tags?post=10448"}],"curies":[{"name":"wp","href":"https:\/\/api.w.org\/{rel}","templated":true}]}}